{"id":2112114,"date":"2026-08-26T09:21:39","date_gmt":"2026-08-26T06:21:39","guid":{"rendered":"https:\/\/analyse.optim.biz\/?p=2112114"},"modified":"2026-08-26T09:21:39","modified_gmt":"2026-08-26T06:21:39","slug":"bolojandespre-evaluarea-legii-ani-de-catre-cedaca-lucrurile-nu-sunt-in-regulaputem-face-corectii","status":"publish","type":"post","link":"https:\/\/analyse.optim.biz\/?p=2112114","title":{"rendered":"Bolojan,despre evaluarea legii ANI de c\u0103tre CE:Dac\u0103 lucrurile nu sunt \u00een regul\u0103,putem face corec\u021bii"},"content":{"rendered":"<p>[analyse_image type=&#8221;featured&#8221; src=&#8221;https:\/\/ziardesuceava.ro\/wp-content\/uploads\/2026\/05\/logo-espress.svg.svg+xml&#8221;]<\/p>\n<div class=\"post-content clearfix\">\n<div class=\"blog-post-thumb\"><img loading=\"lazy\" decoding=\"async\" width=\"1\" height=\"1\" src=\"https:\/\/ziardesuceava.ro\/wp-content\/uploads\/2026\/05\/logo-espress.svg.svg+xml\" class=\"attachment-inhype-blog-thumb size-inhype-blog-thumb wp-post-image\" alt><\/div>\n<div class=\"entry-content\">\n<div>\n<p class=\"fara-orfani lead\">Bolojan, despre verificarea legii ANI de c\u0103tre Comisia European\u0103: Dac\u0103 lucrurile nu sunt \u00een regul\u0103, mai putem face ni\u0219te corec\u021bii<\/p>\n<p>Cite\u0219te mai mult la: <\/p>\n<div class=\"continut-articol\">\n<p>Premierul interimar Ilie Bolojan a spus mar\u021bi seara c\u0103 verificarea Legii ANI de c\u0103tre Comisia European\u0103 c\u0103 este un demers prin care doar \u201ese verific\u0103 legisla\u021bia care se adopt\u0103 \u00een Rom\u00e2nia\u201d, \u0219i nu unul prin care \u201es\u0103 ni se taie banii\u201d.<\/p>\n<p>\u201cConsider c\u0103 a vota acest proiect, chiar cu aceast\u0103 prevedere anormal\u0103 care retroactiveaz\u0103 practic, \u00eentrerup\u00e2nd un mandat, dac\u0103 a\u0219a va fi, de\u0219i prevederile anterioare spuneau c\u0103 aceast\u0103 sanc\u021biune se aplic\u0103 de la finalizarea mandatului, cred c\u0103 trebuie votat acest proiect de lege, \u00een a\u0219a fel \u00eenc\u00e2t Rom\u00e2nia s\u0103 bifeze \u0219i acest jalon\u201d, a declarat Bolojan la Digi24.<\/p>\n<\/div>\n<\/div>\n<\/div>\n<div class=\"inhype-social-share-fixed sidebar-position-right\">\n<div class=\"post-social-wrapper\">\n<div class=\"post-social-title\"><span class=\"post-social-title-text\">Share<\/span><\/div>\n<\/div>\n<\/div>\n<\/div>\n<p>[analyse_source url=&#8221;https:\/\/ziardesuceava.ro\/bolojandespre-evaluarea-legii-ani-de-catre-cedaca-lucrurile-nu-sunt-in-regulaputem-face-corectii\/&#8221;]<\/p>\n","protected":false},"excerpt":{"rendered":"<p>[analyse_image type=&#8221;featured&#8221; src=&#8221;https:\/\/ziardesuceava.ro\/wp-content\/uploads\/2026\/05\/logo-espress.svg.svg+xml&#8221;] Bolojan, despre verificarea legii ANI de c\u0103tre Comisia European\u0103: Dac\u0103 lucrurile nu sunt \u00een regul\u0103, mai putem face ni\u0219te corec\u021bii Cite\u0219te mai mult la: Premierul interimar Ilie Bolojan a spus mar\u021bi seara c\u0103 verificarea Legii ANI de c\u0103tre Comisia European\u0103 c\u0103 este un demers prin care doar \u201ese verific\u0103 legisla\u021bia care se [&hellip;]<\/p>\n","protected":false},"author":1,"featured_media":0,"comment_status":"open","ping_status":"","sticky":false,"template":"","format":"standard","meta":{"footnotes":""},"categories":[89],"tags":[226,171],"class_list":["post-2112114","post","type-post","status-publish","format-standard","hentry","category-romania","tag-crawlmanager","tag-ziardesuceava-ro"],"_links":{"self":[{"href":"https:\/\/analyse.optim.biz\/index.php?rest_route=\/wp\/v2\/posts\/2112114","targetHints":{"allow":["GET"]}}],"collection":[{"href":"https:\/\/analyse.optim.biz\/index.php?rest_route=\/wp\/v2\/posts"}],"about":[{"href":"https:\/\/analyse.optim.biz\/index.php?rest_route=\/wp\/v2\/types\/post"}],"author":[{"embeddable":true,"href":"https:\/\/analyse.optim.biz\/index.php?rest_route=\/wp\/v2\/users\/1"}],"replies":[{"embeddable":true,"href":"https:\/\/analyse.optim.biz\/index.php?rest_route=%2Fwp%2Fv2%2Fcomments&post=2112114"}],"version-history":[{"count":0,"href":"https:\/\/analyse.optim.biz\/index.php?rest_route=\/wp\/v2\/posts\/2112114\/revisions"}],"wp:attachment":[{"href":"https:\/\/analyse.optim.biz\/index.php?rest_route=%2Fwp%2Fv2%2Fmedia&parent=2112114"}],"wp:term":[{"taxonomy":"category","embeddable":true,"href":"https:\/\/analyse.optim.biz\/index.php?rest_route=%2Fwp%2Fv2%2Fcategories&post=2112114"},{"taxonomy":"post_tag","embeddable":true,"href":"https:\/\/analyse.optim.biz\/index.php?rest_route=%2Fwp%2Fv2%2Ftags&post=2112114"}],"curies":[{"name":"wp","href":"https:\/\/api.w.org\/{rel}","templated":true}]}}