{"id":2112109,"date":"2026-08-26T08:12:44","date_gmt":"2026-08-26T05:12:44","guid":{"rendered":"https:\/\/analyse.optim.biz\/?p=2112109"},"modified":"2026-08-26T08:12:44","modified_gmt":"2026-08-26T05:12:44","slug":"alerte-de-averse-torentiale-descarcari-electrice-si-vijelii","status":"publish","type":"post","link":"https:\/\/analyse.optim.biz\/?p=2112109","title":{"rendered":"Alerte de averse toren\u021biale, desc\u0103rc\u0103ri electrice \u0219i vijelii"},"content":{"rendered":"<p>[analyse_image type=&#8221;featured&#8221; src=&#8221;https:\/\/ziardesuceava.ro\/wp-content\/uploads\/2026\/02\/ploi_1.jpg&#8221;]<\/p>\n<div class=\"post-content clearfix\">\n<div class=\"blog-post-thumb\"><img loading=\"lazy\" decoding=\"async\" width=\"600\" height=\"387\" src=\"https:\/\/ziardesuceava.ro\/wp-content\/uploads\/2026\/02\/ploi_1.jpg\" class=\"attachment-inhype-blog-thumb size-inhype-blog-thumb wp-post-image\" alt><\/div>\n<div class=\"entry-content\">\n<p class=\"first-paragraph\">Meteorologii aten\u0163ioneaz\u0103 c\u0103 miercuri se vor \u00eenregistra ploi toren\u0163iale \u00eensemnate cantitativ, vijelii \u015fi grindin\u0103 \u00een cea mai mare parte a zonei montane, estul \u015fi sud-estul Transilvaniei, iar joi instabilitatea se extinde \u00een nordul Munteniei, sud-vestul Moldovei \u015fi local \u00een Carpa\u0163ii Meridionali \u015fi Orientali. Rafalele de v\u00e2nt pot atinge 70 de km\/h, iar cantit\u0103\u0163ile de ap\u0103 acumulate pot fi, pe arii restr\u00e2nse, de peste 40 l\/mp. La Bucure\u015fti, temperaturile vor sc\u0103dea, astfel c\u0103 maximele vor fi de 28-30 de grade, iar cerul va fi temporar \u00eennorat, cu ploi \u00een avers\u0103, mai ales diminea\u0163a \u015fi seara.<\/p>\n<p>Administra\u0163ia Na\u0163ional\u0103 de Meteorologie (ANM) anun\u0163\u0103 c\u0103 miercuri, p\u00e2n\u0103 la ora 23.00, \u00een cea mai mare parte a zonei montane, precum \u015fi \u00een estul \u015fi sud-estul Transilvaniei, vor fi perioade cu instabilitate atmosferic\u0103, ce se va manifesta prin averse toren\u0163iale \u00eensemnate cantitativ, desc\u0103rc\u0103ri electrice, intensific\u0103ri ale v\u00e2ntului, izolat vijelii (rafale de 50\u202670 km\/h) \u015fi grindin\u0103 de mici \u015fi posibil medii dimensiuni (1\u20263 cm). \u00cen intervale scurte de timp (1\u20263 ore) \u015fi prin acumulare cantit\u0103\u0163ile de ap\u0103 vor fi de 15\u202620 l\/mp \u015fi pe arii restr\u00e2nse de peste 30\u202640 l\/mp.<\/p>\n<p><img decoding=\"async\" src=\"https:\/\/i0.1616.ro\/media\/2\/2701\/33586\/22661664\/3\/screenshot-from-2026-08-26-10-20-09.png?height=813&amp;width=1274\" alt><\/p>\n<p>\u015ei pe parcursul zilei de joi \u00een estul \u015fi sud-estul Transilvaniei, nordul Munteniei, sud-vestul Moldovei \u015fi local \u00een Carpa\u0163ii Meridionali \u015fi Orientali vor fi perioade cu instabilitate atmosferic\u0103, ce se va manifesta prin averse toren\u0163iale \u00eensemnate cantitativ, desc\u0103rc\u0103ri electrice, intensific\u0103ri de scurt\u0103 durat\u0103 ale v\u00e2ntului, izolat vijelii cu rafale de 50\u202670 km\/h \u015fi grindin\u0103 de mici dimensiuni. \u00cen intervale scurte de timp \u015fi prin acumulare cantit\u0103\u0163ile de ap\u0103 vor fi de 15\u202620 l\/mp \u015fi pe arii restr\u00e2nse de peste 30\u202640 l\/mp.<\/p>\n<p><img decoding=\"async\" src=\"https:\/\/i0.1616.ro\/media\/2\/2701\/33586\/22661664\/2\/screenshot-from-2026-08-26-10-20-14.png?height=808&amp;width=1258\" alt><\/p>\n<p>Potrivit meteorlogilor, manifest\u0103ri de instabilitate atmosferic\u0103 vor fi pe arii restr\u00e2nse \u015fi \u00een restul teritoriului.<\/p>\n<p>La Bucure\u015fti, miercuri \u015fi \u00een noaptea de miercuri spre joi valorile termice vor sc\u0103dea fa\u0163\u0103 de intervalul anterior, astfel c\u0103 temperatura maxim\u0103 va fi de 29 \u2013 30 de grade. Cerul va avea \u00eennor\u0103ri temporare \u015fi trec\u0103tor va ploua slab \u00een primele ore \u015fi din nou spre sf\u00e2r\u015fitul intervalului. V\u00e2ntul va sufla slab \u015fi moderat, iar temperatura minim\u0103 va fi de 17 \u2013 18 grade.<\/p>\n<p>Joi, p\u00e2n\u0103 la ora 23.00, cerul va avea \u00eennor\u0103ri, iar mai ales dup\u0103-amiaza \u015fi seara vor fi averse \u015fi posibil desc\u0103rc\u0103ri electrice. V\u00e2ntul va sufla slab \u015fi moderat cu intensific\u0103ri \u00een timpul ploilor, cu rafale de 45 \u2013 55 km\/h. Temperatura maxim\u0103 se va situa \u00een jurul valorii de 28 de grade.<\/p>\n<\/div>\n<div class=\"inhype-social-share-fixed sidebar-position-right\">\n<div class=\"post-social-wrapper\">\n<div class=\"post-social-title\"><span class=\"post-social-title-text\">Share<\/span><\/div>\n<\/div>\n<\/div>\n<\/div>\n<p>[analyse_source url=&#8221;https:\/\/ziardesuceava.ro\/alerte-de-averse-torentiale-descarcari-electrice-si-vijelii\/&#8221;]<\/p>\n","protected":false},"excerpt":{"rendered":"<p>[analyse_image type=&#8221;featured&#8221; src=&#8221;https:\/\/ziardesuceava.ro\/wp-content\/uploads\/2026\/02\/ploi_1.jpg&#8221;] Meteorologii aten\u0163ioneaz\u0103 c\u0103 miercuri se vor \u00eenregistra ploi toren\u0163iale \u00eensemnate cantitativ, vijelii \u015fi grindin\u0103 \u00een cea mai mare parte a zonei montane, estul \u015fi sud-estul Transilvaniei, iar joi instabilitatea se extinde \u00een nordul Munteniei, sud-vestul Moldovei \u015fi local \u00een Carpa\u0163ii Meridionali \u015fi Orientali. Rafalele de v\u00e2nt pot atinge 70 de km\/h, iar [&hellip;]<\/p>\n","protected":false},"author":1,"featured_media":0,"comment_status":"open","ping_status":"","sticky":false,"template":"","format":"standard","meta":{"footnotes":""},"categories":[89],"tags":[226,171],"class_list":["post-2112109","post","type-post","status-publish","format-standard","hentry","category-romania","tag-crawlmanager","tag-ziardesuceava-ro"],"_links":{"self":[{"href":"https:\/\/analyse.optim.biz\/index.php?rest_route=\/wp\/v2\/posts\/2112109","targetHints":{"allow":["GET"]}}],"collection":[{"href":"https:\/\/analyse.optim.biz\/index.php?rest_route=\/wp\/v2\/posts"}],"about":[{"href":"https:\/\/analyse.optim.biz\/index.php?rest_route=\/wp\/v2\/types\/post"}],"author":[{"embeddable":true,"href":"https:\/\/analyse.optim.biz\/index.php?rest_route=\/wp\/v2\/users\/1"}],"replies":[{"embeddable":true,"href":"https:\/\/analyse.optim.biz\/index.php?rest_route=%2Fwp%2Fv2%2Fcomments&post=2112109"}],"version-history":[{"count":0,"href":"https:\/\/analyse.optim.biz\/index.php?rest_route=\/wp\/v2\/posts\/2112109\/revisions"}],"wp:attachment":[{"href":"https:\/\/analyse.optim.biz\/index.php?rest_route=%2Fwp%2Fv2%2Fmedia&parent=2112109"}],"wp:term":[{"taxonomy":"category","embeddable":true,"href":"https:\/\/analyse.optim.biz\/index.php?rest_route=%2Fwp%2Fv2%2Fcategories&post=2112109"},{"taxonomy":"post_tag","embeddable":true,"href":"https:\/\/analyse.optim.biz\/index.php?rest_route=%2Fwp%2Fv2%2Ftags&post=2112109"}],"curies":[{"name":"wp","href":"https:\/\/api.w.org\/{rel}","templated":true}]}}