{"id":2112093,"date":"2026-08-25T14:03:07","date_gmt":"2026-08-25T11:03:07","guid":{"rendered":"https:\/\/analyse.optim.biz\/?p=2112093"},"modified":"2026-08-25T14:03:07","modified_gmt":"2026-08-25T11:03:07","slug":"usr-a-depus-o-noua-lege-curata-a-integritatii-fara-amendamentul-anti-fritz","status":"publish","type":"post","link":"https:\/\/analyse.optim.biz\/?p=2112093","title":{"rendered":"USR a depus o nou\u0103 lege \u201ccurat\u0103\u201d a integrit\u0103\u021bii f\u0103r\u0103 amendamentul anti-Fritz"},"content":{"rendered":"<p>[analyse_image type=&#8221;featured&#8221; src=&#8221;https:\/\/ziardesuceava.ro\/wp-content\/uploads\/2026\/08\/79838.jfif.jpeg&#8221;]<\/p>\n<div class=\"post-content clearfix\">\n<div class=\"blog-post-thumb\"><img loading=\"lazy\" decoding=\"async\" width=\"517\" height=\"694\" src=\"https:\/\/ziardesuceava.ro\/wp-content\/uploads\/2026\/08\/79838.jfif-517x694.jpeg\" class=\"attachment-inhype-blog-thumb size-inhype-blog-thumb wp-post-image\" alt><\/div>\n<div class=\"entry-content\">\n<div>\n<p class=\"fara-orfani lead\">Liderul senatorilor USR, Sorin \u0218ipo\u0219, a anun\u021bat mar\u021bi c\u0103 partidul a depus o nou\u0103 lege a integrit\u0103\u021bii f\u0103r\u0103 a\u0219a-numitul \u201camendament anti-Fritz\u201d.<\/p>\n<div class=\"continut-articol\">\n<p>\u201cAst\u0103zi am depus o nou\u0103 lege curat\u0103 f\u0103r\u0103 amendamentul anti-Fritz. A\u0219a cum anticipam, Uniunea European\u0103 consider\u0103 c\u0103 acest jalon care a fost votat \u00een Camera Deputa\u021bilor \u00een forma cu amendamentul anti-Fritz nu este \u00eendeplinit \u0219i \u00een acest moment am v\u0103zut c\u0103 exist\u0103 acest apel al liderilor PPE \u0219i Renew c\u0103tre pre\u0219edinta Comisiei Europene pentru a nu premia un abuz \u00eempotriva statului de drept\u201d, a declarat mar\u021bi deputatul USR la Palatul Parlamentului.<\/p>\n<p>El a f\u0103cut apel la colegii parlamentari pentru a vota legea \u201c\u00eentr-o form\u0103 curat\u0103\u201d, pentru a nu fi pu\u0219i \u00een situa\u021bia de a pierde at\u00e2t banii din PNRR, c\u00e2t \u0219i fondurile europene, a\u0219a cum s-a \u00eent\u00e2mplat \u00een Ungaria lui Orban.<\/p>\n<p>Fiind jalon din PNRR, legea trebuie votat\u0103 p\u00e2n\u0103 la finalul lunii august.<\/p>\n<p>\u00centrebat ce sus\u021binere are USR pentru aceast\u0103 nou\u0103 variant\u0103 de lege, \u0218ipo\u0219 \u0219i-a exprimat speran\u021ba c\u0103 \u201c\u00een al 12-lea ceas s\u0103 existe aceast\u0103 responsabilitate \u0219i s\u0103 nu pierdem ace\u0219ti bani pentru c\u0103 apelul liderilor PPE \u0219i Renew a fost foarte clar: Legea \u00eencalc\u0103 normele\u00a0<br \/>europene. Este o lege care este \u00eempotriva statului de drept \u0219i din acest motiv vom pierde banii din jalonul PNRR\u201d.<\/p>\n<p>Dup\u0103 ce s-a \u00eentors de la CCR, legea integrit\u0103\u021bii a fost votat\u0103 luni de Camera Deputa\u021bilor \u0219i ar urma s\u0103 primeasc\u0103 miercuri votul final de la Senat.<\/p>\n<p>Comisia European\u0103 a confirmat mar\u021bi c\u0103 a primit scrisoarea liderilor PPE \u0219i Renew privind \u00eengrijor\u0103rile la adresa statului de drept din Rom\u00e2nia.<\/p>\n<p>Legea va fi evaluat\u0103 \u00een cadrul celei de-a \u0219asea cereri de plat\u0103 \u00een PNRR, care este \u0219i ultima.<\/p>\n<p>Aceast\u0103 cerere urmeaz\u0103 s\u0103 fie de Bucure\u0219ti \u00een septembrie.<\/p>\n<\/div>\n<\/div>\n<\/div>\n<div class=\"inhype-social-share-fixed sidebar-position-right\">\n<div class=\"post-social-wrapper\">\n<div class=\"post-social-title\"><span class=\"post-social-title-text\">Share<\/span><\/div>\n<\/div>\n<\/div>\n<\/div>\n<p>[analyse_source url=&#8221;https:\/\/ziardesuceava.ro\/usr-a-depus-o-noua-lege-curata-a-integritatii-fara-amendamentul-anti-fritz\/&#8221;]<\/p>\n","protected":false},"excerpt":{"rendered":"<p>[analyse_image type=&#8221;featured&#8221; src=&#8221;https:\/\/ziardesuceava.ro\/wp-content\/uploads\/2026\/08\/79838.jfif.jpeg&#8221;] Liderul senatorilor USR, Sorin \u0218ipo\u0219, a anun\u021bat mar\u021bi c\u0103 partidul a depus o nou\u0103 lege a integrit\u0103\u021bii f\u0103r\u0103 a\u0219a-numitul \u201camendament anti-Fritz\u201d. \u201cAst\u0103zi am depus o nou\u0103 lege curat\u0103 f\u0103r\u0103 amendamentul anti-Fritz. A\u0219a cum anticipam, Uniunea European\u0103 consider\u0103 c\u0103 acest jalon care a fost votat \u00een Camera Deputa\u021bilor \u00een forma cu amendamentul anti-Fritz [&hellip;]<\/p>\n","protected":false},"author":1,"featured_media":0,"comment_status":"open","ping_status":"","sticky":false,"template":"","format":"standard","meta":{"footnotes":""},"categories":[89],"tags":[226,171],"class_list":["post-2112093","post","type-post","status-publish","format-standard","hentry","category-romania","tag-crawlmanager","tag-ziardesuceava-ro"],"_links":{"self":[{"href":"https:\/\/analyse.optim.biz\/index.php?rest_route=\/wp\/v2\/posts\/2112093","targetHints":{"allow":["GET"]}}],"collection":[{"href":"https:\/\/analyse.optim.biz\/index.php?rest_route=\/wp\/v2\/posts"}],"about":[{"href":"https:\/\/analyse.optim.biz\/index.php?rest_route=\/wp\/v2\/types\/post"}],"author":[{"embeddable":true,"href":"https:\/\/analyse.optim.biz\/index.php?rest_route=\/wp\/v2\/users\/1"}],"replies":[{"embeddable":true,"href":"https:\/\/analyse.optim.biz\/index.php?rest_route=%2Fwp%2Fv2%2Fcomments&post=2112093"}],"version-history":[{"count":0,"href":"https:\/\/analyse.optim.biz\/index.php?rest_route=\/wp\/v2\/posts\/2112093\/revisions"}],"wp:attachment":[{"href":"https:\/\/analyse.optim.biz\/index.php?rest_route=%2Fwp%2Fv2%2Fmedia&parent=2112093"}],"wp:term":[{"taxonomy":"category","embeddable":true,"href":"https:\/\/analyse.optim.biz\/index.php?rest_route=%2Fwp%2Fv2%2Fcategories&post=2112093"},{"taxonomy":"post_tag","embeddable":true,"href":"https:\/\/analyse.optim.biz\/index.php?rest_route=%2Fwp%2Fv2%2Ftags&post=2112093"}],"curies":[{"name":"wp","href":"https:\/\/api.w.org\/{rel}","templated":true}]}}