{"id":2112090,"date":"2026-08-25T13:02:11","date_gmt":"2026-08-25T10:02:11","guid":{"rendered":"https:\/\/analyse.optim.biz\/?p=2112090"},"modified":"2026-08-25T13:02:11","modified_gmt":"2026-08-25T10:02:11","slug":"comisia-europeana-va-evalua-legea-integritatii-ca-parte-a-celei-de-a-sasea-cereri-de-plata-din-pnrr","status":"publish","type":"post","link":"https:\/\/analyse.optim.biz\/?p=2112090","title":{"rendered":"Comisia European\u0103 va evalua Legea integrit\u0103\u021bii ca parte a celei de-a \u0219asea cereri de plat\u0103 din PNRR"},"content":{"rendered":"<p>[analyse_image type=&#8221;featured&#8221; src=&#8221;https:\/\/ziardesuceava.ro\/wp-content\/uploads\/2026\/08\/79837-1024&#215;683.jpg&#8221;]<\/p>\n<div class=\"post-content clearfix\">\n<div class=\"blog-post-thumb\"><img loading=\"lazy\" decoding=\"async\" width=\"1140\" height=\"694\" src=\"https:\/\/ziardesuceava.ro\/wp-content\/uploads\/2026\/08\/79837-1140x694.jpg\" class=\"attachment-inhype-blog-thumb size-inhype-blog-thumb wp-post-image\" alt><\/div>\n<div class=\"entry-content\">\n<div>\n<p class=\"fara-orfani lead\">Cea de-a \u0219asea cerere de plat\u0103 \u00een PNRR, care este \u0219i ultima, nu a fost \u00eenc\u0103 depus\u0103 de Bucure\u0219ti.<\/p>\n<div class=\"continut-articol\">\n<p>\u00centrebat de scrisoarea liderilor PPE \u0219i Renew Europe privind respectarea statului de drept \u00een Rom\u00e2nia, un purt\u0103tor de cuv\u00e2nt al Comisiei Europene a confirmat mar\u021bi c\u0103 a fost primit documentul.<\/p>\n<p> \u201cVom r\u0103spunde la momentul potrivit. Ceea ce pot spune este c\u0103 legea va fi evaluat\u0103 de Comisie ca parte a celei de-a \u0219asea \u0219i ultima cerere de plat\u0103, care nu a fost \u00eenc\u0103 depus\u0103 de autorit\u0103\u021bile rom\u00e2ne\u201d, a precizat el.<\/p>\n<p>Ultima plat\u0103 din PNRR urmeaz\u0103 s\u0103 fie depus\u0103 de Bucure\u0219ti \u00een luna septembrie.<\/p>\n<p>\u201cSuntem implica\u021bi \u00eempuren\u0103 cu cu autorit\u0103\u021bile rom\u00e2ne \u00een discu\u021bii tehnice, sprijinind implementarea planului lor de redresare p\u00e2n\u0103 la termenul limit\u0103 de 31 august\u201d, a mai spus purt\u0103torul de cuv\u00e2nt.\u00a0<\/p>\n<p>Liderul PPE, Manfred Weber, \u0219i lidera Renew, Val\u00e9rie Hayer, i-au transmis o scrisoare pre\u0219edintei Comisiei, Ursula von der Leyen, \u00een care \u00eei solicit\u0103 s\u0103 re\u021bin\u0103 770 de milioane de euro din fondurile UE c\u0103tre Rom\u00e2nia din cauza preocup\u0103rilor legate de statul de drept.<\/p>\n<p>Cei doi reclam\u0103 faptul c\u0103 PSD a introdus \u00een lege un amendament \u2013 ulterior declarat constitu\u021bional de CCR \u2013 care vizeaz\u0103 aplicarea retroactiv\u0103 a legii, de\u0219i acest lucru e interzis de Constitu\u021bie. CCR a oferit o motivare alambicat\u0103, \u00een \u00eencercarea de a sus\u021bine c\u0103 legea nu se aplic\u0103 retroactiv.<\/p>\n<p>\u00cen realitatea legea se aplic\u0103 retroactiv \u0219i pentru un conflict de interese care \u00een prezent nici nu mai exist\u0103 \u00een legisla\u021bie.<\/p>\n<p>Legea este jalon \u00een PNRR \u0219i trebuie votat\u0103 p\u00e2n\u0103 la finalul lui august.<\/p>\n<p>Revenit\u0103 de la CCR, legea a fost votat\u0103 luni de deputa\u021bi, inclusiv cu \u201camendamentul Fritz\u201d \u0219i urmeaz\u0103 s\u0103 primeasc\u0103 miercuri votul final de la plenul Senatului.<\/p>\n<\/div>\n<\/div>\n<\/div>\n<div class=\"inhype-social-share-fixed sidebar-position-right\">\n<div class=\"post-social-wrapper\">\n<div class=\"post-social-title\"><span class=\"post-social-title-text\">Share<\/span><\/div>\n<\/div>\n<\/div>\n<\/div>\n<p>[analyse_source url=&#8221;https:\/\/ziardesuceava.ro\/comisia-europeana-va-evalua-legea-integritatii-ca-parte-a-celei-de-a-sasea-cereri-de-plata-din-pnrr\/&#8221;]<\/p>\n","protected":false},"excerpt":{"rendered":"<p>[analyse_image type=&#8221;featured&#8221; src=&#8221;https:\/\/ziardesuceava.ro\/wp-content\/uploads\/2026\/08\/79837-1024&#215;683.jpg&#8221;] Cea de-a \u0219asea cerere de plat\u0103 \u00een PNRR, care este \u0219i ultima, nu a fost \u00eenc\u0103 depus\u0103 de Bucure\u0219ti. \u00centrebat de scrisoarea liderilor PPE \u0219i Renew Europe privind respectarea statului de drept \u00een Rom\u00e2nia, un purt\u0103tor de cuv\u00e2nt al Comisiei Europene a confirmat mar\u021bi c\u0103 a fost primit documentul. \u201cVom r\u0103spunde la [&hellip;]<\/p>\n","protected":false},"author":1,"featured_media":0,"comment_status":"open","ping_status":"","sticky":false,"template":"","format":"standard","meta":{"footnotes":""},"categories":[89],"tags":[226,171],"class_list":["post-2112090","post","type-post","status-publish","format-standard","hentry","category-romania","tag-crawlmanager","tag-ziardesuceava-ro"],"_links":{"self":[{"href":"https:\/\/analyse.optim.biz\/index.php?rest_route=\/wp\/v2\/posts\/2112090","targetHints":{"allow":["GET"]}}],"collection":[{"href":"https:\/\/analyse.optim.biz\/index.php?rest_route=\/wp\/v2\/posts"}],"about":[{"href":"https:\/\/analyse.optim.biz\/index.php?rest_route=\/wp\/v2\/types\/post"}],"author":[{"embeddable":true,"href":"https:\/\/analyse.optim.biz\/index.php?rest_route=\/wp\/v2\/users\/1"}],"replies":[{"embeddable":true,"href":"https:\/\/analyse.optim.biz\/index.php?rest_route=%2Fwp%2Fv2%2Fcomments&post=2112090"}],"version-history":[{"count":0,"href":"https:\/\/analyse.optim.biz\/index.php?rest_route=\/wp\/v2\/posts\/2112090\/revisions"}],"wp:attachment":[{"href":"https:\/\/analyse.optim.biz\/index.php?rest_route=%2Fwp%2Fv2%2Fmedia&parent=2112090"}],"wp:term":[{"taxonomy":"category","embeddable":true,"href":"https:\/\/analyse.optim.biz\/index.php?rest_route=%2Fwp%2Fv2%2Fcategories&post=2112090"},{"taxonomy":"post_tag","embeddable":true,"href":"https:\/\/analyse.optim.biz\/index.php?rest_route=%2Fwp%2Fv2%2Ftags&post=2112090"}],"curies":[{"name":"wp","href":"https:\/\/api.w.org\/{rel}","templated":true}]}}