{"id":2112088,"date":"2026-08-25T12:01:33","date_gmt":"2026-08-25T09:01:33","guid":{"rendered":"https:\/\/analyse.optim.biz\/?p=2112088"},"modified":"2026-08-25T12:01:33","modified_gmt":"2026-08-25T09:01:33","slug":"drula-usr-legea-integritatii-cu-amendamentul-anti-fritz-nu-va-fi-acceptata-de-comisia-europeana","status":"publish","type":"post","link":"https:\/\/analyse.optim.biz\/?p=2112088","title":{"rendered":"Drul\u0103 (USR): Legea integrit\u0103\u021bii cu amendamentul anti-Fritz nu va fi acceptat\u0103 de Comisia European\u0103"},"content":{"rendered":"<p>[analyse_image type=&#8221;featured&#8221; src=&#8221;https:\/\/ziardesuceava.ro\/wp-content\/uploads\/2026\/08\/79836.jpeg&#8221;]<\/p>\n<div class=\"post-content clearfix\">\n<div class=\"blog-post-thumb\"><img loading=\"lazy\" decoding=\"async\" width=\"800\" height=\"531\" src=\"https:\/\/ziardesuceava.ro\/wp-content\/uploads\/2026\/08\/79836.jpeg\" class=\"attachment-inhype-blog-thumb size-inhype-blog-thumb wp-post-image\" alt><\/div>\n<div class=\"entry-content\">\n<div>\n<p class=\"fara-orfani lead\">Deputatul USR C\u0103t\u0103lin Drul\u0103 sus\u021bine c\u0103 legea integrit\u0103\u021bii cu \u201camendamentul anti-Fritz\u201d nu va fi acceptat\u0103 de Comisia European\u0103 \u0219i ar putea duce la pierderea unor fonduri europene.<\/p>\n<div class=\"continut-articol\">\n<p>\u201cLegea integrit\u0103\u021bii cu amendamentul anti-Fritz nu va fi acceptat\u0103 de Comisia European\u0103. Fix acest amendament de poli\u021bie politic\u0103 al PSD ar \u00eensemna pierderea a 770 de milioane de euro, semnalul politic al liderilor PPE \u0219i Renew e limpede\u201d, a comentat mar\u021bi, pe Facebook, fostul lider al USR C\u0103t\u0103lin Drul\u0103.<\/p>\n<p>Reac\u021bia lui vine dup\u0103 ce Politico a scris c\u0103 Partidul Popular European (PPE) \u0219i liberalii din Renew Europe \u00eei cer pre\u0219edintei Comisiei, Ursula von der Leyen, s\u0103 re\u021bin\u0103 770 de milioane de euro din fondurile UE c\u0103tre Rom\u00e2nia din cauza preocup\u0103rilor legate de statul de drept.<\/p>\n<p>Legea a fost retrimis\u0103 \u00een Parlament dup\u0103 ce CCR a declarat neconstitu\u021bional un amendament, dar a admis amendamentul PSD privind retroactivitatea \u00een cazul primarului din Timi\u0219oara Dominic Fritz.<\/p>\n<p>Legea intr\u0103 miercuri la vot final \u00een Senat. <\/p>\n<p>\u201cF\u0103r\u0103 voturile PNL \u0219i UDMR nu va trece. Din p\u0103cate, la Camer\u0103 cele 2 grupuri au votat \u201cpentru\u201d ieri \u0219i legea a trecut de prima camer\u0103\u201d, a spus Drul\u0103.<\/p>\n<p>\n\u201cManfred Weber este liderul grupului popularilor europeni, din care fac parte PNL \u0219i UDMR, \u0219i a semnat scrisoarea c\u0103tre \u0219efa Comisiei Europene care reclam\u0103 abuzul politic comis \u00een Rom\u00e2nia de Sorin Grindeanu \u0219i sistemul pe care-l controleaz\u0103 PSD.\u00a0Nu exist\u0103 nicio scuz\u0103 pentru un partid proeuropean s\u0103 voteze aceast\u0103 lege m\u00e2ine \u00een Senat\u201d, a mai spus Drul\u0103.<\/p>\n<\/div>\n<\/div>\n<\/div>\n<div class=\"inhype-social-share-fixed sidebar-position-right\">\n<div class=\"post-social-wrapper\">\n<div class=\"post-social-title\"><span class=\"post-social-title-text\">Share<\/span><\/div>\n<\/div>\n<\/div>\n<\/div>\n<p>[analyse_source url=&#8221;https:\/\/ziardesuceava.ro\/drula-usr-legea-integritatii-cu-amendamentul-anti-fritz-nu-va-fi-acceptata-de-comisia-europeana\/&#8221;]<\/p>\n","protected":false},"excerpt":{"rendered":"<p>[analyse_image type=&#8221;featured&#8221; src=&#8221;https:\/\/ziardesuceava.ro\/wp-content\/uploads\/2026\/08\/79836.jpeg&#8221;] Deputatul USR C\u0103t\u0103lin Drul\u0103 sus\u021bine c\u0103 legea integrit\u0103\u021bii cu \u201camendamentul anti-Fritz\u201d nu va fi acceptat\u0103 de Comisia European\u0103 \u0219i ar putea duce la pierderea unor fonduri europene. \u201cLegea integrit\u0103\u021bii cu amendamentul anti-Fritz nu va fi acceptat\u0103 de Comisia European\u0103. Fix acest amendament de poli\u021bie politic\u0103 al PSD ar \u00eensemna pierderea a 770 [&hellip;]<\/p>\n","protected":false},"author":1,"featured_media":0,"comment_status":"open","ping_status":"","sticky":false,"template":"","format":"standard","meta":{"footnotes":""},"categories":[89],"tags":[226,171],"class_list":["post-2112088","post","type-post","status-publish","format-standard","hentry","category-romania","tag-crawlmanager","tag-ziardesuceava-ro"],"_links":{"self":[{"href":"https:\/\/analyse.optim.biz\/index.php?rest_route=\/wp\/v2\/posts\/2112088","targetHints":{"allow":["GET"]}}],"collection":[{"href":"https:\/\/analyse.optim.biz\/index.php?rest_route=\/wp\/v2\/posts"}],"about":[{"href":"https:\/\/analyse.optim.biz\/index.php?rest_route=\/wp\/v2\/types\/post"}],"author":[{"embeddable":true,"href":"https:\/\/analyse.optim.biz\/index.php?rest_route=\/wp\/v2\/users\/1"}],"replies":[{"embeddable":true,"href":"https:\/\/analyse.optim.biz\/index.php?rest_route=%2Fwp%2Fv2%2Fcomments&post=2112088"}],"version-history":[{"count":0,"href":"https:\/\/analyse.optim.biz\/index.php?rest_route=\/wp\/v2\/posts\/2112088\/revisions"}],"wp:attachment":[{"href":"https:\/\/analyse.optim.biz\/index.php?rest_route=%2Fwp%2Fv2%2Fmedia&parent=2112088"}],"wp:term":[{"taxonomy":"category","embeddable":true,"href":"https:\/\/analyse.optim.biz\/index.php?rest_route=%2Fwp%2Fv2%2Fcategories&post=2112088"},{"taxonomy":"post_tag","embeddable":true,"href":"https:\/\/analyse.optim.biz\/index.php?rest_route=%2Fwp%2Fv2%2Ftags&post=2112088"}],"curies":[{"name":"wp","href":"https:\/\/api.w.org\/{rel}","templated":true}]}}