{"id":2112084,"date":"2026-08-25T11:06:47","date_gmt":"2026-08-25T08:06:47","guid":{"rendered":"https:\/\/analyse.optim.biz\/?p=2112084"},"modified":"2026-08-25T11:06:47","modified_gmt":"2026-08-25T08:06:47","slug":"psd-prim-ministrul-demis-bolojan-trebuie-sa-aprinda-lumina-in-propria-camara-dupa-ce-dna-l-a-pus-sub-acuzare-pe-secretarul-general-adjunct-al-guvernului","status":"publish","type":"post","link":"https:\/\/analyse.optim.biz\/?p=2112084","title":{"rendered":"PSD: Prim-ministrul demis Bolojan trebuie s\u0103 aprind\u0103 lumina \u00een propria c\u0103mar\u0103, dup\u0103 ce DNA l-a pus sub acuzare pe secretarul general adjunct al Guvernului"},"content":{"rendered":"<p>[analyse_image type=&#8221;featured&#8221; src=&#8221;https:\/\/ziardesuceava.ro\/wp-content\/uploads\/2026\/02\/PSD-1-2048&#215;1365-1-1024&#215;683.jpg&#8221;]<\/p>\n<div class=\"post-content clearfix\">\n<div class=\"blog-post-thumb\"><img loading=\"lazy\" decoding=\"async\" width=\"1024\" height=\"683\" src=\"https:\/\/ziardesuceava.ro\/wp-content\/uploads\/2026\/02\/PSD-1-2048x1365-1-1024x683.jpg\" class=\"attachment-inhype-blog-thumb size-inhype-blog-thumb wp-post-image\" alt><\/div>\n<div class=\"entry-content\">\n<p class=\"first-paragraph\">PSD solicit\u0103, mar\u0163i, demisia imediat\u0103 a actualului secretar general adjunct al Guvernului, Cristina Tr\u0103il\u0103, dup\u0103 punerea sub acuzare de c\u0103tre DNA, \u015fi premierului demis Ilie Bolojan \u201ds\u0103 aprind\u0103 lumina \u00een propria c\u0103mar\u0103, av\u00e2nd \u00een vedere c\u0103 numele s\u0103u este implicat \u00een acest dosar penal de mare corup\u0163ie, care afecteaz\u0103 grav imaginea Guvernului \u015fi a Rom\u00e2niei\u201d.<\/p>\n<p>\u201dPSD solicit\u0103 demisia imediat\u0103 a actualului secretar general adjunct al Guvernului, Cristina Tr\u0103il\u0103, dup\u0103 punerea sub acuzare de c\u0103tre procurorii DNA, \u00een dosarul penal privind traficul de influen\u0163\u0103 exercitat la premierul Ilie Bolojan, \u00een favoarea omului de afaceri F\u0103nel Bogo\u015f\u201d, anun\u0163\u0103 forma\u0163iunea \u00eentr-un comunicat oficial.<\/p>\n<p>Totodat\u0103, PSD \u00eei cere premierului demis Ilie Bolojan \u201ds\u0103 aprind\u0103 lumina \u00een propria c\u0103mar\u0103, av\u00e2nd \u00een vedere c\u0103 numele s\u0103u este implicat \u00een acest dosar penal de mare corup\u0163ie, care afecteaz\u0103 grav imaginea Guvernului \u015fi a Rom\u00e2niei\u201d.<\/p>\n<p>\u201dPSD subliniaz\u0103 c\u0103 doamna Trail\u0103 a fost numit\u0103 \u00een func\u0163ia de secretar general adjunct al Guvernului prin decizia direct\u0103 \u015fi personal\u0103 a premierului demis Ilie Bolojan. Prin urmare, din punct de vedere politic, acesta r\u0103spunde \u00een solidar pentru faptele de corup\u0163ie ale subordonatei sale, mai ales c\u0103 traficul de influen\u0163\u0103 care face obiectul cercet\u0103rii penale a avut loc chiar \u00een biroul s\u0103u de prim-ministru al Rom\u00e2niei\u201d, transmite PSD.<\/p>\n<p>Fosta deputat\u0103 Cristina Tr\u0103il\u0103 (PNL), secretar general adjunct al Guvernului, este audiat\u0103, mar\u0163i, la sediul DNA Ia\u015fi, \u00een dosarul omului de afaceri F\u0103nel Bogos, ajuns, anul trecut, al\u0103turi de fostul pre\u015fedinte PNL Vaslui Mihai Barbu, \u00een biroul lui Ilie Bolojan. Tr\u0103il\u0103 a venit la sediul DNA \u00eenso\u0163it\u0103 de avocat.<\/p>\n<p>Conform DNA, continu\u0103 urm\u0103rirea penal\u0103 a Cristinei Tr\u0103il\u0103 pentru complicitate la folosirea influen\u0163ei ori autorit\u0103\u0163ii \u00een scopul ob\u0163inerii pentru sine ori pentru altul de bani, bunuri sau alte foloase necuvenite.<\/p>\n<p>Anchetatorii o acuz\u0103 c\u0103 \u201dar fi sprijinit demersurile inculpatului Barbu Mihai de exercitare a influen\u0163ei asupra pre\u015fedintelui A.N.S.V.S.A., \u00een scopul \u00eenlocuirii din func\u0163ie a directorului D.S.V.S.A. Vaslui\u201d cu o persoan\u0103 agreat\u0103 de Bogo\u015f.<\/p>\n<\/div>\n<div class=\"inhype-social-share-fixed sidebar-position-right\">\n<div class=\"post-social-wrapper\">\n<div class=\"post-social-title\"><span class=\"post-social-title-text\">Share<\/span><\/div>\n<\/div>\n<\/div>\n<\/div>\n<p>[analyse_source url=&#8221;https:\/\/ziardesuceava.ro\/psd-prim-ministrul-demis-bolojan-trebuie-sa-aprinda-lumina-in-propria-camara-dupa-ce-dna-l-a-pus-sub-acuzare-pe-secretarul-general-adjunct-al-guvernului\/&#8221;]<\/p>\n","protected":false},"excerpt":{"rendered":"<p>[analyse_image type=&#8221;featured&#8221; src=&#8221;https:\/\/ziardesuceava.ro\/wp-content\/uploads\/2026\/02\/PSD-1-2048&#215;1365-1-1024&#215;683.jpg&#8221;] PSD solicit\u0103, mar\u0163i, demisia imediat\u0103 a actualului secretar general adjunct al Guvernului, Cristina Tr\u0103il\u0103, dup\u0103 punerea sub acuzare de c\u0103tre DNA, \u015fi premierului demis Ilie Bolojan \u201ds\u0103 aprind\u0103 lumina \u00een propria c\u0103mar\u0103, av\u00e2nd \u00een vedere c\u0103 numele s\u0103u este implicat \u00een acest dosar penal de mare corup\u0163ie, care afecteaz\u0103 grav imaginea Guvernului [&hellip;]<\/p>\n","protected":false},"author":1,"featured_media":0,"comment_status":"open","ping_status":"","sticky":false,"template":"","format":"standard","meta":{"footnotes":""},"categories":[89],"tags":[226,171],"class_list":["post-2112084","post","type-post","status-publish","format-standard","hentry","category-romania","tag-crawlmanager","tag-ziardesuceava-ro"],"_links":{"self":[{"href":"https:\/\/analyse.optim.biz\/index.php?rest_route=\/wp\/v2\/posts\/2112084","targetHints":{"allow":["GET"]}}],"collection":[{"href":"https:\/\/analyse.optim.biz\/index.php?rest_route=\/wp\/v2\/posts"}],"about":[{"href":"https:\/\/analyse.optim.biz\/index.php?rest_route=\/wp\/v2\/types\/post"}],"author":[{"embeddable":true,"href":"https:\/\/analyse.optim.biz\/index.php?rest_route=\/wp\/v2\/users\/1"}],"replies":[{"embeddable":true,"href":"https:\/\/analyse.optim.biz\/index.php?rest_route=%2Fwp%2Fv2%2Fcomments&post=2112084"}],"version-history":[{"count":0,"href":"https:\/\/analyse.optim.biz\/index.php?rest_route=\/wp\/v2\/posts\/2112084\/revisions"}],"wp:attachment":[{"href":"https:\/\/analyse.optim.biz\/index.php?rest_route=%2Fwp%2Fv2%2Fmedia&parent=2112084"}],"wp:term":[{"taxonomy":"category","embeddable":true,"href":"https:\/\/analyse.optim.biz\/index.php?rest_route=%2Fwp%2Fv2%2Fcategories&post=2112084"},{"taxonomy":"post_tag","embeddable":true,"href":"https:\/\/analyse.optim.biz\/index.php?rest_route=%2Fwp%2Fv2%2Ftags&post=2112084"}],"curies":[{"name":"wp","href":"https:\/\/api.w.org\/{rel}","templated":true}]}}