{"id":2112083,"date":"2026-08-26T08:20:11","date_gmt":"2026-08-26T05:20:11","guid":{"rendered":"https:\/\/analyse.optim.biz\/?p=2112083"},"modified":"2026-08-26T08:20:11","modified_gmt":"2026-08-26T05:20:11","slug":"parlamentarii-vor-sa-abroge-legea-care-i-lasa-pe-consilieri-fara-mandate-cum-a-incercat-usr-sa-l-scape-pe-dominic-fritz","status":"publish","type":"post","link":"https:\/\/analyse.optim.biz\/?p=2112083","title":{"rendered":"Parlamentarii vor s\u0103 abroge legea care-i las\u0103 pe consilieri f\u0103r\u0103 mandate. Cum a \u00eencercat USR s\u0103-l scape pe Dominic Fritz"},"content":{"rendered":"<p>[analyse_image type=&#8221;featured&#8221; src=&#8221;https:\/\/60m.ro\/wp-content\/uploads\/2026\/08\/Cseke-Attila-si-Dragos-Pislaru-FOTO-Facebook-MIPE-e1787730085470-1000&#215;600-1.webp&#8221;]<\/p>\n<div class=\"articleBody\" data-key=\"articleBody\">\nUSR a \u00eencercat, miercuri, s\u0103 introduc\u0103 un amendament prin care ale\u0219ii care au fost declara\u021bi \u00een conflict de interese sau incompatibilitate \u00eentr-un alt mandat s\u0103 nu-\u0219i piard\u0103 un mandat ob\u021binut ulterior.<\/p>\n<p>Comisiile juridic\u0103, pentru munc\u0103 \u0219i pentru administra\u021bie public\u0103 s-au reunit, miercuri diminea\u021ba, pentru a c\u0103uta o solu\u021bie la problema care i-a lovit, mar\u021bi, pe consilierii locali \u0219i jude\u021beni, afla\u021bi \u00een perciolul de a-\u0219i pierde mandatele. O modificare a Codului Administrativ, intrat\u0103 \u00een vigoare pe 9 august, prevedea c\u0103 to\u021bi consilierii locali \u0219i jude\u021beni care sunt \u0219i personal contractant la stat, cu mici excep\u021bii, ar intra \u00een incompatibilitate. Pe 25 august, legea \u0219i-a produs efectele, iar parlamentarii au realizat c\u0103 f\u0103cuser\u0103 o gre\u0219eal\u0103.<\/p>\n<p>A\u0219a c\u0103 parlamentarii PSD au dezb\u0103tut de urgen\u021b\u0103, miercuri, \u00een comisii, o lege care are cu totul alt scop \u0219i \u00een care au introdus modific\u0103rile care \u00eei scap\u0103 pe consilierii locali \u0219i jude\u021beni de pierderea mandatului. Ar putea fi mii de consilieri de la PSD \u0219i PNL \u00een aceast\u0103 situa\u021bie, ceea ce ar bloca cu totul administra\u021bia local\u0103.<\/p>\n<p>A\u0219adar, legea g\u0103sit\u0103 rapid la \u00eendem\u00e2n\u0103, ca vehicul pentru a-i salva pe consilieri, completeaz\u0103 Codul Administrativ \u0219i vizeaz\u0103 o modificare referitoare la vechimea viceprimarilor. Articolul despre edili a fost scos, iar mai multe amendamente UDMR au fost admise, astfel \u00eenc\u00e2t legea care-i l\u0103sa pe consilierii locali \u0219i jude\u021beni f\u0103r\u0103 mandate ar urma s\u0103 fie abrogat\u0103.<\/p>\n<p>Parlamentarii au schimbat inclusiv numele actului normativ, care nu \u0219i-a pierdut doar menirea, ci \u0219i denumirea. Din \u201eLEGE privind completarea articolului 152 din OUG 57\/2019 privind Codul administrativ\u201d a devenit \u201eLEGE privind abrogarea unor dispozi\u0163ii din Ordonan\u0163a de urgen\u0163\u0103 a Guvernului nr.57\/2019 privind Codul administrativ\u201d.<\/p>\n<p>Al doilea amendament aprobat \u00een comisie scoate scopul ini\u021bial al legii, \u0219i anume recunoa\u0219terea vechimii \u00een munc\u0103 pentru activitatea ca viceprimar.<\/p>\n<p>Amendamentul trei aprobat, propus tot de UDMR, prevede abrogarea legii care las\u0103 consilierii f\u0103r\u0103 mandate. Amendamentul patru reprezint\u0103 o m\u0103sur\u0103 tranzitorie, astfel \u00eenc\u00e2t consilierii afla\u021bi \u00een prezent \u00een incompatibilitate s\u0103 fie sc\u0103pa\u021bi de starea de incompatibilitate.<\/p>\n<p>Aceste amendamente au \u00eens\u0103 drum lung p\u00e2n\u0103 la promulgare. Mai \u00eent\u00e2i, este nevoie de votul Camerei Deputa\u021bilor. Apoi, amendamentele vor fi discutate \u00een comisiile din Senat, vor fi votate \u00een plenul Senatului, iar mai apoi legea trebuie s\u0103 mai fie \u0219i promulgat\u0103 de Nicu\u0219or Dan.<\/p>\n<p>Ce spune Legea<\/p>\n<p>Legea nr. 165\/5 august 2026 face mai multe modific\u0103ri la codul administrativ. Cea mai important\u0103 pentru spe\u021ba actual\u0103 \u021bine de articolul 550, care echivaleaz\u0103 func\u021bionarii publici cu personalul contractual.<\/p>\n<p>\u201ePrevederile\u00a0art. 94\u201397 din Legea nr. 161\/2003, cu modific\u0103rile \u0219i complet\u0103rile ulterioare, referitoare la incompatibilit\u0103\u021bile func\u021bionarilor publici, sunt aplicabile \u00een mod corespunz\u0103tor \u0219i personalului contractual\u201d, este textul punctului 6 al articolului 550 din legea ini\u021biat\u0103 de Cseke Atilla.<\/p>\n<p>Pentru spe\u021ba \u00een cauz\u0103 este foarte important articolul 97 din legea amintit\u0103, care reglementeaz\u0103 faptul c\u0103\u00a0raportul de serviciu al\u00a0func\u021bionarul public se suspend\u0103 p\u00e2n\u0103 la finalizarea func\u021biei de demnitate public\u0103 pentru care a fost ales sau numit.\u00a0Asta explic\u0103 \u0219i adresa ANI trimis\u0103 primarului Craiovei, Lia Olgu\u021ba Vasilescu, a c\u0103rui aspect important este prezentat mai jos \u00een articol.<\/p>\n<p>Articolul 97\/Legea 161 din 2003(1) Func\u021bionarul public poate candida pentru o func\u021bie eligibil\u0103 sau poate fi numit \u00eentr-o func\u021bie de demnitate public\u0103.(2) Raportul de serviciu al func\u021bionarului public se suspenda:a) pe durata campaniei electorale, p\u00e2n\u0103 \u00een ziua ulterioar\u0103 alegerilor, dac\u0103 nu este ales;b) p\u00e2n\u0103 la \u00eencetarea func\u021biei eligibile sau a func\u021biei de demnitate public\u0103, \u00een cazul \u00een care func\u021bionarul public a fost ales sau numit.<\/p>\n<p>USR reclam\u0103 neconstitu\u021bionalitatea legii<\/p>\n<p>\u00cen declara\u021bii de pres\u0103 de dup\u0103 \u0219edin\u021ba comisiei, deputatul USR Alexandru Dimitriu a reclamat c\u0103 legea luase ini\u021bial avize pentru modificarea vechimii viceprimarilor. Dimitriu acuz\u0103 c\u0103 noua form\u0103 a legii este una total diferit\u0103, inclusiv ca titlu, \u0219i deci aceasta ar fi trebuit s\u0103 primeasc\u0103 noi avize.<\/p>\n<p>\u201e\u201eVreau s\u0103 dau o explica\u021bie pe constitu\u021bionalitate, pentru c\u0103 situa\u021bia este de-a dreptul ridicol\u0103. Dup\u0103 ce am asistat \u00een urm\u0103 cu dou\u0103 zile la faptul c\u0103 se voteaz\u0103 \u00eentr-un fel, dar se num\u0103r\u0103 altfel \u2013 de parc\u0103 suntem \u00een regimul stalinist \u2013, acum avem o chestiune total aberant\u0103.<\/p>\n<p>\u0218i anume: pleac\u0103 un proiect de lege care vizeaz\u0103 viceprimarii, se ia aviz consultativ de la Consiliul Legislativ pe acest proiect, pe urm\u0103 se vine, se abrog\u0103 textul care viza viceprimarii, se schimb\u0103 denumirea legii, se introduc alte prevederi. \u0102sta se nume\u0219te abuz de drept, \u00een cazul \u0103sta e un abuz parlamentar.<\/p>\n<p>Deci nu po\u021bi s\u0103 faci acest lucru, e o p\u0103c\u0103leal\u0103, e o fraud\u0103! \u0218i nu putem s\u0103 fim de acord cu astfel de fraude, de aici \u0219i sublinierea faptului c\u0103 este neconstitu\u021bional.<\/p>\n<p>Doi la m\u00e2n\u0103: dac\u0103 e s\u0103 privim partea de amnistie, noi \u00een momentul de fa\u021b\u0103 \u2013 noi, c\u00e2nd zic \u00abnoi\u00bb, m\u0103 refer la Parlamentul Rom\u00e2niei, USR s-a opus \u2013 avem de-a face cu o Ordonan\u021b\u0103 13, dar la un nivel de incompatibilitate. Este exact acela\u0219i lucru! Nu este nimic diferit.\u201d<\/p>\n<p>Cum a \u00eencercat USR s\u0103-l scape pe Fritz prin aceast\u0103 lege<\/p>\n<p>Cu toate c\u0103 au acuzat c\u0103 scopul legii a fost schimbat \u0219i deci aceasta devine neconstitu\u021bional\u0103 \u00een lipsa avizelor, USR a \u00eencercat s\u0103 introduc\u0103 un amendament prin care s\u0103-l scape pe primarul Timi\u0219oarei, Dominic Fritz, de pierderea func\u021biei dup\u0103 ce ar fi promulgat \u201eamendamentul Fritz\u201d.<\/p>\n<p>\u201e\u00cen aplicarea dispozi\u021biilor legale care prev\u0103d \u00eencetarea de drept a unei func\u021bii, demnit\u0103\u021bi publice ori a unui mandat ca urmare a constat\u0103rii definitive a unui conflict de interese, \u00eencetarea poate privi numai func\u021bia, demnitatea public\u0103 ori mandatul \u00een exercitarea c\u0103ruia a fost s\u0103v\u00e2r\u0219it\u0103 fapta care a determinat constatarea conflictului de interese\u201d, se arat\u0103 \u00een propunerea USR.<\/p>\n<p>Dominic Fritz a fost declarat \u00een conflict de interese \u00eens\u0103 pentru o eroare semnalat\u0103 de ANI care s-a \u00eent\u00e2mplat \u00een primul s\u0103u mandat de primar al Timi\u0219oarei. \u201eAmendamentul Fritz\u201d prevede \u00eens\u0103 c\u0103 ale\u0219ii declara\u021bi \u00een trecutul recent definitiv \u00een conflict de interese \u00ee\u0219i vor pierde mandatul.<\/p>\n<p>USR a \u00eencercat acum s\u0103 introduc\u0103 un amendament prin care ale\u0219ii care au fost declara\u021bi \u00een conflict de interese \u00eentr-un alt mandat s\u0103 nu-\u0219i piard\u0103\u00a0 noul mandat.<\/p>\n<p>\u201e\u00cen cazul \u00een care mandatul viciat a \u00eencetat anterior datei la care ar interveni cauza de \u00eencetare, aceasta nu produce efecte asupra unui mandat dob\u00e2ndit ulterior, \u00een condi\u021biile legii, indiferent dac\u0103 noul mandat prive\u0219te aceea\u0219i func\u021bie sau demnitate public\u0103 ori o func\u021bie sau demnitate public\u0103 diferit\u0103. Mandatul dob\u00e2ndit ulterior constituie un mandat neviciat \u0219i nu poate \u00eenceta de drept exclusiv ca urmare a faptei s\u0103v\u00e2r\u0219ite \u00een cursul mandatului viciat\u201d, se mai arat\u0103 \u00een amendament.\n<\/p><\/div>\n<p>[analyse_source url=&#8221;https:\/\/60m.ro\/parlamentarii-vor-sa-abroge-legea-care-i-lasa-pe-consilieri-fara-mandate-cum-a-incercat-usr-sa-l-scape-pe-dominic-fritz\/&#8221;]<\/p>\n","protected":false},"excerpt":{"rendered":"<p>[analyse_image type=&#8221;featured&#8221; src=&#8221;https:\/\/60m.ro\/wp-content\/uploads\/2026\/08\/Cseke-Attila-si-Dragos-Pislaru-FOTO-Facebook-MIPE-e1787730085470-1000&#215;600-1.webp&#8221;] USR a \u00eencercat, miercuri, s\u0103 introduc\u0103 un amendament prin care ale\u0219ii care au fost declara\u021bi \u00een conflict de interese sau incompatibilitate \u00eentr-un alt mandat s\u0103 nu-\u0219i piard\u0103 un mandat ob\u021binut ulterior. Comisiile juridic\u0103, pentru munc\u0103 \u0219i pentru administra\u021bie public\u0103 s-au reunit, miercuri diminea\u021ba, pentru a c\u0103uta o solu\u021bie la problema care i-a [&hellip;]<\/p>\n","protected":false},"author":1,"featured_media":0,"comment_status":"open","ping_status":"","sticky":false,"template":"","format":"standard","meta":{"footnotes":""},"categories":[89],"tags":[100,226],"class_list":["post-2112083","post","type-post","status-publish","format-standard","hentry","category-romania","tag-60m-ro","tag-crawlmanager"],"_links":{"self":[{"href":"https:\/\/analyse.optim.biz\/index.php?rest_route=\/wp\/v2\/posts\/2112083","targetHints":{"allow":["GET"]}}],"collection":[{"href":"https:\/\/analyse.optim.biz\/index.php?rest_route=\/wp\/v2\/posts"}],"about":[{"href":"https:\/\/analyse.optim.biz\/index.php?rest_route=\/wp\/v2\/types\/post"}],"author":[{"embeddable":true,"href":"https:\/\/analyse.optim.biz\/index.php?rest_route=\/wp\/v2\/users\/1"}],"replies":[{"embeddable":true,"href":"https:\/\/analyse.optim.biz\/index.php?rest_route=%2Fwp%2Fv2%2Fcomments&post=2112083"}],"version-history":[{"count":0,"href":"https:\/\/analyse.optim.biz\/index.php?rest_route=\/wp\/v2\/posts\/2112083\/revisions"}],"wp:attachment":[{"href":"https:\/\/analyse.optim.biz\/index.php?rest_route=%2Fwp%2Fv2%2Fmedia&parent=2112083"}],"wp:term":[{"taxonomy":"category","embeddable":true,"href":"https:\/\/analyse.optim.biz\/index.php?rest_route=%2Fwp%2Fv2%2Fcategories&post=2112083"},{"taxonomy":"post_tag","embeddable":true,"href":"https:\/\/analyse.optim.biz\/index.php?rest_route=%2Fwp%2Fv2%2Ftags&post=2112083"}],"curies":[{"name":"wp","href":"https:\/\/api.w.org\/{rel}","templated":true}]}}