{"id":2112079,"date":"2026-08-25T08:29:29","date_gmt":"2026-08-25T05:29:29","guid":{"rendered":"https:\/\/analyse.optim.biz\/?p=2112079"},"modified":"2026-08-25T08:29:29","modified_gmt":"2026-08-25T05:29:29","slug":"dragos-pislaru-daca-nu-va-exista-un-acord-politic-azi-nu-va-mai-fi-timp-pentru-promulgarea-legii-salarizarii","status":"publish","type":"post","link":"https:\/\/analyse.optim.biz\/?p=2112079","title":{"rendered":"Drago\u0219 P\u00eeslaru: Dac\u0103 nu va exista un acord politic azi, nu va mai fi timp pentru promulgarea Legii Salariz\u0103rii"},"content":{"rendered":"<p>[analyse_image type=&#8221;featured&#8221; src=&#8221;https:\/\/ziardesuceava.ro\/wp-content\/uploads\/2026\/02\/pislaru-mipe.jpg&#8221;]<\/p>\n<div class=\"post-content clearfix\">\n<div class=\"blog-post-thumb\"><img loading=\"lazy\" decoding=\"async\" width=\"820\" height=\"546\" src=\"https:\/\/ziardesuceava.ro\/wp-content\/uploads\/2026\/02\/pislaru-mipe.jpg\" class=\"attachment-inhype-blog-thumb size-inhype-blog-thumb wp-post-image\" alt><\/div>\n<div class=\"entry-content\">\n<p>Ministrul interimar al Muncii, Drago\u0219 P\u00eeslaru, a declarat, mar\u021bi, la Digi24, c\u0103 dac\u0103 nu va exista ast\u0103zi un acord politic privind proiectul legii salariz\u0103rii, nu va mai fi timp pentru a fi promulgat\u0103 legea \u00eenainte de termenul final al PNRR \u2013 31 august.<\/p>\n<p>\u201e\u00cen mod evident, este al 12-lea ceas. Dac\u0103 ast\u0103zi nu o s\u0103 avem un acord politic, nu mai este timp s\u0103 adop\u021bi \u0219i s\u0103 promulgi aceast\u0103 lege. Asta \u00eenseamn\u0103 c\u0103 responsabilitatea direct\u0103 va fi a partidelor care s-au opus sau au avut rezerve \u0219i lucrul \u0103sta trebuie s\u0103-l \u021bin\u0103 minte to\u021bi cei din administra\u021bia public\u0103 care fie s-au l\u0103sat min\u021bi\u021bi. Acuma partidele \u00eencearc\u0103 s\u0103 evite o responsabilitate\u201d, arat\u0103 ministrul interimar al Muncii, Drago\u0219 P\u00eeslaru.<\/p>\n<p>\u0218eful statului va avea o nou\u0103 discu\u021bie cu Ilie Bolojan, Sorin Grindeanu, Dominic Fritz \u0219i Kelemen Hunor, de la ora 13:00, pentru a \u00eencerca s\u0103 deblocheze Legea Salariz\u0103rii.<\/p>\n<p>Dac\u0103 nu va exista un acord nici de aceast\u0103 dat\u0103, legea nu va fi adoptat\u0103 la timp pentru a respecta jalonul din PNRR, spun liderii politici deja, iar Rom\u00e2nia va pierde 770 de milioane de euro.<\/p>\n<\/div>\n<div class=\"inhype-social-share-fixed sidebar-position-right\">\n<div class=\"post-social-wrapper\">\n<div class=\"post-social-title\"><span class=\"post-social-title-text\">Share<\/span><\/div>\n<\/div>\n<\/div>\n<\/div>\n<p>[analyse_source url=&#8221;https:\/\/ziardesuceava.ro\/dragos-pislaru-daca-nu-va-exista-un-acord-politic-azi-nu-va-mai-fi-timp-pentru-promulgarea-legii-salarizarii\/&#8221;]<\/p>\n","protected":false},"excerpt":{"rendered":"<p>[analyse_image type=&#8221;featured&#8221; src=&#8221;https:\/\/ziardesuceava.ro\/wp-content\/uploads\/2026\/02\/pislaru-mipe.jpg&#8221;] Ministrul interimar al Muncii, Drago\u0219 P\u00eeslaru, a declarat, mar\u021bi, la Digi24, c\u0103 dac\u0103 nu va exista ast\u0103zi un acord politic privind proiectul legii salariz\u0103rii, nu va mai fi timp pentru a fi promulgat\u0103 legea \u00eenainte de termenul final al PNRR \u2013 31 august. \u201e\u00cen mod evident, este al 12-lea ceas. Dac\u0103 ast\u0103zi [&hellip;]<\/p>\n","protected":false},"author":1,"featured_media":0,"comment_status":"open","ping_status":"","sticky":false,"template":"","format":"standard","meta":{"footnotes":""},"categories":[89],"tags":[226,171],"class_list":["post-2112079","post","type-post","status-publish","format-standard","hentry","category-romania","tag-crawlmanager","tag-ziardesuceava-ro"],"_links":{"self":[{"href":"https:\/\/analyse.optim.biz\/index.php?rest_route=\/wp\/v2\/posts\/2112079","targetHints":{"allow":["GET"]}}],"collection":[{"href":"https:\/\/analyse.optim.biz\/index.php?rest_route=\/wp\/v2\/posts"}],"about":[{"href":"https:\/\/analyse.optim.biz\/index.php?rest_route=\/wp\/v2\/types\/post"}],"author":[{"embeddable":true,"href":"https:\/\/analyse.optim.biz\/index.php?rest_route=\/wp\/v2\/users\/1"}],"replies":[{"embeddable":true,"href":"https:\/\/analyse.optim.biz\/index.php?rest_route=%2Fwp%2Fv2%2Fcomments&post=2112079"}],"version-history":[{"count":0,"href":"https:\/\/analyse.optim.biz\/index.php?rest_route=\/wp\/v2\/posts\/2112079\/revisions"}],"wp:attachment":[{"href":"https:\/\/analyse.optim.biz\/index.php?rest_route=%2Fwp%2Fv2%2Fmedia&parent=2112079"}],"wp:term":[{"taxonomy":"category","embeddable":true,"href":"https:\/\/analyse.optim.biz\/index.php?rest_route=%2Fwp%2Fv2%2Fcategories&post=2112079"},{"taxonomy":"post_tag","embeddable":true,"href":"https:\/\/analyse.optim.biz\/index.php?rest_route=%2Fwp%2Fv2%2Ftags&post=2112079"}],"curies":[{"name":"wp","href":"https:\/\/api.w.org\/{rel}","templated":true}]}}