{"id":2112078,"date":"2026-08-26T08:11:13","date_gmt":"2026-08-26T05:11:13","guid":{"rendered":"https:\/\/analyse.optim.biz\/?p=2112078"},"modified":"2026-08-26T08:11:13","modified_gmt":"2026-08-26T05:11:13","slug":"liderul-aur-petrisor-peiu-sabotat-de-iuda-simion-in-interiorul-partidului","status":"publish","type":"post","link":"https:\/\/analyse.optim.biz\/?p=2112078","title":{"rendered":"Liderul AUR Petri\u0219or Peiu, sabotat de Iuda Simion \u00een interiorul partidului"},"content":{"rendered":"<p>[analyse_image type=&#8221;featured&#8221; src=&#8221;https:\/\/60m.ro\/wp-content\/uploads\/2026\/08\/Petrisor-Peiu-si-George-Simion.jpg&#8221;]<\/p>\n<div class=\"articleBody\" data-key=\"articleBody\">\n\u00cen interiorul\u00a0AUR\u00a0spiritele sunt extrem de puternic inflamate de Legea ANI, care i-ar pune cap\u0103t mandatului de primar lui Dominic Fritz. Liderul senatorilor AUR, Petri\u0219or Peiu, arat\u0103 c\u0103 el le-a cerut senatorilor AUR s\u0103 voteze Legea ANI, dar ace\u0219tia \u201dau ascultat de altcineva\u201d \u0219i s-au ab\u021binut la vot, ceea ce genereaz\u0103 tensiuni, iar liderul senatorilor AUR ia \u00een calcul demisia.<\/p>\n<p>Peiu: Eu le-am propus colegilor mei din AUR s\u0103 vot\u0103m \u201dpentru\u201d<\/p>\n<p>\u201dUn politician, la fel ca orice om, poate s\u0103 se nasc\u0103 frumos sau ur\u00e2t, de\u0219tept sau prost. Nimeni nu \u00ee\u0219i poate alege , la na\u0219tere, aceste \u00eensu\u0219iri.<\/p>\n<p>Dar oricine \u00ee\u0219i poate dob\u00e2ndi onoarea \u0219i \u00ee\u0219i poate p\u0103stra libertatea. Libertatea care nu te \u021bine dependent de al\u021bii, libertatea care \u00ee\u021bi permite s\u0103 alegi singur.<\/p>\n<p>Adev\u0103rul despre legea integrit\u0103\u021bii incluz\u00e2nd amendamentul Fritz este urm\u0103torul: pe 30 iulie , propunerea de lege a venit la Senat . Eu le-am propus colegilor de la AUR s\u0103 VOTAM PENTRU LEGE, dup\u0103 ce \u00een comisii noi sus\u021binuseram amendamentul Fritz. Colegii mei senatori AUR S-AU ABTINUT, \u00een pofida cererii mele, ascult\u00e2nd o alt\u0103 propunere. Evident c\u0103 mul\u021bi au criticat AUR atunci.<\/p>\n<p>Dup\u0103 multe aventuri \u0219i dup\u0103 ocolul la CCR, legea a ajuns la Camera Deputa\u021bilor \u00een forma de acum. Deputa\u021bii AUR au votat IMPOTRIVA , f\u0103r\u0103 sa se consulte cu mine. Ast\u0103zi, legea urmeaz\u0103 a se vota la Senat \u0219i dou\u0103 trusturi de presa m\u0103 acuz\u0103 pe mine ca nu ii las pe senatorii AUR s\u0103 voteze legea \u0219i c\u0103 astfel tr\u0103dez ( pe cine? Ce?).<\/p>\n<p>Oricine \u0219tie ca eu nu am impus niciunui coleg niciodat\u0103 modul \u00een care sa voteze. La grup am stabilit mereu \u00een mod democratic cum sa votam, dar \u0219i \u00een acest caz cine avea alta op\u021biune dec\u00e2t grupul a fost liber sa voteze conform propriei convingeri. Deci cum as putea eu impune un anumit vot vreunui senator AUR?<\/p>\n<p>Asa cum am spus, eu nu voi participa la acest vot, cum nu am participat nici la celelalte, deoarece cred ca senatorii AUR ar fi fost bine s\u0103 m\u0103 asculte \u00eenc\u0103 de pe 30 iulie.\n<\/p><\/div>\n<p>[analyse_source url=&#8221;https:\/\/60m.ro\/liderul-aur-petrisor-peiu-sabotat-de-iuda-simion-in-interiorul-partidului\/&#8221;]<\/p>\n","protected":false},"excerpt":{"rendered":"<p>[analyse_image type=&#8221;featured&#8221; src=&#8221;https:\/\/60m.ro\/wp-content\/uploads\/2026\/08\/Petrisor-Peiu-si-George-Simion.jpg&#8221;] \u00cen interiorul\u00a0AUR\u00a0spiritele sunt extrem de puternic inflamate de Legea ANI, care i-ar pune cap\u0103t mandatului de primar lui Dominic Fritz. Liderul senatorilor AUR, Petri\u0219or Peiu, arat\u0103 c\u0103 el le-a cerut senatorilor AUR s\u0103 voteze Legea ANI, dar ace\u0219tia \u201dau ascultat de altcineva\u201d \u0219i s-au ab\u021binut la vot, ceea ce genereaz\u0103 tensiuni, iar [&hellip;]<\/p>\n","protected":false},"author":1,"featured_media":0,"comment_status":"open","ping_status":"","sticky":false,"template":"","format":"standard","meta":{"footnotes":""},"categories":[89],"tags":[100,226],"class_list":["post-2112078","post","type-post","status-publish","format-standard","hentry","category-romania","tag-60m-ro","tag-crawlmanager"],"_links":{"self":[{"href":"https:\/\/analyse.optim.biz\/index.php?rest_route=\/wp\/v2\/posts\/2112078","targetHints":{"allow":["GET"]}}],"collection":[{"href":"https:\/\/analyse.optim.biz\/index.php?rest_route=\/wp\/v2\/posts"}],"about":[{"href":"https:\/\/analyse.optim.biz\/index.php?rest_route=\/wp\/v2\/types\/post"}],"author":[{"embeddable":true,"href":"https:\/\/analyse.optim.biz\/index.php?rest_route=\/wp\/v2\/users\/1"}],"replies":[{"embeddable":true,"href":"https:\/\/analyse.optim.biz\/index.php?rest_route=%2Fwp%2Fv2%2Fcomments&post=2112078"}],"version-history":[{"count":0,"href":"https:\/\/analyse.optim.biz\/index.php?rest_route=\/wp\/v2\/posts\/2112078\/revisions"}],"wp:attachment":[{"href":"https:\/\/analyse.optim.biz\/index.php?rest_route=%2Fwp%2Fv2%2Fmedia&parent=2112078"}],"wp:term":[{"taxonomy":"category","embeddable":true,"href":"https:\/\/analyse.optim.biz\/index.php?rest_route=%2Fwp%2Fv2%2Fcategories&post=2112078"},{"taxonomy":"post_tag","embeddable":true,"href":"https:\/\/analyse.optim.biz\/index.php?rest_route=%2Fwp%2Fv2%2Ftags&post=2112078"}],"curies":[{"name":"wp","href":"https:\/\/api.w.org\/{rel}","templated":true}]}}