{"id":2112074,"date":"2026-08-25T07:56:34","date_gmt":"2026-08-25T04:56:34","guid":{"rendered":"https:\/\/analyse.optim.biz\/?p=2112074"},"modified":"2026-08-25T07:56:34","modified_gmt":"2026-08-25T04:56:34","slug":"ppe-si-renew-europe-cer-comisiei-sa-retina-fonduri-pentru-romania-din-cauza-amendamentului-fritz","status":"publish","type":"post","link":"https:\/\/analyse.optim.biz\/?p=2112074","title":{"rendered":"PPE \u0219i Renew Europe cer Comisiei s\u0103 re\u021bin\u0103 fonduri pentru Rom\u00e2nia din cauza amendamentului Fritz"},"content":{"rendered":"<p>[analyse_image type=&#8221;featured&#8221; src=&#8221;https:\/\/ziardesuceava.ro\/wp-content\/uploads\/2026\/08\/79832-1024&#215;683.jpg&#8221;]<\/p>\n<div class=\"post-content clearfix\">\n<div class=\"blog-post-thumb\"><img loading=\"lazy\" decoding=\"async\" width=\"1140\" height=\"694\" src=\"https:\/\/ziardesuceava.ro\/wp-content\/uploads\/2026\/08\/79832-1140x694.jpg\" class=\"attachment-inhype-blog-thumb size-inhype-blog-thumb wp-post-image\" alt><\/div>\n<div class=\"entry-content\">\n<div>\n<p class=\"fara-orfani lead\">Partidul Popular European (PPE) \u0219i liberale Renew Europe \u00eei cer pre\u0219edintei Comisiei, Ursula von der Leyen, s\u0103 re\u021bin\u0103 770 de milioane de euro din fondurile UE c\u0103tre Rom\u00e2nia din cauza preocup\u0103rilor legate de statul de drept.<\/p>\n<div class=\"continut-articol\">\n<p>Liderul PPE, Manfred Weber, \u0219i lidera Renew, Val\u00e9rie Hayer, i-au cerut lui von der Leyen \u201cs\u0103 clarifice \u00een mod neechivoc\u201d faptul c\u0103 banii \u2013 parte a Planului Na\u021bional de Redresare \u0219i Rezilien\u021b\u0103 (PNRR) \u2013 nu vor fi acorda\u021bi p\u00e2n\u0103 c\u00e2nd Bucure\u0219tiul nu renun\u021b\u0103 la modificarea unei legi care ar putea duce la \u00eencetarea mandatului unui lider al unei forma\u021biuni poltice membre a Renew Europe, potrivit unei scrisori consultate de Politico.<\/p>\n<p>Social-democra\u021bii (PSD), cu sprijinul partidului de extrem\u0103 dreapta AUR, au introdus un amendament la o lege privind integritatea \u00een func\u021bie care ar putea determina \u00eencetarea mandatului liderului USR Dominic Fritz la conducerea Prim\u0103riei Timi\u0219oarei, din cauza unui caz anterior de conflict de interese. <\/p>\n<p>Weber \u0219i Hayer spun c\u0103 aplicarea sa retroactiv\u0103 \u00eencalc\u0103 legisla\u021bia UE \u0219i Constitu\u021bia Rom\u00e2niei\u00a0 \u0219i acuz\u0103 PSD c\u0103 \u00eel vizeaz\u0103 \u00een mod deliberat pe Fritz.<\/p>\n<p>\u201cBanii contribuabililor europeni nu trebuie s\u0103 devin\u0103 niciodat\u0103 un cec \u00een alb pentru jocuri de putere politice\u201d, a declarat Hayer pentru Politico. Weber a ad\u0103ugat c\u0103, \u201cdac\u0103 legisla\u021bia este adaptat\u0103 pentru a \u00eenl\u0103tura un adversar politic, iar fondurile UE sunt folosite ca p\u00e2rghie pentru a o impune, aceasta nu mai este doar politic\u0103 \u2013 este o problem\u0103 legat\u0103 de statul de drept\u201d.<\/p>\n<p>\u00cen scrisoare, ei solicit\u0103 Comisiei s\u0103 transmit\u0103 \u201cun semnal\u201d \u00eenainte ca pre\u0219edintele rom\u00e2n Nicu\u0219or Dan s\u0103 semneze legea \u0219i \u00eenainte de termenul limit\u0103 de 31 august pentru reformele care ar elibera fondurile europene.<\/p>\n<p>PSD nu a dorit s\u0103 comenteze.<\/p>\n<p>\u00centoars\u0103 de la CCR care a declarat neconstitu\u021bional un amendament, Legea integrit\u0103\u021bii a fost adoptat\u0103 luni de plenul Camerei Deputa\u021bilor, cu amendamente privind transparen\u021ba averilor \u0219i intereselor demnitarilor.<\/p>\n<p>Ea include \u00eens\u0103 \u00een continuare a\u0219a-numitul\u00a0\u201camendament Fritz\u201d, dup\u0103 ce CCR a declarat c\u0103 este constitu\u021bional.\u00a0<\/p>\n<p>Fiind jalon \u00een PNRR, legea trebuie aprobat\u0103 p\u00e2n\u0103 pe 31 august.<\/p>\n<\/div>\n<\/div>\n<\/div>\n<div class=\"inhype-social-share-fixed sidebar-position-right\">\n<div class=\"post-social-wrapper\">\n<div class=\"post-social-title\"><span class=\"post-social-title-text\">Share<\/span><\/div>\n<\/div>\n<\/div>\n<\/div>\n<p>[analyse_source url=&#8221;https:\/\/ziardesuceava.ro\/ppe-si-renew-europe-cer-comisiei-sa-retina-fonduri-pentru-romania-din-cauza-amendamentului-fritz\/&#8221;]<\/p>\n","protected":false},"excerpt":{"rendered":"<p>[analyse_image type=&#8221;featured&#8221; src=&#8221;https:\/\/ziardesuceava.ro\/wp-content\/uploads\/2026\/08\/79832-1024&#215;683.jpg&#8221;] Partidul Popular European (PPE) \u0219i liberale Renew Europe \u00eei cer pre\u0219edintei Comisiei, Ursula von der Leyen, s\u0103 re\u021bin\u0103 770 de milioane de euro din fondurile UE c\u0103tre Rom\u00e2nia din cauza preocup\u0103rilor legate de statul de drept. Liderul PPE, Manfred Weber, \u0219i lidera Renew, Val\u00e9rie Hayer, i-au cerut lui von der Leyen \u201cs\u0103 [&hellip;]<\/p>\n","protected":false},"author":1,"featured_media":0,"comment_status":"open","ping_status":"","sticky":false,"template":"","format":"standard","meta":{"footnotes":""},"categories":[89],"tags":[226,171],"class_list":["post-2112074","post","type-post","status-publish","format-standard","hentry","category-romania","tag-crawlmanager","tag-ziardesuceava-ro"],"_links":{"self":[{"href":"https:\/\/analyse.optim.biz\/index.php?rest_route=\/wp\/v2\/posts\/2112074","targetHints":{"allow":["GET"]}}],"collection":[{"href":"https:\/\/analyse.optim.biz\/index.php?rest_route=\/wp\/v2\/posts"}],"about":[{"href":"https:\/\/analyse.optim.biz\/index.php?rest_route=\/wp\/v2\/types\/post"}],"author":[{"embeddable":true,"href":"https:\/\/analyse.optim.biz\/index.php?rest_route=\/wp\/v2\/users\/1"}],"replies":[{"embeddable":true,"href":"https:\/\/analyse.optim.biz\/index.php?rest_route=%2Fwp%2Fv2%2Fcomments&post=2112074"}],"version-history":[{"count":0,"href":"https:\/\/analyse.optim.biz\/index.php?rest_route=\/wp\/v2\/posts\/2112074\/revisions"}],"wp:attachment":[{"href":"https:\/\/analyse.optim.biz\/index.php?rest_route=%2Fwp%2Fv2%2Fmedia&parent=2112074"}],"wp:term":[{"taxonomy":"category","embeddable":true,"href":"https:\/\/analyse.optim.biz\/index.php?rest_route=%2Fwp%2Fv2%2Fcategories&post=2112074"},{"taxonomy":"post_tag","embeddable":true,"href":"https:\/\/analyse.optim.biz\/index.php?rest_route=%2Fwp%2Fv2%2Ftags&post=2112074"}],"curies":[{"name":"wp","href":"https:\/\/api.w.org\/{rel}","templated":true}]}}