{"id":2112073,"date":"2026-08-26T08:09:38","date_gmt":"2026-08-26T05:09:38","guid":{"rendered":"https:\/\/analyse.optim.biz\/?p=2112073"},"modified":"2026-08-26T08:09:38","modified_gmt":"2026-08-26T05:09:38","slug":"zilele-lui-ilie-lucie-saracie-la-palatul-victoria-au-intrat-in-sac-calcul-parlamentar-care-arata-ca-un-viitor-guvern-psd-e-posibil","status":"publish","type":"post","link":"https:\/\/analyse.optim.biz\/?p=2112073","title":{"rendered":"Zilele lui \u201eIlie, lucie s\u0103r\u0103cie\u201d la Palatul Victoria au intrat \u00een sac! Calcul parlamentar care arat\u0103 c\u0103 un viitor Guvern PSD e posibil"},"content":{"rendered":"<p>[analyse_image type=&#8221;featured&#8221; src=&#8221;https:\/\/60m.ro\/wp-content\/uploads\/2026\/08\/Screenshot-2026-08-26-110707.png&#8221;]<\/p>\n<div class=\"articleBody\" data-key=\"articleBody\">\nZilele interimatului \u201eguvernului franjuri\u201d condus de Ilie Bolojan se apropie de sf\u00e2r\u0219it. Ultima s\u0103pt\u0103m\u00e2n\u0103 a verii ascunde stabilirea detaliilor finale purtate \u00een culisele politicii d\u00e2mbovi\u021bene despre apropiata schimbare, iar toat\u0103 lumea a\u0219teapt\u0103 mai nou doar semnalul \u201eatacului final\u201d.<\/p>\n<p>Imediat dup\u0103 1 septembrie, e de a\u0219teptat ca PSD s\u0103 preia total ofensiva, nu doar mediatic\u0103, \u0219i s\u0103 anun\u021be oficial c\u0103-\u0219i asum\u0103 soarta guvern\u0103rii.<\/p>\n<p>Asta nu \u00eenainte de a le repro\u0219a liberalilor un nou e\u0219ec, cel al Legii Salariz\u0103rii, ce trebuia finalizat\u0103 p\u00e2n\u0103 la 31 august, motiv pentru care vom rata cu siguran\u021b\u0103 cele 770 de milioane de euro de la Uniunea European\u0103, trecute de ceva vreme \u00een celebrul PNRR.<\/p>\n<p>Pragul necesar de 233 de voturi parlamentare ar putea atins \u0219i dep\u0103\u0219it cu mult\u0103 lejeritate<\/p>\n<p>Un banal calcul matematic ne indic\u0103 c\u0103 principalul partid al \u021b\u0103rii se apropie vertiginos de pragul necesar de voturi pentru a ajunge la Palatul Victoria, 233!<\/p>\n<p>\u00cen prezent, partidul lui Sorin Grindeanu are 127 de voturi pe care se poate baza, f\u0103r\u0103 niciun fel de probleme. La acestea se adaug\u0103 cele 78 ce vor veni \u00een contul PSD din partea parlamentarilor ce reprezint\u0103 minorit\u0103\u021bile, dar \u0219i din partea celor independen\u021bi \u0219i neafilia\u021bi.<\/p>\n<p>S\u0103 reamintim c\u0103 dintre cele dou\u0103 cele mai mici partide intrate \u00een Parlament \u00een noiembrie 2024, doar S.O.S. Rom\u00e2nia a reu\u0219it s\u0103-\u0219i salveze grupul parlamentar de la Camera Deputa\u021bilor. Grupul europarlamentarului Diana Iovanovici \u0218o\u0219oac\u0103 num\u0103r\u0103 \u00eenc\u0103 13 membri.<\/p>\n<p>Asta \u00een condi\u021biile \u00een care dup\u0103 alegerile din 2024, S.O.S Rom\u00e2nia a trimis \u00een parlament nu mai pu\u021bin de 40 de ale\u0219i. La r\u00e2ndul s\u0103u, Partidul Oamenilor Tineri (POT) nu mai exist\u0103, dup\u0103 dispari\u021bia grupurilor sale parlamentare, at\u00e2t cel din Camer\u0103, c\u00e2t \u0219i cel din Senat. POT trimisese \u00een Legislativ, dup\u0103 cele mai recente alegeri, 31 de ale\u0219i la nivel na\u021bional.<\/p>\n<p>Celor 205 de voturi rezultate printr-o banal\u0103 adunare aritmetic\u0103 le mai lipsesc a\u0219adar pentru reu\u0219it\u0103 doar 28!<\/p>\n<p>Presiune sporit\u0103 \u0219i pe ultimii parlamentari ai grupului S.O.S. Rom\u00e2nia!<\/p>\n<p>Pesedi\u0219tii \u0219tiu c\u0103 se pot baza \u00eens\u0103 pe numeroase alte voturi. \u00centre 10 \u0219i 15 ar putea veni din partea liberalilor care au demonstrat \u00eenc\u0103 la \u00eenceputul verii c\u0103 sunt dispu\u0219i s\u0103 treac\u0103 \u00een viitoarea tab\u0103r\u0103 a guvern\u0103rii. Exist\u0103 \u00eens\u0103 voci, \u0219i nu pu\u021bine, care sus\u021bin c\u0103 cifra parlamentarilor liberali revolta\u021bi fa\u021b\u0103 de politica dus\u0103 de Ilie Bolojan \u00een interiorul PNL ar putea dep\u0103\u0219i cu u\u0219urin\u021ba pragul a 20 de voturi.<\/p>\n<p>ad<\/p>\n<p>\u00cen plus, o presiune aparte se va pune pe umerii parlamentarilor S.O.S. Rom\u00e2nia, care ar putea \u00eenclina decisiv balan\u021ba. Asta nemaivorbind \u0219i de faptul c\u0103 exist\u0103 \u00eentre cinci \u0219i zece parlamentari AUR dispu\u0219i oric\u00e2nd, la r\u00e2ndul lor, s\u0103-\u0219i ajute \u201ecamarazii de r\u0103zboi\u201d, \u00een ciuda declara\u021biilor belicoase ale liderului lor, George Simion.<\/p>\n<p>De remarcat c\u0103 apelului public de salvare a capitalului autohton, lansat la jum\u0103tatea lunii august de c\u0103tre deputatul AUR Mohammad Murad, i-au r\u0103spuns pozitiv o serie de lideri pesedi\u0219ti.<\/p>\n<p>Bomboana pe tort ar putea veni \u00eens\u0103 din partea parlamentarilor UDMR. Ace\u0219tia se pot l\u0103uda cu o zestre semnificativ\u0103 de voturi, 31 la num\u0103r.<\/p>\n<p>\u201eAmendamentul Fritz\u201d, adoptat \u00een CCR cu votul celor de la UDMR!<\/p>\n<p>Dac\u0103 UDMR sare din barca guvern\u0103rii actuale, unde se afl\u0103 al\u0103turi de PNL \u0219i USR, \u00een cea a guvern\u0103rii al\u0103turi de PSD, atunci cheia succesului e garantat\u0103, iar un viitor Executiv Grindeanu ar putea trece fluier\u00e2nd de votul Parlamentului, cu circa 270 de voturi \u00een favoarea sa.<\/p>\n<p>Cea mai recent\u0103 \u201epiatr\u0103 de \u00eencercare\u201d a actualei coali\u021bii, votul din cadrul Cur\u021bii Constitu\u021bionale a Rom\u00e2niei pe tema Amendamentului Fritz, adoptat cu scorul final de 5-3 la data de 17 august, ne indic\u0103 faptul c\u0103 judec\u0103torul trimis la Curte de c\u0103tre UDMR a preferat tab\u0103ra ce se contureaz\u0103 a fi deja majoritar\u0103, cea a PSD-ului, \u00een defavoarea celei a alia\u021bilor, \u00eenc\u0103, actuali, PNL \u0219i USR!<\/p>\n<\/div>\n<p>[analyse_source url=&#8221;https:\/\/60m.ro\/zilele-lui-ilie-lucie-saracie-la-palatul-victoria-au-intrat-in-sac-calcul-parlamentar-care-arata-ca-un-viitor-guvern-psd-e-posibil\/&#8221;]<\/p>\n","protected":false},"excerpt":{"rendered":"<p>[analyse_image type=&#8221;featured&#8221; src=&#8221;https:\/\/60m.ro\/wp-content\/uploads\/2026\/08\/Screenshot-2026-08-26-110707.png&#8221;] Zilele interimatului \u201eguvernului franjuri\u201d condus de Ilie Bolojan se apropie de sf\u00e2r\u0219it. Ultima s\u0103pt\u0103m\u00e2n\u0103 a verii ascunde stabilirea detaliilor finale purtate \u00een culisele politicii d\u00e2mbovi\u021bene despre apropiata schimbare, iar toat\u0103 lumea a\u0219teapt\u0103 mai nou doar semnalul \u201eatacului final\u201d. Imediat dup\u0103 1 septembrie, e de a\u0219teptat ca PSD s\u0103 preia total ofensiva, nu [&hellip;]<\/p>\n","protected":false},"author":1,"featured_media":0,"comment_status":"open","ping_status":"","sticky":false,"template":"","format":"standard","meta":{"footnotes":""},"categories":[89],"tags":[100,226],"class_list":["post-2112073","post","type-post","status-publish","format-standard","hentry","category-romania","tag-60m-ro","tag-crawlmanager"],"_links":{"self":[{"href":"https:\/\/analyse.optim.biz\/index.php?rest_route=\/wp\/v2\/posts\/2112073","targetHints":{"allow":["GET"]}}],"collection":[{"href":"https:\/\/analyse.optim.biz\/index.php?rest_route=\/wp\/v2\/posts"}],"about":[{"href":"https:\/\/analyse.optim.biz\/index.php?rest_route=\/wp\/v2\/types\/post"}],"author":[{"embeddable":true,"href":"https:\/\/analyse.optim.biz\/index.php?rest_route=\/wp\/v2\/users\/1"}],"replies":[{"embeddable":true,"href":"https:\/\/analyse.optim.biz\/index.php?rest_route=%2Fwp%2Fv2%2Fcomments&post=2112073"}],"version-history":[{"count":0,"href":"https:\/\/analyse.optim.biz\/index.php?rest_route=\/wp\/v2\/posts\/2112073\/revisions"}],"wp:attachment":[{"href":"https:\/\/analyse.optim.biz\/index.php?rest_route=%2Fwp%2Fv2%2Fmedia&parent=2112073"}],"wp:term":[{"taxonomy":"category","embeddable":true,"href":"https:\/\/analyse.optim.biz\/index.php?rest_route=%2Fwp%2Fv2%2Fcategories&post=2112073"},{"taxonomy":"post_tag","embeddable":true,"href":"https:\/\/analyse.optim.biz\/index.php?rest_route=%2Fwp%2Fv2%2Ftags&post=2112073"}],"curies":[{"name":"wp","href":"https:\/\/api.w.org\/{rel}","templated":true}]}}