{"id":2112070,"date":"2026-08-26T08:15:40","date_gmt":"2026-08-26T05:15:40","guid":{"rendered":"https:\/\/analyse.optim.biz\/?p=2112070"},"modified":"2026-08-26T08:15:40","modified_gmt":"2026-08-26T05:15:40","slug":"administratia-trump-suspenda-programarile-pentru-vize-pentru-solicitantii-din-intreaga-lume","status":"publish","type":"post","link":"https:\/\/analyse.optim.biz\/?p=2112070","title":{"rendered":"Administra\u0163ia Trump suspend\u0103 program\u0103rile pentru vize pentru solicitan\u0163ii din \u00eentreaga lume"},"content":{"rendered":"<p>[analyse_image type=&#8221;featured&#8221; src=&#8221;https:\/\/ziardesuceava.ro\/wp-content\/uploads\/2026\/08\/viza-america-1024&#215;683.jpg&#8221;]<\/p>\n<div class=\"post-content clearfix\">\n<div class=\"blog-post-thumb\"><img loading=\"lazy\" decoding=\"async\" width=\"1080\" height=\"694\" src=\"https:\/\/ziardesuceava.ro\/wp-content\/uploads\/2026\/08\/viza-america-1080x694.jpg\" class=\"attachment-inhype-blog-thumb size-inhype-blog-thumb wp-post-image\" alt><\/div>\n<div class=\"entry-content\">\n<p class=\"first-paragraph\">Administra\u0163ia pre\u015fedintelui Donald Trump a suspendat program\u0103rile pentru vize pentru solicitan\u0163ii din \u00eentreaga lume, \u00een contextul unei campanii de represiune \u00een domeniul imigra\u0163iei desf\u0103\u015furate de guvernul SUA \u00een cel de-al doilea mandat al liderului republican la Casa Alb\u0103, relateaz\u0103 Reuters.<\/p>\n<p>Un purt\u0103tor de cuv\u00e2nt al Departamentului de Stat al SUA a declarat mar\u0163i c\u0103 a fost lansat\u0103 o ini\u0163iativ\u0103 global\u0103 de formare profesional\u0103 la toate ambasadele \u015fi consulatele SUA din \u00eentreaga lume \u015fi c\u0103 program\u0103rile pentru serviciile de vize vor fi ajustate pentru a permite desf\u0103\u015furarea acestui instructaj.<\/p>\n<p>Trump a dus o campanie agresiv\u0103 de expulzare \u015fi o campanie de represiune \u00eempotriva imigra\u0163iei, care include revocarea vizelor \u015fi a permiselor de \u015federe (green cards), precum \u015fi respingerea cererilor din diverse motive, cum ar fi opiniile politice \u015fi protestele pro-palestiniene \u00eempotriva Israelului, aliat al SUA.<\/p>\n<p>Casa Alb\u0103 afirm\u0103 c\u0103 aceste m\u0103suri au ca scop \u00eembun\u0103t\u0103\u0163irea securit\u0103\u0163ii interne.<\/p>\n<p>M\u0103surile au \u00eent\u00e2mpinat c\u00e2teva obstacole juridice. Vineri, un judec\u0103tor american a anulat o politic\u0103 a administra\u0163iei Trump care suspenda eliberarea vizelor de imigrant pentru solicitan\u0163ii din 75 de \u0163\u0103ri, afirm\u00e2nd c\u0103 politica dep\u0103\u015fea autoritatea legal\u0103 a secretarului de stat Marco Rubio.<\/p>\n<p>Departamentul de Stat nu a oferit detalii cu privire la instruire \u015fi la calendarul acesteia, limit\u00e2ndu-se s\u0103 precizeze c\u0103 instruirea are scopul de a ajuta func\u0163ionarii consulari s\u0103-i elimine pe solicitan\u0163ii considera\u0163i susceptibili de a deveni dependen\u0163i de ajutoarele sociale americane \u015fi de a asigura evaluarea solicitan\u0163ilor de viz\u0103 \u201e\u00een mod cuprinz\u0103tor \u015fi consecvent\u201d.<\/p>\n<p>Suspendarea program\u0103rilor pentru vize a fost semnalat\u0103 anterior de\u00a0<em>Financial Times<\/em>, care a precizat c\u0103 solicitan\u0163ii de vize de imigrant cu interviuri programate la ambasadele \u015fi consulatele SUA au primit e-mailuri prin care au fost informa\u0163i c\u0103 sunt reprograma\u0163i \u015fi c\u0103 vor primi o notificare ulterioar\u0103 cu privire la o nou\u0103 dat\u0103.<\/p>\n<p>M\u0103surile restrictive ale lui Trump \u00een materie de imigra\u0163ie au fost condamnate pe scar\u0103 larg\u0103 de grupurile pentru drepturile omului, fiind considerate discriminatorii \u015fi \u00eenc\u0103lc\u00e2nd dreptul la libertatea de exprimare \u015fi dreptul la un proces echitabil. Grupurile pentru drepturile omului afirm\u0103, de asemenea, c\u0103 aceste m\u0103suri au creat un mediu nesigur \u00een SUA, \u00een special pentru minorit\u0103\u0163ile etnice care \u015fi-au exprimat \u00eengrijorarea cu privire la profilarea rasial\u0103.<\/p>\n<p>De\u015fi Trump \u015fi-a desf\u0103\u015furat campania electoral\u0103 din 2024 cu o platform\u0103 care promitea stoparea imigra\u0163iei ilegale, administra\u0163ia sa a \u00eengreunat \u015fi imigra\u0163ia legal\u0103 \u2013 de exemplu, prin impunerea unor taxe noi \u015fi costisitoare pentru solicitan\u0163ii anumitor vize de munc\u0103.<\/p>\n<\/div>\n<div class=\"inhype-social-share-fixed sidebar-position-right\">\n<div class=\"post-social-wrapper\">\n<div class=\"post-social-title\"><span class=\"post-social-title-text\">Share<\/span><\/div>\n<\/div>\n<\/div>\n<\/div>\n<p>[analyse_source url=&#8221;https:\/\/ziardesuceava.ro\/administratia-trump-suspenda-programarile-pentru-vize-pentru-solicitantii-din-intreaga-lume\/&#8221;]<\/p>\n","protected":false},"excerpt":{"rendered":"<p>[analyse_image type=&#8221;featured&#8221; src=&#8221;https:\/\/ziardesuceava.ro\/wp-content\/uploads\/2026\/08\/viza-america-1024&#215;683.jpg&#8221;] Administra\u0163ia pre\u015fedintelui Donald Trump a suspendat program\u0103rile pentru vize pentru solicitan\u0163ii din \u00eentreaga lume, \u00een contextul unei campanii de represiune \u00een domeniul imigra\u0163iei desf\u0103\u015furate de guvernul SUA \u00een cel de-al doilea mandat al liderului republican la Casa Alb\u0103, relateaz\u0103 Reuters. Un purt\u0103tor de cuv\u00e2nt al Departamentului de Stat al SUA a declarat [&hellip;]<\/p>\n","protected":false},"author":1,"featured_media":0,"comment_status":"open","ping_status":"","sticky":false,"template":"","format":"standard","meta":{"footnotes":""},"categories":[89],"tags":[226,171],"class_list":["post-2112070","post","type-post","status-publish","format-standard","hentry","category-romania","tag-crawlmanager","tag-ziardesuceava-ro"],"_links":{"self":[{"href":"https:\/\/analyse.optim.biz\/index.php?rest_route=\/wp\/v2\/posts\/2112070","targetHints":{"allow":["GET"]}}],"collection":[{"href":"https:\/\/analyse.optim.biz\/index.php?rest_route=\/wp\/v2\/posts"}],"about":[{"href":"https:\/\/analyse.optim.biz\/index.php?rest_route=\/wp\/v2\/types\/post"}],"author":[{"embeddable":true,"href":"https:\/\/analyse.optim.biz\/index.php?rest_route=\/wp\/v2\/users\/1"}],"replies":[{"embeddable":true,"href":"https:\/\/analyse.optim.biz\/index.php?rest_route=%2Fwp%2Fv2%2Fcomments&post=2112070"}],"version-history":[{"count":0,"href":"https:\/\/analyse.optim.biz\/index.php?rest_route=\/wp\/v2\/posts\/2112070\/revisions"}],"wp:attachment":[{"href":"https:\/\/analyse.optim.biz\/index.php?rest_route=%2Fwp%2Fv2%2Fmedia&parent=2112070"}],"wp:term":[{"taxonomy":"category","embeddable":true,"href":"https:\/\/analyse.optim.biz\/index.php?rest_route=%2Fwp%2Fv2%2Fcategories&post=2112070"},{"taxonomy":"post_tag","embeddable":true,"href":"https:\/\/analyse.optim.biz\/index.php?rest_route=%2Fwp%2Fv2%2Ftags&post=2112070"}],"curies":[{"name":"wp","href":"https:\/\/api.w.org\/{rel}","templated":true}]}}