{"id":2112050,"date":"2026-08-26T07:48:29","date_gmt":"2026-08-26T04:48:29","guid":{"rendered":"https:\/\/analyse.optim.biz\/?p=2112050"},"modified":"2026-08-26T07:48:29","modified_gmt":"2026-08-26T04:48:29","slug":"trei-ani-de-la-tragedia-din-crevedia-ranitii-se-lupta-cu-sechelele-si-datoriile-in-timp-ce-dosarul-bate-pasul-pe-loc","status":"publish","type":"post","link":"https:\/\/analyse.optim.biz\/?p=2112050","title":{"rendered":"Trei ani de la tragedia din Crevedia: R\u0103ni\u021bii se lupt\u0103 cu sechelele \u0219i datoriile, \u00een timp ce dosarul bate pasul pe loc!"},"content":{"rendered":"<p>[analyse_image type=&#8221;featured&#8221; src=&#8221;https:\/\/60m.ro\/wp-content\/uploads\/2026\/08\/10.jpg&#8221;]<\/p>\n<div class=\"articleBody\" data-key=\"articleBody\">\nLa trei ani de la exploziile devastatoare din Crevedia, dosarul penal nu a ajuns \u00eenc\u0103 la judecata pe fond. Procesul se afl\u0103 \u00een continuare \u00een camera preliminar\u0103, iar urm\u0103torul termen este programat pe 9 septembrie. \u00centre timp, mai multe victime tr\u0103iesc cu r\u0103ni grave, datorii \u0219i case reconstruite doar par\u021bial, dup\u0103 tragedia soldat\u0103 cu \u0219ase mor\u021bi \u0219i 54 de r\u0103ni\u021bi.<\/p>\n<p>Pe 26 august 2023, nou\u0103 explozii urmate de un incendiu au avut loc la sta\u021bia GPL din Crevedia, de\u021binut\u0103 de compania Flagas. Opt case au fost distruse complet, iar alte 80 au fost afectate. Pentru 21 dintre r\u0103ni\u021bi au fost necesare peste 30 de zile de \u00eengrijiri medicale. Opt persoane au r\u0103mas internate dou\u0103 sau chiar trei luni.<\/p>\n<p>Unul dintre cele mai grave cazuri este cel al lui Cristian Coc\u00e2r\u021b\u0103, acum \u00een v\u00e2rst\u0103 de 48 de ani. El a avut nevoie de aproape jum\u0103tate de an de spitalizare, dup\u0103 ce a suferit arsuri pe aproximativ 45% din corp.<\/p>\n<p>Cristian Coc\u00e2r\u021b\u0103 tr\u0103ie\u0219te cu urm\u0103rile incendiului \u0219i cheltuie lunar mii de lei pe tratamente<\/p>\n<p>Cristian Coc\u00e2r\u021b\u0103 lucra ca \u0219ofer la centrul zonal Buftea al RAJA \u0219i era de permanen\u021b\u0103 \u00een ziua tragediei. El \u0219i colegul s\u0103u, Marian Borcan, au fost solicita\u021bi s\u0103 ajute pompierii cu accesul la hidran\u021bi. Cei doi au mers la Crevedia \u0219i, al\u0103turi de alte persoane, au spart casetele care blocau mai mul\u021bi hidran\u021bi. \u00cen timp ce lucrau la al \u0219aselea, o nou\u0103 explozie i-a surprins \u00een zon\u0103.<\/p>\n<p>\u201ePuteam s\u0103 \u00eentorc spatele \u015fi s\u0103 fug, dar to\u0163i erau solidari. Nimeni nu a fugit de acolo. Cei care oboseau se d\u0103deau mai \u00eentr-o parte \u015fi \u00ee\u015fi mai tr\u0103geau sufletul, erau aproape 40 de grade, o c\u0103ldur\u0103 insuportabil\u0103\u201d, poveste\u0219te Cristian Coc\u00e2r\u021b\u0103.<\/p>\n<p>Fl\u0103c\u0103rile i-au provocat arsuri grave pe scalp, m\u00e2ini, trunchi \u0219i picioare. A ajuns mai \u00eent\u00e2i la Spitalul Bagdasar-Arseni, apoi a fost transferat la Milano. S-a trezit dup\u0103 aproximativ \u0219ase s\u0103pt\u0103m\u00e2ni de com\u0103. Au urmat alte luni de spitalizare \u0219i tratamente. Dup\u0103 370 de zile de \u00eengrijiri medicale, s-a \u00eentors la serviciu.<\/p>\n<p>Problemele de s\u0103n\u0103tate continu\u0103 \u00eens\u0103. C\u0103ile respiratorii i-au fost afectate de foc, iar eforturile obi\u0219nuite au devenit dificile.<\/p>\n<p>\u201eMedicii au f\u0103cut aceast\u0103 decupare doar s\u0103 pot respira, s\u0103 nu mor sufocat. Limita mea la efort e minim\u0103\u201d, spune el.<\/p>\n<p>B\u0103rbatul trebuie s\u0103 \u00ee\u0219i \u00eengrijeasc\u0103 permanent pielea afectat\u0103 de arsuri, iar tratamentele \u00eel cost\u0103 aproximativ 5.000 de lei pe lun\u0103. Salariul s\u0103u este de circa 3.000 de lei.<\/p>\n<p>Familia are doi copii, iar so\u021bia sa nu lucreaz\u0103. Economiile de aproximativ 50.000 de euro, str\u00e2nse pentru construirea unei case, au fost folosite pentru cheltuielile medicale. Au urmat dou\u0103 credite, de 15.000 \u0219i 5.000 de euro. \u00cen prezent, familia este ajutat\u0103 \u0219i de fra\u021bii lui Cristian Coc\u00e2r\u021b\u0103, pleca\u021bi \u00een Marea Britanie.<\/p>\n<p>El spune c\u0103 \u00eenc\u0103 are nevoie de grefe de piele \u0219i c\u0103 problemele fizice au avut efecte \u0219i asupra st\u0103rii sale psihice.<\/p>\n<p>\u201eSunt distrus, nu am cum s\u0103 mai fiu un om normal. La fel \u015fi colegul Marian Borcan. Adic\u0103, \u015fi fizic, \u015fi psihic, suntem pu\u015fi la p\u0103m\u00e2nt, c\u0103 neputin\u0163a asta fizic\u0103 clar se reflect\u0103 \u00een psihic\u201d, spune Coc\u00e2r\u021b\u0103.<\/p>\n<p>Familii care \u0219i-au pierdut casele \u0219i apropia\u021bii \u00eencearc\u0103 s\u0103-\u0219i refac\u0103 vie\u021bile<\/p>\n<p>Tragedia a lovit direct \u0219i familia Barbu, care locuia peste drum de sta\u021bia GPL. Florica Barbu a fost surprins\u0103 de explozie \u00een curte \u0219i a suferit arsuri extrem de grave. So\u021bul s\u0103u, Ionel Barbu, a f\u0103cut stop cardiac dup\u0103 ce a v\u0103zut-o \u0219i a murit. Femeia a decedat ulterior la spital. Cele dou\u0103 case ale familiei au fost afectate at\u00e2t de grav \u00eenc\u00e2t au fost demolate.<\/p>\n<p>Potrivit News.ro, compania Flagas le-a oferit celor doi copii ai cuplului, Oana \u0219i Sorin, c\u00e2te o desp\u0103gubire \u00een cadrul unei \u00een\u021belegeri care presupunea s\u0103 nu se constituie parte \u00een proces. Oana a acceptat oferta, iar Sorin a refuzat-o.<\/p>\n<p>\u201eNu am mai vorbit cu sora mea, de atunci\u201d, spune Sorin Barbu.<\/p>\n<p>El nu inten\u021bioneaz\u0103 s\u0103 reconstruiasc\u0103 locuin\u021ba p\u0103rin\u021bilor \u0219i vrea s\u0103 v\u00e2nd\u0103 terenul.<\/p>\n<p>\u201eAcum, acolo sunt doar b\u0103l\u0103rii. Tr\u0103ie\u015fti cu amintirea \u015fi nu po\u0163i s\u0103 stai acolo\u201d, explic\u0103 el.<\/p>\n<p>\u0218i familia Iliescu \u0219i-a pierdut aproape tot ce avea. O cistern\u0103 proiectat\u0103 de una dintre explozii a ajuns \u00een curtea lor, iar incendiul care a urmat a distrus vila de 470 de metri p\u0103tra\u021bi \u00een care locuiau zece persoane.<\/p>\n<p>A fost afectat\u0103 \u0219i afacerea familiei. Au ars pale\u021bi \u00een valoare de aproximativ 1,3 milioane de lei, dou\u0103 camioane \u0219i un motostivuitor. O expertiz\u0103 tehnic\u0103 a evaluat pagubele la aproximativ 580.000 de euro pentru locuin\u021b\u0103 \u0219i peste 330.000 de euro pentru activitatea comercial\u0103.<\/p>\n<p>Familia a locuit o perioad\u0103 \u00een containere puse la dispozi\u021bie de autorit\u0103\u021bi. \u00cen ianuarie 2024, un alt incendiu, pornit de la instala\u021bia electric\u0103, a distrus \u0219i aceste spa\u021bii.<\/p>\n<p>Trei ani dup\u0103 tragedie, casa a fost reconstruit\u0103, dar este departe de a fi terminat\u0103.<\/p>\n<p>\u201eCasa e ceva mai mult de jum\u0103tate locuibil\u0103, ne-am mutat \u00een ea dar mai avem mult p\u00e2n\u0103 s\u0103 o finaliz\u0103m\u201d, spune Doina Iliescu.<\/p>\n<p>Potrivit acesteia, Flagas ar fi pl\u0103tit aproximativ 250.000 de euro din prejudiciul total estimat la peste 900.000 de euro.<\/p>\n<p>Afacerea familiei func\u021bioneaz\u0103 acum la aproximativ 30% din nivelul de dinaintea incendiului, dup\u0103 pierderea mai multor contracte. Un alt localnic, Constantin Nicolae Gavrilescu, locuia chiar l\u00e2ng\u0103 sta\u021bia GPL. \u00cen seara exploziei se afla \u00een gr\u0103din\u0103. A \u00eencercat s\u0103 \u00ee\u0219i scoat\u0103 so\u021bia din cas\u0103, aceasta neput\u00e2ndu-se deplasa singur\u0103. Femeia a suferit arsuri pe aproximativ o treime din corp \u0219i a avut nevoie de \u0219apte transplanturi de piele. A murit pe 29 februarie 2024, dup\u0103 externare.<\/p>\n<p>Familia ajunsese la un acord cu Flagas pentru reconstruirea propriet\u0103\u021bii, iar so\u021bia sa a mai apucat s\u0103 vad\u0103 casa \u00eenainte s\u0103 moar\u0103.<\/p>\n<p>Constantin Gavrilescu s-a \u00eentors ulterior \u00een locuin\u021b\u0103. Scrisul \u0219i literatura au devenit pentru el o form\u0103 de refugiu. A adunat inclusiv textele publicate online de so\u021bia sa \u0219i le-a transformat \u00eentr-un volum \u00een memoria ei.<\/p>\n<p>\u201eLiteratura m\u0103 \u0163ine \u00een via\u0163\u0103 \u015fi reconstruc\u0163ia a ceea ce a fost c\u00e2ndva, odat\u0103, \u00een curte\u201d, spune b\u0103rbatul.<\/p>\n<p>Dosarul Crevedia, tot \u00een camera preliminar\u0103 dup\u0103 trei ani<\/p>\n<p>\u00cen timp ce familiile \u00eencearc\u0103 s\u0103 \u00ee\u0219i refac\u0103 vie\u021bile, procesul penal nu a \u00eenceput \u00eenc\u0103 pe fond. Dosarul a fost \u00eenregistrat \u00een instan\u021b\u0103 pe 10 iunie 2024, dup\u0103 finalizarea anchetei procurorilor. Peste doi ani mai t\u00e2rziu, cauza este \u00eenc\u0103 \u00een camera preliminar\u0103. Urm\u0103torul termen este programat pe 9 septembrie. Asocia\u021bii Flagas, Ionu\u021b Daniel Doldurea \u0219i Cosmin Ionu\u021b St\u00eeng\u0103, au fost re\u021binu\u021bi pe 5 septembrie 2023 \u0219i aresta\u021bi preventiv o zi mai t\u00e2rziu. Au fost elibera\u021bi pe 29 noiembrie 2023 \u0219i sunt judeca\u021bi \u00een libertate.<\/p>\n<p>Cristian Coc\u00e2r\u021b\u0103 este parte \u00een dosar \u0219i spune c\u0103 merge la fiecare termen, \u00een ciuda problemelor de s\u0103n\u0103tate.<\/p>\n<p>\u201ePractic, \u00een momentul de fa\u0163\u0103 suntem tot \u00een camer\u0103 preliminar\u0103 \u015fi se am\u00e2n\u0103 judecata pe motivul necit\u0103rii \u015fi al lipsei de procedur\u0103\u201d, afirm\u0103 el.<\/p>\n<p>Sorin Barbu, care \u0219i-a pierdut ambii p\u0103rin\u021bi, spune c\u0103 ritmul procesului i-a diminuat speran\u021bele c\u0103 dosarul va fi solu\u021bionat \u00eentr-un termen rezonabil.<\/p>\n<p>\u201eCe speran\u0163e s\u0103 tragi dac\u0103, dup\u0103 trei ani, suntem \u00een camer\u0103 preliminar\u0103 \u015fi lips\u0103 de procedur\u0103?\u201d, spune el.<\/p>\n<p>Doina Iliescu este \u0219i ea parte \u00een proces, al\u0103turi de familia sa. Aceasta \u00eencearc\u0103 s\u0103 recupereze diferen\u021ba de prejudiciu pe care sus\u021bine c\u0103 nu a primit-o.<\/p>\n<p>\u201eEi (reprezentan\u0163ii Flagas, n.r.) refuz\u0103, pur \u015fi simplu, s\u0103 fac\u0103 pl\u0103\u0163ile\u201d, afirm\u0103 femeia.<\/p>\n<p>Cristian Coc\u00e2r\u021b\u0103 acuz\u0103, la r\u00e2ndul s\u0103u, compania c\u0103 nu i-a sprijinit suficient pe oamenii care au fost r\u0103ni\u021bi.<\/p>\n<p>\u201eFlagas a luat decizia s\u0103 sus\u0163in\u0103 financiar doar oamenii care nu au fost afecta\u0163i fizic. Deci, ei au sus\u0163inut case, ziduri, table\u2026 Oamenilor care au fost r\u0103ni\u0163i la propriu, celor care au murit acolo\u2026 nu au vrut s\u0103 desp\u0103gubeasc\u0103 pe nimeni sau le-au oferit sume derizorii. At\u00e2t.\u201d<\/p>\n<p>Contacta\u021bi de News.ro pentru a explica sprijinul acordat victimelor \u0219i criteriile folosite, avoca\u021bii Flagas au transmis c\u0103 nu doresc s\u0103 fac\u0103 alte comentarii \u00een afara procedurilor judiciare.<\/p>\n<p>\u201eNe p\u0103str\u0103m aceea\u015fi pozi\u0163ie \u00een aceast\u0103 perioad\u0103, r\u0103m\u00e2nem strict \u00een cadrul judiciar cu orice interven\u0163ii ale noastre\u201d, au transmis reprezentan\u021bii companiei.<\/p>\n<\/div>\n<p>[analyse_source url=&#8221;https:\/\/60m.ro\/trei-ani-de-la-tragedia-din-crevedia-ranitii-se-lupta-cu-sechelele-si-datoriile-in-timp-ce-dosarul-bate-pasul-pe-loc\/&#8221;]<\/p>\n","protected":false},"excerpt":{"rendered":"<p>[analyse_image type=&#8221;featured&#8221; src=&#8221;https:\/\/60m.ro\/wp-content\/uploads\/2026\/08\/10.jpg&#8221;] La trei ani de la exploziile devastatoare din Crevedia, dosarul penal nu a ajuns \u00eenc\u0103 la judecata pe fond. Procesul se afl\u0103 \u00een continuare \u00een camera preliminar\u0103, iar urm\u0103torul termen este programat pe 9 septembrie. \u00centre timp, mai multe victime tr\u0103iesc cu r\u0103ni grave, datorii \u0219i case reconstruite doar par\u021bial, dup\u0103 tragedia [&hellip;]<\/p>\n","protected":false},"author":1,"featured_media":0,"comment_status":"open","ping_status":"","sticky":false,"template":"","format":"standard","meta":{"footnotes":""},"categories":[89],"tags":[100,226],"class_list":["post-2112050","post","type-post","status-publish","format-standard","hentry","category-romania","tag-60m-ro","tag-crawlmanager"],"_links":{"self":[{"href":"https:\/\/analyse.optim.biz\/index.php?rest_route=\/wp\/v2\/posts\/2112050","targetHints":{"allow":["GET"]}}],"collection":[{"href":"https:\/\/analyse.optim.biz\/index.php?rest_route=\/wp\/v2\/posts"}],"about":[{"href":"https:\/\/analyse.optim.biz\/index.php?rest_route=\/wp\/v2\/types\/post"}],"author":[{"embeddable":true,"href":"https:\/\/analyse.optim.biz\/index.php?rest_route=\/wp\/v2\/users\/1"}],"replies":[{"embeddable":true,"href":"https:\/\/analyse.optim.biz\/index.php?rest_route=%2Fwp%2Fv2%2Fcomments&post=2112050"}],"version-history":[{"count":0,"href":"https:\/\/analyse.optim.biz\/index.php?rest_route=\/wp\/v2\/posts\/2112050\/revisions"}],"wp:attachment":[{"href":"https:\/\/analyse.optim.biz\/index.php?rest_route=%2Fwp%2Fv2%2Fmedia&parent=2112050"}],"wp:term":[{"taxonomy":"category","embeddable":true,"href":"https:\/\/analyse.optim.biz\/index.php?rest_route=%2Fwp%2Fv2%2Fcategories&post=2112050"},{"taxonomy":"post_tag","embeddable":true,"href":"https:\/\/analyse.optim.biz\/index.php?rest_route=%2Fwp%2Fv2%2Ftags&post=2112050"}],"curies":[{"name":"wp","href":"https:\/\/api.w.org\/{rel}","templated":true}]}}