{"id":2112043,"date":"2026-08-26T07:10:18","date_gmt":"2026-08-26T04:10:18","guid":{"rendered":"https:\/\/analyse.optim.biz\/?p=2112043"},"modified":"2026-08-26T07:10:18","modified_gmt":"2026-08-26T04:10:18","slug":"petrisor-peiu-numarul-2-in-aur-anunta-ca-nu-va-participa-la-votul-pentru-amendamentul-fritz-voi-demisiona-din-functia-de-lider-de-grup-daca-partidul-voteaza","status":"publish","type":"post","link":"https:\/\/analyse.optim.biz\/?p=2112043","title":{"rendered":"Petri\u0219or Peiu, num\u0103rul 2 \u00een AUR, anun\u021b\u0103 c\u0103 nu va participa la votul pentru amendamentul Fritz. \u201dVoi demisiona din func\u021bia de lider de grup dac\u0103 partidul voteaz\u0103\u201d"},"content":{"rendered":"<p>[analyse_image type=&#8221;featured&#8221; src=&#8221;https:\/\/60m.ro\/wp-content\/uploads\/2026\/08\/petrisor-peiu-e1770752131528.jpg&#8221;]<\/p>\n<div class=\"articleBody\" data-key=\"articleBody\">\nPetri\u0219or Peiu, num\u0103rul 2 \u00een AUR, a declarat mar\u021bi sear\u0103 pentru G4Media c\u0103 nu va participa miercuri la votul din Senat pentru legea integrit\u0103\u021bii care include \u201damendamentul Fritz\u201d, introdus de PSD cu sprijinul AUR pentru a-l elimina pe Dominic Fritz din postul de primar al Timi\u0219oarei.<\/p>\n<p>\u00centrebat de G4Media de ce nu va participa la vot, Peiu a spus: \u201dpentru ca nu pot accepta sa fac ceva azi \u0219i m\u00e2ine altceva\u201d.<\/p>\n<p>Peiu a mai spus pentru G4Media c\u0103 va demisiona din func\u021bia de lider al grupului AUR dac\u0103 partidul va vota legea integrit\u0103\u021bii care include amendamentul Fritz.<\/p>\n<p>Petri\u0219or Peiu a mai amenin\u021bat cu demisia dac\u0103 partidul s\u0103u urma s\u0103 voteze guvernul Ve\u0219tea, sus\u021binut de PSD \u0219i de pre\u0219edintele Nicu\u0219or Dan. \u00cen cele din urm\u0103, parlamentarii AUR s-au retras din sal\u0103 la votul pentru guvern.<\/p>\n<p>Reamintim c\u0103 amendamentul Fritz, introdus de \u00een legea integrit\u0103\u021bii \u2013 care este jalon PNRR, a fost votat de PSD \u0219i AUR. Amendamentul a fost declarat constitu\u021bional de o majoritate din CCR.<\/p>\n<p>\u00cen interiorul AUR au ap\u0103rut disensiuni pe tema \u201damendamentului Fritz\u201d\n<\/p><\/div>\n<p>[analyse_source url=&#8221;https:\/\/60m.ro\/petrisor-peiu-numarul-2-in-aur-anunta-ca-nu-va-participa-la-votul-pentru-amendamentul-fritz-voi-demisiona-din-functia-de-lider-de-grup-daca-partidul-voteaza\/&#8221;]<\/p>\n","protected":false},"excerpt":{"rendered":"<p>[analyse_image type=&#8221;featured&#8221; src=&#8221;https:\/\/60m.ro\/wp-content\/uploads\/2026\/08\/petrisor-peiu-e1770752131528.jpg&#8221;] Petri\u0219or Peiu, num\u0103rul 2 \u00een AUR, a declarat mar\u021bi sear\u0103 pentru G4Media c\u0103 nu va participa miercuri la votul din Senat pentru legea integrit\u0103\u021bii care include \u201damendamentul Fritz\u201d, introdus de PSD cu sprijinul AUR pentru a-l elimina pe Dominic Fritz din postul de primar al Timi\u0219oarei. \u00centrebat de G4Media de ce nu [&hellip;]<\/p>\n","protected":false},"author":1,"featured_media":0,"comment_status":"open","ping_status":"","sticky":false,"template":"","format":"standard","meta":{"footnotes":""},"categories":[89],"tags":[100,226],"class_list":["post-2112043","post","type-post","status-publish","format-standard","hentry","category-romania","tag-60m-ro","tag-crawlmanager"],"_links":{"self":[{"href":"https:\/\/analyse.optim.biz\/index.php?rest_route=\/wp\/v2\/posts\/2112043","targetHints":{"allow":["GET"]}}],"collection":[{"href":"https:\/\/analyse.optim.biz\/index.php?rest_route=\/wp\/v2\/posts"}],"about":[{"href":"https:\/\/analyse.optim.biz\/index.php?rest_route=\/wp\/v2\/types\/post"}],"author":[{"embeddable":true,"href":"https:\/\/analyse.optim.biz\/index.php?rest_route=\/wp\/v2\/users\/1"}],"replies":[{"embeddable":true,"href":"https:\/\/analyse.optim.biz\/index.php?rest_route=%2Fwp%2Fv2%2Fcomments&post=2112043"}],"version-history":[{"count":0,"href":"https:\/\/analyse.optim.biz\/index.php?rest_route=\/wp\/v2\/posts\/2112043\/revisions"}],"wp:attachment":[{"href":"https:\/\/analyse.optim.biz\/index.php?rest_route=%2Fwp%2Fv2%2Fmedia&parent=2112043"}],"wp:term":[{"taxonomy":"category","embeddable":true,"href":"https:\/\/analyse.optim.biz\/index.php?rest_route=%2Fwp%2Fv2%2Fcategories&post=2112043"},{"taxonomy":"post_tag","embeddable":true,"href":"https:\/\/analyse.optim.biz\/index.php?rest_route=%2Fwp%2Fv2%2Ftags&post=2112043"}],"curies":[{"name":"wp","href":"https:\/\/api.w.org\/{rel}","templated":true}]}}