{"id":2112041,"date":"2026-08-26T07:05:50","date_gmt":"2026-08-26T04:05:50","guid":{"rendered":"https:\/\/analyse.optim.biz\/?p=2112041"},"modified":"2026-08-26T07:05:50","modified_gmt":"2026-08-26T04:05:50","slug":"der-spiegel-ucraineanul-arestat-in-romania-dupa-descoperirea-ascunzatorii-de-arme-de-langa-berlin-ar-lucra-pentru-rusia","status":"publish","type":"post","link":"https:\/\/analyse.optim.biz\/?p=2112041","title":{"rendered":"Der Spiegel: Ucraineanul arestat \u00een Rom\u00e2nia dup\u0103 descoperirea ascunz\u0103torii de arme de l\u00e2ng\u0103 Berlin ar lucra pentru Rusia"},"content":{"rendered":"<p>[analyse_image type=&#8221;featured&#8221; src=&#8221;https:\/\/60m.ro\/wp-content\/uploads\/2026\/08\/germania.webp&#8221;]<\/p>\n<div class=\"articleBody\" data-key=\"articleBody\">\nCet\u0103\u021beanul ucrainean arestat \u00een Rom\u00e2nia \u0219i suspectat de autorit\u0103\u021bile germane c\u0103 are leg\u0103tur\u0103 cu o ascunz\u0103toare de arme descoperit\u0103 la periferia Berlinului ar fi f\u0103cut parte dintr-o re\u021bea clandestin\u0103 care ar fi preg\u0103tit, la ordinele serviciilor de informa\u021bii ruse, atacuri \u0219i acte de sabotaj \u00een \u021b\u0103ri membre NATO, relateaz\u0103\u00a0Der Spiegel.<\/p>\n<p>Potrivit publica\u021biei germane, care citeaz\u0103 surse din serviciile de securitate din Germania \u0219i din alte \u021b\u0103ri, suspectul, identificat drept Vadim S., \u00een v\u00e2rst\u0103 de 24 de ani, a intrat \u00een aten\u021bia autorit\u0103\u021bilor poloneze \u00een timpul unei anchete privind planuri de expediere a unor colete cu dispozitive explozive c\u0103tre Ucraina.<\/p>\n<p>Cum a fost identificat suspectul?<\/p>\n<p>Supravegherea telefonului mobil al lui Vadim S. ar fi ar\u0103tat c\u0103 acesta a c\u0103l\u0103torit cu autobuzul din Polonia, unde locuia, p\u00e2n\u0103 la Berlin, la 1 octombrie anul trecut.<\/p>\n<p>Ajuns \u00een capitala german\u0103, suspectul s-ar fi deplasat c\u0103tre o \u0219osea de centur\u0103 din estul ora\u0219ului, unde ar fi preluat dou\u0103 colete de mici dimensiuni care con\u021bineau pistoale.<\/p>\n<p>Potrivit Der Spiegel, acesta ar fi transportat ulterior armele \u00eentr-o zon\u0103 \u00eemp\u0103durit\u0103 de la periferia Berlinului \u0219i le-ar fi ascuns \u00eentr-un ad\u0103post subteran. C\u00e2teva ore mai t\u00e2rziu, s-ar fi \u00eentors \u00een Polonia cu autobuzul.<\/p>\n<p>Informa\u021biile privind coordonatele ob\u021binute de serviciile poloneze le-ar fi permis autorit\u0103\u021bilor germane s\u0103 localizeze ascunz\u0103toarea.<\/p>\n<p>\u00cen interior au fost g\u0103site dou\u0103 pistoale, inclusiv o replic\u0103 a unui pistol Makarov, precum \u0219i muni\u021bie.<\/p>\n<p>Poli\u021bi\u0219tii germani ar fi modificat \u00een secret armele pentru a le face inutilizabile \u0219i au monitorizat ascunz\u0103toarea timp de mai multe luni. Nimeni nu ar fi venit \u00eens\u0103 s\u0103 le recupereze.<\/p>\n<p>Anchetatorii iau \u00een calcul posibilitatea ca armele s\u0103 nu fi fost recuperate deoarece Vadim S. fusese deja arestat \u00een Rom\u00e2nia.<\/p>\n<p>T\u00e2n\u0103rul a fost re\u021binut la jum\u0103tatea lunii octombrie a anului trecut, \u00eempreun\u0103 cu un alt cet\u0103\u021bean ucrainean, sub suspiciunea c\u0103 ar fi participat la expedierea unor colete care con\u021bineau dispozitive explozive c\u0103tre un oficiu al companiei po\u0219tale ucrainene Nova Post din Bucure\u0219ti.<\/p>\n<p>Cei doi se afl\u0103 \u00een arest preventiv.<\/p>\n<p>Potrivit serviciilor de informa\u021bii rom\u00e2ne\u0219ti, suspec\u021bii ar face parte dintr-o \u201ere\u021bea extrem de ramificat\u0103 de sabotori\u201d care opereaz\u0103 \u00een mai multe \u021b\u0103ri europene \u0219i ar fi controlat\u0103 de serviciile de informa\u021bii ruse.<\/p>\n<p>Germania investigheaz\u0103 posibile activit\u0103\u021bi de spionaj<\/p>\n<p>Ministrul german de Interne, Alexander Dobrindt, l-a descris recent pe suspect drept un agent \u201ede rang sc\u0103zut\u201d sau \u201ede unic\u0103 folosin\u021b\u0103\u201d, despre care afirm\u0103 c\u0103 ar fi parte dintr-o tactic\u0103 utilizat\u0103 de Rusia dup\u0103 expulzarea unui num\u0103r important de agen\u021bi ru\u0219i din statele Uniunii Europene.<\/p>\n<p>Parchetul german a deschis o anchet\u0103 \u00eempotriva suspectului pentru \u201eactivit\u0103\u021bi de spionaj \u0219i preg\u0103tirea unei infrac\u021biuni grave care pune \u00een pericol securitatea statului\u201d, a declarat Dobrindt.<\/p>\n<p>Ministrul nu a acuzat direct Rusia \u00een declara\u021bia sa, dar a plasat cazul \u00een contextul a ceea ce autorit\u0103\u021bile germane descriu drept \u201eamenin\u021b\u0103ri hibride\u201d.<\/p>\n<p>Informa\u021biile publicate de Der Spiegel privind presupusa leg\u0103tur\u0103 a suspectului cu serviciile ruse reprezint\u0103, deocamdat\u0103, acuza\u021bii relatate de surse de securitate, iar anchetele din Germania \u0219i Rom\u00e2nia sunt \u00een desf\u0103\u0219urare.\n<\/p><\/div>\n<p>[analyse_source url=&#8221;https:\/\/60m.ro\/der-spiegel-ucraineanul-arestat-in-romania-dupa-descoperirea-ascunzatorii-de-arme-de-langa-berlin-ar-lucra-pentru-rusia\/&#8221;]<\/p>\n","protected":false},"excerpt":{"rendered":"<p>[analyse_image type=&#8221;featured&#8221; src=&#8221;https:\/\/60m.ro\/wp-content\/uploads\/2026\/08\/germania.webp&#8221;] Cet\u0103\u021beanul ucrainean arestat \u00een Rom\u00e2nia \u0219i suspectat de autorit\u0103\u021bile germane c\u0103 are leg\u0103tur\u0103 cu o ascunz\u0103toare de arme descoperit\u0103 la periferia Berlinului ar fi f\u0103cut parte dintr-o re\u021bea clandestin\u0103 care ar fi preg\u0103tit, la ordinele serviciilor de informa\u021bii ruse, atacuri \u0219i acte de sabotaj \u00een \u021b\u0103ri membre NATO, relateaz\u0103\u00a0Der Spiegel. Potrivit publica\u021biei [&hellip;]<\/p>\n","protected":false},"author":1,"featured_media":0,"comment_status":"open","ping_status":"","sticky":false,"template":"","format":"standard","meta":{"footnotes":""},"categories":[89],"tags":[100,226],"class_list":["post-2112041","post","type-post","status-publish","format-standard","hentry","category-romania","tag-60m-ro","tag-crawlmanager"],"_links":{"self":[{"href":"https:\/\/analyse.optim.biz\/index.php?rest_route=\/wp\/v2\/posts\/2112041","targetHints":{"allow":["GET"]}}],"collection":[{"href":"https:\/\/analyse.optim.biz\/index.php?rest_route=\/wp\/v2\/posts"}],"about":[{"href":"https:\/\/analyse.optim.biz\/index.php?rest_route=\/wp\/v2\/types\/post"}],"author":[{"embeddable":true,"href":"https:\/\/analyse.optim.biz\/index.php?rest_route=\/wp\/v2\/users\/1"}],"replies":[{"embeddable":true,"href":"https:\/\/analyse.optim.biz\/index.php?rest_route=%2Fwp%2Fv2%2Fcomments&post=2112041"}],"version-history":[{"count":0,"href":"https:\/\/analyse.optim.biz\/index.php?rest_route=\/wp\/v2\/posts\/2112041\/revisions"}],"wp:attachment":[{"href":"https:\/\/analyse.optim.biz\/index.php?rest_route=%2Fwp%2Fv2%2Fmedia&parent=2112041"}],"wp:term":[{"taxonomy":"category","embeddable":true,"href":"https:\/\/analyse.optim.biz\/index.php?rest_route=%2Fwp%2Fv2%2Fcategories&post=2112041"},{"taxonomy":"post_tag","embeddable":true,"href":"https:\/\/analyse.optim.biz\/index.php?rest_route=%2Fwp%2Fv2%2Ftags&post=2112041"}],"curies":[{"name":"wp","href":"https:\/\/api.w.org\/{rel}","templated":true}]}}