{"id":2112038,"date":"2026-08-25T14:41:00","date_gmt":"2026-08-25T11:41:00","guid":{"rendered":"https:\/\/analyse.optim.biz\/?p=2112038"},"modified":"2026-08-25T14:41:00","modified_gmt":"2026-08-25T11:41:00","slug":"vasile-blaga-a-aparut-la-bustul-gol-in-timpul-sedintei-online-a-unei-comisii-parlamentare","status":"publish","type":"post","link":"https:\/\/analyse.optim.biz\/?p=2112038","title":{"rendered":"Vasile Blaga a ap\u0103rut la bustul gol \u00een timpul \u0219edin\u021bei online a unei comisii parlamentare"},"content":{"rendered":"<p>[analyse_image type=&#8221;featured&#8221; src=&#8221;https:\/\/60m.ro\/wp-content\/uploads\/2026\/08\/blaga.webp&#8221;]<\/p>\n<div class=\"articleBody\" data-key=\"articleBody\">\nSenatorul liberal Vasile Blaga a fost subiectul unui incident amuzant \u00een cadrul Comisiilor de Administra\u021bie \u0219i Ape din Senat. Conform \u00eenregistr\u0103rilor\u00a0\u0219tiripesurse, senatorul \u0219i-a deschis din gre\u0219eal\u0103 camera atunci c\u00e2nd a intervenit \u00een discu\u021bia comisiei. Blaga a intrat \u00een discu\u021bie pentru a o certa pe senatoarea PACE, Nadia Cerva, c\u0103 \u201e\u00eei bate la cap\u201d pe colegi cu ni\u0219te amendamente de dou\u0103 zile.<\/p>\n<p>Schimbul de replici a pornit de la o discu\u021bie dintre Nadia Cerva \u0219i senatorul AUR, Vasilic\u0103 Potec\u0103, pe tema cererii pre\u0219edintelui Nicu\u0219or Dan de reexaminare a cotei de \u00eempu\u0219care a ur\u0219ilor.<\/p>\n<p>\u201eLua\u021bi oamenii peste picior, nu-i l\u0103sa\u021bi s\u0103 argumenteze\u201d, i-a spus Cerva senatorului AUR.<\/p>\n<p>Atunci a intervenit \u0219i Vasile Blaga \u00een discu\u021bie. Senatorul liberal \u0219i-a pornit camera, din gre\u0219eal\u0103, \u0219i la bustul gol i-a transmis senatoarei Cerva c\u0103 ea este cea ce \u201eia oamenii peste picior\u201d. Vasile Blaga era nemul\u021bumit de insisten\u021ba Nadiei Cerva de a introduce \u00een lege un amendament nou, de\u0219i aceasta era \u00eentoars\u0103 doar pentru reexaminare de c\u0103tre Administra\u021bia Preziden\u021bial\u0103.<\/p>\n<p>Vasile Blaga, f\u0103r\u0103 tricou \u00een \u0219edin\u021ba online a comisiei. \u201eE la Techirghiol!\u201d<\/p>\n<p>\u201eDoamna Cerva, dumneavoastr\u0103 ne lua\u021bi peste picior de dou\u0103 zile. N-ave\u021bi voie s\u0103 depune\u021bi amendament, avem doar cererea de reexaminare. \u0218i \u0219ti\u021bi asta, dar ne bate\u021bi la cap de dou\u0103 zile\u201d, a spus senatorul liberal, Vasile Blaga.<\/p>\n<p>Senatoarea Nadia Cerva a fost vizibil surprins\u0103 de faptul c\u0103 senatorul Vasile Blaga era f\u0103r\u0103 tricou. Cerva \u0219i-a acoperit gura cu palmele, \u00een semn de surpriz\u0103, ca mai apoi s\u0103 exclame.<\/p>\n<p>\u201eCine e \u00een pielea goal\u0103 acolo? E cineva \u00een pielea goal\u0103?\u201d, a \u00eentrebat ea. Mai apoi, Cerva \u0219i-a f\u0103cut \u0219i semnul cruci.<\/p>\n<p>Al\u021bi senatori din sal\u0103 au izbucnit \u00een r\u00e2s, conform sursei citate. \u201eDomnule Blaga, \u00eenchide\u021bi camera!\u201d, i-au spus senatorii prezen\u021bi fizic la \u0219edin\u021b\u0103. Un altul a glumit pe seama senatorului, suger\u00e2nd c\u0103 acesta ar fi plecat \u00een vacan\u021b\u0103. \u201eE la Techirghiol!\u201d, a exclamat un senator prezent.\n<\/p><\/div>\n<p>[analyse_source url=&#8221;https:\/\/60m.ro\/vasile-blaga-a-aparut-la-bustul-gol-in-timpul-sedintei-online-a-unei-comisii-parlamentare\/&#8221;]<\/p>\n","protected":false},"excerpt":{"rendered":"<p>[analyse_image type=&#8221;featured&#8221; src=&#8221;https:\/\/60m.ro\/wp-content\/uploads\/2026\/08\/blaga.webp&#8221;] Senatorul liberal Vasile Blaga a fost subiectul unui incident amuzant \u00een cadrul Comisiilor de Administra\u021bie \u0219i Ape din Senat. Conform \u00eenregistr\u0103rilor\u00a0\u0219tiripesurse, senatorul \u0219i-a deschis din gre\u0219eal\u0103 camera atunci c\u00e2nd a intervenit \u00een discu\u021bia comisiei. Blaga a intrat \u00een discu\u021bie pentru a o certa pe senatoarea PACE, Nadia Cerva, c\u0103 \u201e\u00eei bate la [&hellip;]<\/p>\n","protected":false},"author":1,"featured_media":0,"comment_status":"open","ping_status":"","sticky":false,"template":"","format":"standard","meta":{"footnotes":""},"categories":[89],"tags":[100,226],"class_list":["post-2112038","post","type-post","status-publish","format-standard","hentry","category-romania","tag-60m-ro","tag-crawlmanager"],"_links":{"self":[{"href":"https:\/\/analyse.optim.biz\/index.php?rest_route=\/wp\/v2\/posts\/2112038","targetHints":{"allow":["GET"]}}],"collection":[{"href":"https:\/\/analyse.optim.biz\/index.php?rest_route=\/wp\/v2\/posts"}],"about":[{"href":"https:\/\/analyse.optim.biz\/index.php?rest_route=\/wp\/v2\/types\/post"}],"author":[{"embeddable":true,"href":"https:\/\/analyse.optim.biz\/index.php?rest_route=\/wp\/v2\/users\/1"}],"replies":[{"embeddable":true,"href":"https:\/\/analyse.optim.biz\/index.php?rest_route=%2Fwp%2Fv2%2Fcomments&post=2112038"}],"version-history":[{"count":0,"href":"https:\/\/analyse.optim.biz\/index.php?rest_route=\/wp\/v2\/posts\/2112038\/revisions"}],"wp:attachment":[{"href":"https:\/\/analyse.optim.biz\/index.php?rest_route=%2Fwp%2Fv2%2Fmedia&parent=2112038"}],"wp:term":[{"taxonomy":"category","embeddable":true,"href":"https:\/\/analyse.optim.biz\/index.php?rest_route=%2Fwp%2Fv2%2Fcategories&post=2112038"},{"taxonomy":"post_tag","embeddable":true,"href":"https:\/\/analyse.optim.biz\/index.php?rest_route=%2Fwp%2Fv2%2Ftags&post=2112038"}],"curies":[{"name":"wp","href":"https:\/\/api.w.org\/{rel}","templated":true}]}}