{"id":2112036,"date":"2026-08-25T13:21:53","date_gmt":"2026-08-25T10:21:53","guid":{"rendered":"https:\/\/analyse.optim.biz\/?p=2112036"},"modified":"2026-08-25T13:21:53","modified_gmt":"2026-08-25T10:21:53","slug":"santaj-international-pentru-salvarea-lui-dominic-fritz-globalistii-cer-blocarea-banilor-din-pnrr-ca-sa-l-scape","status":"publish","type":"post","link":"https:\/\/analyse.optim.biz\/?p=2112036","title":{"rendered":"\u0218antaj interna\u021bional pentru salvarea lui Dominic Fritz. Globali\u0219tii cer blocarea banilor din PNRR ca s\u0103-l scape"},"content":{"rendered":"<p>[analyse_image type=&#8221;featured&#8221; src=&#8221;https:\/\/60m.ro\/wp-content\/uploads\/2026\/07\/dominic-fritz.webp&#8221;]<\/p>\n<div class=\"articleBody\" data-key=\"articleBody\">\nSe \u00eencearc\u0103 salvarea lui Dominic Fritz la Bruxelles, dup\u0103 ce a pierdut mandatul de primar al Timi\u0219oarei. Dou\u0103 grupuri politice majore din Uniunea European\u0103 \u00eei cer Ursulei von der Leyen s\u0103 re\u021bin\u0103 sute de milioane de euro din PNRR, destinate Rom\u00e2niei. Mai exact, este vorba despre 770 de milioane de euro pe care alia\u021bii PNL \u0219i USR \u00eencearc\u0103 s\u0103 le blocheze p\u00e2n\u0103 nu se renun\u021b\u0103 la modificarea legii care va duce la \u00eencetarea mandatului lui Dominic Fritz.<\/p>\n<p>Grupurile politice din care fac parte USR \u0219i PNL cer blocarea fondurilor din PNRR pentru \u021bara noastr\u0103, \u00een timp ce Ilie Bolojan le vorbe\u0219te constant rom\u00e2nilor despre c\u00e2t de important\u0103 \u0219i urgent\u0103 este atragerea banilor europeni.<\/p>\n<p>Alia\u021bii PNL \u0219i USR din Parlamentul UE atac\u0103 justi\u021bia din Rom\u00e2nia<\/p>\n<p>Alia\u021bii PNL \u0219i USR din Parlamentul European atac\u0103 justi\u021bia din Rom\u00e2nia. Dou\u0103 grupuri politice majore cer Comisiei Europene s\u0103 re\u021bin\u0103 fonduri de sute de milioane destinate \u021b\u0103rii noastre, dup\u0103 decizia CCR \u00een privin\u021ba lui\u00a0Dominic Fritz.<\/p>\n<p>Demersul a fost realizat printr-o scrisoare adresat\u0103 Ursulei von der Leyen, semnat\u0103 de pre\u0219edintele PPE, Manfred Weber, \u0219i lidera grupului Renew Europe, Val\u00e9rie Hayer. Cele dou\u0103 partide \u00eei cer \u0219efei Comisiei s\u0103 clarifice f\u0103r\u0103 echivoc c\u0103 cele 770 de milioane de euro din PNRR nu vor fi eliberate dec\u00e2t dac\u0103 Rom\u00e2nia renun\u021b\u0103 la planurile de modificare a legii care va duce la \u00eencetarea mandatului primarului Timi\u0219oarei, Dominic Fritz.<\/p>\n<p>Semnatarii scrisorii sus\u021bin c\u0103 aplicarea retroactiv\u0103 a amendamentului \u00eencalc\u0103 legisla\u021bia UE \u0219i Constitu\u021bia Rom\u00e2niei \u0219i acuz\u0103 PSD c\u0103 \u00eel vizeaz\u0103 \u00een mod deliberat pe Fritz. Manfred Weber a transmis: \u201eDac\u0103 legisla\u021bia este conceput\u0103 pentru a elimina un adversar politic, iar fondurile UE sunt folosite ca p\u00e2rghie pentru a o impune, aceasta nu mai este doar politic\u0103 \u2013 este o problem\u0103 legat\u0103 de statul de drept\u201d.<\/p>\n<p>770 de milioane de euro, puse \u00een joc pentru Fritz<\/p>\n<p>\u00cen scrisoare, liderii partidelor apropiate de PNL \u0219i USR o \u00eendeamn\u0103 pe Ursula von der Leyen s\u0103 transmit\u0103 un semnal \u00eenainte ca pre\u0219edintele Rom\u00e2niei, Nicu\u0219or Dan, s\u0103 promulge legea \u0219i \u00eenainte de termenul limit\u0103 de 31 august pentru reformele care ar permite deblocarea fondurilor UE. Amendamentul care\u00a0\u00eel vizeaz\u0103 pe Fritz\u00a0a fost deja declarat constitu\u021bional de Curtea Constitu\u021bional\u0103, iar legea este \u00een prezent din nou \u00een parlament, pentru alte modific\u0103ri cerute de CCR.<\/p>\n<p>\u00cen consecin\u021b\u0103, \u00een timp ce Ilie Bolojan le spune rom\u00e2nilor c\u0103 legile sale trebuie s\u0103 fie promulgate urgent pentru c\u0103 atragerea fondurilor din PNRR e necesar\u0103 pentru \u021bar\u0103, alia\u021bii s\u0103i de la Bruxelles \u00eei cer Ursulei von der Leyen s\u0103 blocheze banii destina\u021bi Rom\u00e2niei.\n<\/p><\/div>\n<p>[analyse_source url=&#8221;https:\/\/60m.ro\/santaj-international-pentru-salvarea-lui-dominic-fritz-globalistii-cer-blocarea-banilor-din-pnrr-ca-sa-l-scape\/&#8221;]<\/p>\n","protected":false},"excerpt":{"rendered":"<p>[analyse_image type=&#8221;featured&#8221; src=&#8221;https:\/\/60m.ro\/wp-content\/uploads\/2026\/07\/dominic-fritz.webp&#8221;] Se \u00eencearc\u0103 salvarea lui Dominic Fritz la Bruxelles, dup\u0103 ce a pierdut mandatul de primar al Timi\u0219oarei. Dou\u0103 grupuri politice majore din Uniunea European\u0103 \u00eei cer Ursulei von der Leyen s\u0103 re\u021bin\u0103 sute de milioane de euro din PNRR, destinate Rom\u00e2niei. Mai exact, este vorba despre 770 de milioane de euro pe [&hellip;]<\/p>\n","protected":false},"author":1,"featured_media":0,"comment_status":"open","ping_status":"","sticky":false,"template":"","format":"standard","meta":{"footnotes":""},"categories":[89],"tags":[100,226],"class_list":["post-2112036","post","type-post","status-publish","format-standard","hentry","category-romania","tag-60m-ro","tag-crawlmanager"],"_links":{"self":[{"href":"https:\/\/analyse.optim.biz\/index.php?rest_route=\/wp\/v2\/posts\/2112036","targetHints":{"allow":["GET"]}}],"collection":[{"href":"https:\/\/analyse.optim.biz\/index.php?rest_route=\/wp\/v2\/posts"}],"about":[{"href":"https:\/\/analyse.optim.biz\/index.php?rest_route=\/wp\/v2\/types\/post"}],"author":[{"embeddable":true,"href":"https:\/\/analyse.optim.biz\/index.php?rest_route=\/wp\/v2\/users\/1"}],"replies":[{"embeddable":true,"href":"https:\/\/analyse.optim.biz\/index.php?rest_route=%2Fwp%2Fv2%2Fcomments&post=2112036"}],"version-history":[{"count":0,"href":"https:\/\/analyse.optim.biz\/index.php?rest_route=\/wp\/v2\/posts\/2112036\/revisions"}],"wp:attachment":[{"href":"https:\/\/analyse.optim.biz\/index.php?rest_route=%2Fwp%2Fv2%2Fmedia&parent=2112036"}],"wp:term":[{"taxonomy":"category","embeddable":true,"href":"https:\/\/analyse.optim.biz\/index.php?rest_route=%2Fwp%2Fv2%2Fcategories&post=2112036"},{"taxonomy":"post_tag","embeddable":true,"href":"https:\/\/analyse.optim.biz\/index.php?rest_route=%2Fwp%2Fv2%2Ftags&post=2112036"}],"curies":[{"name":"wp","href":"https:\/\/api.w.org\/{rel}","templated":true}]}}