{"id":2112029,"date":"2026-08-25T10:44:43","date_gmt":"2026-08-25T07:44:43","guid":{"rendered":"https:\/\/analyse.optim.biz\/?p=2112029"},"modified":"2026-08-25T10:44:43","modified_gmt":"2026-08-25T07:44:43","slug":"sindicatul-angajatilor-din-guvern-ii-cere-demisia-lui-ilie-bolojan","status":"publish","type":"post","link":"https:\/\/analyse.optim.biz\/?p=2112029","title":{"rendered":"Sindicatul Angaja\u021bilor din Guvern \u00eei cere demisia lui Ilie Bolojan"},"content":{"rendered":"<p>[analyse_image type=&#8221;featured&#8221; src=&#8221;https:\/\/60m.ro\/wp-content\/uploads\/2026\/07\/bolojan.webp&#8221;]<\/p>\n<div class=\"articleBody\" data-key=\"articleBody\">\nPe 31 ianuarie, Sindicatul Angaja\u021bilor din Aparatul de Lucru al Guvernului avertiza public c\u0103 seria de \u201ecoinciden\u021be\u201d din jurul premierului Ilie-Gavril Bolojan \u00eencepea s\u0103 semene mai degrab\u0103 cu un simptom de sistem.<\/p>\n<p>Am vorbit atunci despre un ecosistem al accesului, al intermedierilor, al \u201eintr\u0103rilor\u201d, al oamenilor care pretind c\u0103 pot deschide u\u0219a premierului \u0219i am cerut explica\u021bii publice despre cine ajunge la Palatul Victoria, prin cine, \u00een ce condi\u021bii \u0219i cu ce filtre de integritate.<\/p>\n<p>Ast\u0103zi, 25 august, \u00eentreb\u0103rile noastre nu mai pot fi expediate cu o ironie \u0219i nici cu celebra explica\u021bie c\u0103 unii oameni \u201ese folosesc de o poz\u0103\u201d, deoarece o parte dintre ele se reg\u0103sesc \u00een chiar miezul unor anchete \u0219i audieri DNA.<\/p>\n<p>Potrivit informa\u021biilor publicate de mass-media, Cristina Tr\u0103il\u0103, secretar general adjunct al Guvernului, este audiat\u0103 \u00een calitate de suspect \u00een dosarul omului de afaceri F\u0103nel Bogo\u0219, afaceristul despre care presa a relatat c\u0103 ar fi ajuns, prin intermediari politici, la o \u00eent\u00e2lnire cu Ilie-Gavril Bolojan la Palatul Victoria.<\/p>\n<p>Cristina Tr\u0103il\u0103 nu este o persoan\u0103 care s-a fotografiat \u00eent\u00e2mpl\u0103tor cu Ilie Bolojan \u0219i apoi i-a folosit numele, nici o cuno\u0219tin\u021b\u0103 \u00eendep\u0103rtat\u0103 pe care premierul ar putea spune c\u0103 nu o poate controla. La 27 iunie 2025, dup\u0103 ce a eliberat-o din func\u021bia de secretar general al Guvernului, Ilie-Gavril Bolojan a numit-o, prin propria sa decizie, secretar general adjunct al Guvernului, cu rang de secretar de stat.<\/p>\n<p>Cu alte cuvinte, de aceast\u0103 dat\u0103 nu discut\u0103m despre cineva care a g\u0103sit o u\u0219\u0103 lateral\u0103 spre putere, ci despre cineva c\u0103ruia premierul \u00eensu\u0219i i-a dat cheia unei func\u021bii aflate la v\u00e2rful aparatului guvernamental. Tocmai de aceea nu mai este suficient ca premierul s\u0103 ridice din umeri \u0219i s\u0103 explice c\u0103 nu poate dezmin\u021bi toat\u0103 ziua ceea ce spun al\u021bii despre el.<\/p>\n<p>Palatul Victoria nu poate func\u021biona ca o cl\u0103dire cu dou\u0103 intr\u0103ri, una \u00een fa\u021b\u0103, bine luminat\u0103, pe unde cet\u0103\u021benilor li se vorbe\u0219te despre austeritate, disciplin\u0103, sacrificiu \u0219i responsabilitate, \u0219i alta, lateral\u0103, ferit\u0103 de lumin\u0103, pe unde circul\u0103 recomand\u0103ri, intermediari, acces \u0219i rela\u021bii pe care nimeni nu pare obligat s\u0103 le explice.<\/p>\n<p>De aproape un an, reflectorul reformei a fost \u00eendreptat obsesiv \u00een jos, spre salariat., spre func\u021bionarul public, spre profesor, spre medic, spre omul aflat \u00een concediu medical. Numai c\u0103 reflectorul integrit\u0103\u021bii pare s\u0103-\u0219i piard\u0103 inexplicabil intensitatea c\u00e2nd trebuie \u00eendreptat \u00een sus.<\/p>\n<p>Fiecare episod poate avea propria explica\u021bie. Dar, puse unul l\u00e2ng\u0103 altul, episoadele deseneaz\u0103 o hart\u0103 pe care apar prea des acelea\u0219i repere, precum putere, acces, intermediere, numiri, influen\u021b\u0103, Palatul Victoria.<\/p>\n<p>\u00cen ianuarie am avertizat c\u0103 problema nu era simplul fapt c\u0103 cineva rostea numele premierului \u00eentr-o conversa\u021bie, ci existen\u021ba unui mediu \u00een care asemenea afirma\u021bii puteau p\u0103rea credibile. Ast\u0103zi \u00eentrebarea este \u0219i mai grav\u0103: Ce mecanism de integritate exist\u0103 \u00een interiorul Guvernului dac\u0103 un om aflat la unul dintre cele mai \u00eenalte niveluri ale aparatului guvernamental, numit \u00een acea pozi\u021bie prin semn\u0103tura premierului, ajunge, potrivit informa\u021biilor publicate de pres\u0103, suspect \u00eentr-un dosar care are deja fire politice ajunse p\u00e2n\u0103 la Palatul Victoria?<\/p>\n<p>Nu po\u021bi r\u0103sturna sertarele oamenilor de jos \u00een numele eficien\u021bei \u0219i s\u0103 refuzi s\u0103 deschizi dulapurile puterii \u00een numele discre\u021biei. Nu po\u021bi predica transparen\u021ba de la pupitru \u0219i s\u0103 p\u0103strezi \u00een semi\u00eentuneric traseele prin care anumite persoane ajung la masa premierului. Nu po\u021bi transforma austeritatea \u00eentr-o prob\u0103 obligatorie de patriotism pentru cei care tr\u0103iesc din salariu, \u00een timp ce integritatea r\u0103m\u00e2ne un exerci\u021biu facultativ pentru cei care tr\u0103iesc \u00een proximitatea puterii.<\/p>\n<p>Rom\u00e2nia nu are nevoie doar de un stat mai ieftin, ci de un stat mai curat, iar un stat curat nu \u00eencepe cu prima zi de concediu medical nepl\u0103tit\u0103 ori cu sporul t\u0103iat unui func\u021bionar public, ci cu cine intr\u0103 la Palatul Victoria, fie el \u0219i prim-ministru.<\/p>\n<p>Pe 31 ianuarie am \u00eentrebat dac\u0103 nu cumva \u201ecoinciden\u021bele\u201d au devenit deja simptom in sistemul Bolojan. \u00centre timp, Mihai Jurca, \u0219eful Cancelariei premierului, ne-a recomandat nou\u0103, salaria\u021bilor din aparatul guvernamental, s\u0103 ne uit\u0103m \u00een oglind\u0103. Am f\u0103cut-o, domnule Jurca. \u0218i acum \u00eentoarcem oglinda spre Palatul Victoria. Iar la 25 august reflexia devine din ce \u00een ce mai aglomerat\u0103:<\/p>\n<p>Drago\u0219 Anastasiu \u0219i deja celebra \u201e\u0219pag\u0103 de supravie\u021buire\u201d;<\/p>\n<p>Oana Gheorghiu \u0219i Irineu Dar\u0103u, viza\u021bi de pl\u00e2ngerea penal\u0103 depus\u0103 la DNA de fostul \u0219ef al ADR, care reclam\u0103 presiuni privind achizi\u021biile publice;<\/p>\n<p>Ionu\u021b Mo\u0219teanu, ministrul plecat dup\u0103 scandalul CV-ului \u00een care figura o universitate care a declarat c\u0103 nu i-a fost niciodat\u0103 student;<\/p>\n<p>Beniamin Rus \u0219i controversele publice privind lunga proximitate, contractele publice \u0219i inaugur\u0103rile de la Oradea;<\/p>\n<p>avocata PNL Adriana Georgescu, prins\u0103 \u00een flagrant cu 60.000 de euro \u00eentr-un dosar de trafic de influen\u021b\u0103 \u00een care, potrivit relat\u0103rilor publice, era invocat inclusiv numele premierului;<\/p>\n<p>Mihai Barbu, trezorierul PNL care l-a dus pe F\u0103nel Bogo\u0219 chiar \u00een biroul lui Ilie Bolojan \u0219i care a ajuns ulterior sub control judiciar;<\/p>\n<p>Ciprian Ciucu, apropiatul politic al premierului, pus \u0219i el sub control judiciar de DNA pentru luare de mit\u0103;<\/p>\n<p>iar acum Cristina Tr\u0103il\u0103, numit\u0103 prin semn\u0103tura lui Ilie Bolojan \u00een conducerea Secretariatului General al Guvernului \u0219i audiat\u0103, potrivit presei, \u00een calitate de suspect \u00een dosarul F\u0103nel Bogo\u0219.<\/p>\n<p>Noni-Emil Iordache, liderul SAALG: La un moment dat, matematica bunului-sim\u021b \u00eencepe s\u0103 bat\u0103 teoria coinciden\u021belor de vreme ce sunt prea multe umbre \u00een jurul aceleia\u0219i \u201elumini\u201d, prea multe u\u0219i laterale care duc spre aceea\u0219i cl\u0103dire \u0219i prea multe episoade explicate separat pentru ca nimeni s\u0103 nu mai fie obligat s\u0103 explice tabloul \u00eentreg.<\/p>\n<p>C\u00e2nd prea multe drumuri ale influen\u021bei ajung \u00een aceea\u0219i curte, problema nu mai este cine a b\u0103tut la poart\u0103. Problema este cine a deschis poarta. Domnule Bolojan, a venit timpul S\u0102 PLECA\u021aI ACAS\u0102.\n<\/p><\/div>\n<p>[analyse_source url=&#8221;https:\/\/60m.ro\/sindicatul-angajatilor-din-guvern-ii-cere-demisia-lui-ilie-bolojan\/&#8221;]<\/p>\n","protected":false},"excerpt":{"rendered":"<p>[analyse_image type=&#8221;featured&#8221; src=&#8221;https:\/\/60m.ro\/wp-content\/uploads\/2026\/07\/bolojan.webp&#8221;] Pe 31 ianuarie, Sindicatul Angaja\u021bilor din Aparatul de Lucru al Guvernului avertiza public c\u0103 seria de \u201ecoinciden\u021be\u201d din jurul premierului Ilie-Gavril Bolojan \u00eencepea s\u0103 semene mai degrab\u0103 cu un simptom de sistem. Am vorbit atunci despre un ecosistem al accesului, al intermedierilor, al \u201eintr\u0103rilor\u201d, al oamenilor care pretind c\u0103 pot deschide u\u0219a [&hellip;]<\/p>\n","protected":false},"author":1,"featured_media":0,"comment_status":"open","ping_status":"","sticky":false,"template":"","format":"standard","meta":{"footnotes":""},"categories":[89],"tags":[100,226],"class_list":["post-2112029","post","type-post","status-publish","format-standard","hentry","category-romania","tag-60m-ro","tag-crawlmanager"],"_links":{"self":[{"href":"https:\/\/analyse.optim.biz\/index.php?rest_route=\/wp\/v2\/posts\/2112029","targetHints":{"allow":["GET"]}}],"collection":[{"href":"https:\/\/analyse.optim.biz\/index.php?rest_route=\/wp\/v2\/posts"}],"about":[{"href":"https:\/\/analyse.optim.biz\/index.php?rest_route=\/wp\/v2\/types\/post"}],"author":[{"embeddable":true,"href":"https:\/\/analyse.optim.biz\/index.php?rest_route=\/wp\/v2\/users\/1"}],"replies":[{"embeddable":true,"href":"https:\/\/analyse.optim.biz\/index.php?rest_route=%2Fwp%2Fv2%2Fcomments&post=2112029"}],"version-history":[{"count":0,"href":"https:\/\/analyse.optim.biz\/index.php?rest_route=\/wp\/v2\/posts\/2112029\/revisions"}],"wp:attachment":[{"href":"https:\/\/analyse.optim.biz\/index.php?rest_route=%2Fwp%2Fv2%2Fmedia&parent=2112029"}],"wp:term":[{"taxonomy":"category","embeddable":true,"href":"https:\/\/analyse.optim.biz\/index.php?rest_route=%2Fwp%2Fv2%2Fcategories&post=2112029"},{"taxonomy":"post_tag","embeddable":true,"href":"https:\/\/analyse.optim.biz\/index.php?rest_route=%2Fwp%2Fv2%2Ftags&post=2112029"}],"curies":[{"name":"wp","href":"https:\/\/api.w.org\/{rel}","templated":true}]}}