{"id":2112017,"date":"2026-08-26T08:27:52","date_gmt":"2026-08-26T05:27:52","guid":{"rendered":"https:\/\/analyse.optim.biz\/?p=2112017"},"modified":"2026-08-26T08:27:52","modified_gmt":"2026-08-26T05:27:52","slug":"ilie-bolojan-decide-soarta-cristinei-traila-dupa-acuzatiile-dna-secretarul-general-adjunct-al-guvernului-suspect-in-dosarul-fanel-bogos","status":"publish","type":"post","link":"https:\/\/analyse.optim.biz\/?p=2112017","title":{"rendered":"Ilie Bolojan decide soarta Cristinei Tr\u0103il\u0103 dup\u0103 acuza\u021biile DNA. Secretarul general adjunct al Guvernului, suspect \u00een dosarul F\u0103nel Bogos"},"content":{"rendered":"<p>[analyse_image type=&#8221;featured&#8221; src=&#8221;https:\/\/60m.ro\/wp-content\/uploads\/2026\/08\/cristina-traila-pnl-secretar-general-adjunct-al-guvernului-bolojan-audiata-la-dna-iasi-in-dosarul-afaceristului-fanel-bogos.webp&#8221;]<\/p>\n<div class=\"articleBody\" data-key=\"articleBody\">\nPremierul interimar\u00a0Ilie Bolojan\u00a0urmeaz\u0103 s\u0103 ia miercuri o decizie \u00een privin\u021ba\u00a0Cristinei Tr\u0103il\u0103, secretar general adjunct al Guvernului, dup\u0103 ce aceasta a dob\u00e2ndit calitatea de suspect \u00eentr-un dosar instrumentat de DNA Ia\u0219i. Bolojan a anun\u021bat c\u0103 a discutat deja cu Tr\u0103il\u0103. Dosarul este legat de omul de afaceri F\u0103nel Bogos \u0219i de fostul lider PNL Vaslui Mihai Barbu, iar procurorii investigheaz\u0103 presupuse interven\u021bii pentru schimbarea conducerii DSVSA Vaslui.<\/p>\n<p>Cristina Tr\u0103il\u0103, fost deputat PNL \u0219i \u00een prezent secretar general adjunct al Guvernului, a fost audiat\u0103 mar\u021bi la DNA Ia\u0219i, unde s-a prezentat \u00eenso\u021bit\u0103 de avocat.<\/p>\n<p>Procurorii o suspecteaz\u0103 de complicitate la folosirea influen\u021bei ori autorit\u0103\u021bii \u00een scopul ob\u021binerii, pentru sine ori pentru altul, de bani, bunuri sau alte foloase necuvenite.<\/p>\n<p>Ancheta vizeaz\u0103 fapte care ar fi avut loc \u00een noiembrie 2025, \u00een dosarul \u00een care apar omul de afaceri F\u0103nel Bogos \u0219i fostul pre\u0219edinte PNL Vaslui Mihai Barbu.<\/p>\n<p>Bolojan, dup\u0103 discu\u021bia cu Cristina Tr\u0103il\u0103: \u201eLu\u0103m m\u00e2ine o decizie\u201d<\/p>\n<p>Ilie Bolojan a declarat mar\u021bi sear\u0103, la Digi24, c\u0103 a contactat-o pe Cristina Tr\u0103il\u0103 dup\u0103 apari\u021bia informa\u021biilor privind acuza\u021biile DNA \u0219i a chemat-o la o discu\u021bie.<\/p>\n<p>Premierul interimar a precizat c\u0103 o decizie privind situa\u021bia acesteia va fi luat\u0103 miercuri, 26 august.<\/p>\n<p>\u201eAm v\u0103zut. Am sunat-o. Am chemat-o s\u0103 purt\u0103m o discu\u021bie. Lu\u0103m m\u00e2ine o decizie. Nu \u0219tiu de ce e acuzat\u0103, ce rol are. Acel cet\u0103\u021bean care a venit, f\u0103r\u0103 s\u0103 \u0219tiu scopul \u0219i CV-ul, a f\u0103cut o programare prin cabinetul de premier. Niciodat\u0103 cineva care s\u0103 intre la mine nu a pl\u0103tit vreun ban. \u00cencerc s\u0103 nu condamn pe cineva f\u0103r\u0103 s\u0103 \u0219tiu\u201d, a spus Ilie Bolojan.<\/p>\n<p>Declara\u021bia premierului vine \u00een contextul \u00een care F\u0103nel Bogos a ajuns anul trecut, \u00eempreun\u0103 cu Mihai Barbu, \u00een biroul lui Ilie Bolojan.<\/p>\n<p>Premierul interimar a fost \u00eentrebat \u0219i dac\u0103 se a\u0219teapt\u0103 s\u0103 fie chemat de procurorii anticorup\u021bie \u00een dosar.<\/p>\n<p>\u201eNu m\u0103 a\u0219tept, dar la un moment dat po\u021bi da o declara\u021bie. Nu m-au chemat p\u00e2n\u0103 acum\u201d, a r\u0103spuns Bolojan.<\/p>\n<p>De ce este suspectat\u0103 Cristina Tr\u0103il\u0103 de procurorii DNA<\/p>\n<p>Potrivit DNA, faptele cercetate ar fi avut loc \u00een perioada 3-4 noiembrie 2025. Procurorii sus\u021bin c\u0103, \u00een calitate de secretar general adjunct al Guvernului, Cristina Tr\u0103il\u0103 ar fi sprijinit demersurile lui Mihai Barbu pentru exercitarea influen\u021bei asupra pre\u0219edintelui ANSVSA.<\/p>\n<p>Scopul presupusei interven\u021bii ar fi fost \u00eenlocuirea directorului DSVSA Vaslui cu o persoan\u0103 agreat\u0103 de inculpatul identificat de anchetatori prin ini\u021bialele B.F.<\/p>\n<p>\u201e\u00cen perioada 03\u201304 noiembrie 2025, suspecta Tr\u0103il\u0103 Cristina, \u00een calitate de secretar general adjunct al Guvernului Rom\u00e2niei, ar fi sprijinit demersurile inculpatului Barbu Mihai de exercitare a influen\u021bei asupra pre\u0219edintelui A.N.S.V.S.A., \u00een scopul \u00eenlocuirii din func\u021bie a directorului D.S.V.S.A. Vaslui cu o persoan\u0103 agreat\u0103 de inculpatul B.F.\u201d, arat\u0103 DNA.<\/p>\n<p>Potrivit procurorilor, presupusele demersuri pentru schimbarea conducerii DSVSA Vaslui ar fi urm\u0103rit ob\u021binerea unor foloase necuvenite pentru B.F. \u0219i societatea de\u021binut\u0103 de acesta.<\/p>\n<p>Una dintre mize ar fi fost aprobarea unui dosar de desp\u0103gubire \u00een valoare de aproximativ 3 milioane de euro. Anchetatorii indic\u0103, de asemenea, diminuarea sau \u00eencetarea controalelor sanitar-veterinare la fermele societ\u0103\u021bii.<\/p>\n<p>\u201eScopul urm\u0103rit ar fi fost ob\u021binerea unor foloase necuvenite pentru inculpatul B.F. \u0219i pentru societatea de\u021binut\u0103 de acesta, const\u00e2nd, \u00eentre altele, \u00een aprobarea unui dosar de desp\u0103gubire \u00een valoare de aproximativ 3 milioane de euro, precum \u0219i \u00een diminuarea sau \u00eencetarea controalelor sanitar-veterinare la fermele societ\u0103\u021bii\u201d, precizeaz\u0103 DNA.<\/p>\n<p>Procurorii DNA i-au adus Cristinei Tr\u0103il\u0103 la cuno\u0219tin\u021b\u0103 calitatea procesual\u0103 de suspect \u0219i acuza\u021bia formulat\u0103 \u00eempotriva sa, conform prevederilor Codului de procedur\u0103 penal\u0103.<\/p>\n<p>DNA precizeaz\u0103 c\u0103 efectuarea \u00een continuare a urm\u0103ririi penale reprezint\u0103 o etap\u0103 a procesului penal \u0219i nu afecteaz\u0103 prezum\u021bia de nevinov\u0103\u021bie.<\/p>\n<p>\u201eFacem precizarea c\u0103 efectuarea \u00een continuare a urm\u0103ririi penale este o etap\u0103 a procesului penal reglementat\u0103 de Codul de procedur\u0103 penal\u0103, av\u00e2nd ca scop instituirea cadrului procesual de administrare a probatoriului, activitate care nu poate, \u00een nicio situa\u021bie, s\u0103 \u00eenfr\u00e2ng\u0103 principiul prezum\u021biei de nevinov\u0103\u021bie\u201d, transmite DNA.\n<\/p><\/div>\n<p>[analyse_source url=&#8221;https:\/\/60m.ro\/ilie-bolojan-decide-soarta-cristinei-traila-dupa-acuzatiile-dna-secretarul-general-adjunct-al-guvernului-suspect-in-dosarul-fanel-bogos\/&#8221;]<\/p>\n","protected":false},"excerpt":{"rendered":"<p>[analyse_image type=&#8221;featured&#8221; src=&#8221;https:\/\/60m.ro\/wp-content\/uploads\/2026\/08\/cristina-traila-pnl-secretar-general-adjunct-al-guvernului-bolojan-audiata-la-dna-iasi-in-dosarul-afaceristului-fanel-bogos.webp&#8221;] Premierul interimar\u00a0Ilie Bolojan\u00a0urmeaz\u0103 s\u0103 ia miercuri o decizie \u00een privin\u021ba\u00a0Cristinei Tr\u0103il\u0103, secretar general adjunct al Guvernului, dup\u0103 ce aceasta a dob\u00e2ndit calitatea de suspect \u00eentr-un dosar instrumentat de DNA Ia\u0219i. Bolojan a anun\u021bat c\u0103 a discutat deja cu Tr\u0103il\u0103. Dosarul este legat de omul de afaceri F\u0103nel Bogos \u0219i de fostul lider [&hellip;]<\/p>\n","protected":false},"author":1,"featured_media":0,"comment_status":"open","ping_status":"","sticky":false,"template":"","format":"standard","meta":{"footnotes":""},"categories":[89],"tags":[100,226],"class_list":["post-2112017","post","type-post","status-publish","format-standard","hentry","category-romania","tag-60m-ro","tag-crawlmanager"],"_links":{"self":[{"href":"https:\/\/analyse.optim.biz\/index.php?rest_route=\/wp\/v2\/posts\/2112017","targetHints":{"allow":["GET"]}}],"collection":[{"href":"https:\/\/analyse.optim.biz\/index.php?rest_route=\/wp\/v2\/posts"}],"about":[{"href":"https:\/\/analyse.optim.biz\/index.php?rest_route=\/wp\/v2\/types\/post"}],"author":[{"embeddable":true,"href":"https:\/\/analyse.optim.biz\/index.php?rest_route=\/wp\/v2\/users\/1"}],"replies":[{"embeddable":true,"href":"https:\/\/analyse.optim.biz\/index.php?rest_route=%2Fwp%2Fv2%2Fcomments&post=2112017"}],"version-history":[{"count":0,"href":"https:\/\/analyse.optim.biz\/index.php?rest_route=\/wp\/v2\/posts\/2112017\/revisions"}],"wp:attachment":[{"href":"https:\/\/analyse.optim.biz\/index.php?rest_route=%2Fwp%2Fv2%2Fmedia&parent=2112017"}],"wp:term":[{"taxonomy":"category","embeddable":true,"href":"https:\/\/analyse.optim.biz\/index.php?rest_route=%2Fwp%2Fv2%2Fcategories&post=2112017"},{"taxonomy":"post_tag","embeddable":true,"href":"https:\/\/analyse.optim.biz\/index.php?rest_route=%2Fwp%2Fv2%2Ftags&post=2112017"}],"curies":[{"name":"wp","href":"https:\/\/api.w.org\/{rel}","templated":true}]}}