{"id":2111808,"date":"2026-08-25T16:19:15","date_gmt":"2026-08-25T13:19:15","guid":{"rendered":"https:\/\/analyse.optim.biz\/?p=2111808"},"modified":"2026-08-25T16:19:15","modified_gmt":"2026-08-25T13:19:15","slug":"proiectie-speciala-la-cinema-studio","status":"publish","type":"post","link":"https:\/\/analyse.optim.biz\/?p=2111808","title":{"rendered":"Proiec\u0163ie special\u0103 la Cinema Studio"},"content":{"rendered":"<p>[analyse_image type=&#8221;featured&#8221; src=&#8221;https:\/\/renasterea.ro\/ro\/wp-content\/uploads\/2026\/08\/cinema.jpghttps:\/\/renasterea.ro\/ro\/wp-content\/uploads\/2026\/08\/cinema.jpg&#8221;]<\/p>\n<div class=\"entry-content\"><img loading=\"lazy\" decoding=\"async\" width=\"597\" height=\"404\" src=\"https:\/\/renasterea.ro\/ro\/wp-content\/uploads\/2026\/08\/cinema.jpg\" class=\"attachment-medium size-medium wp-post-image\" alt=\"Proiec\u0163ie special\u0103 la Cinema Studio\" title=\"Proiec\u0163ie special\u0103 la Cinema Studio 1\"><\/p>\n<h4><strong>Proiec\u0163ie special\u0103 la Cinema Studio.<\/strong><\/h4>\n<p>Se anun\u0163\u0103 o nou\u0103 toamn\u0103 plin\u0103 de efervescen\u0163\u0103 cinefil\u0103 la Timi\u015foara: premiere, festivaluri, serii \u015fi retrospective, proiec\u0163ii speciale \u015fi \u00eent\u00e2lniri cu cinea\u015fti.<\/p>\n<p>\u201dPe l\u00e2ng\u0103 propriile noastre evenimente, ne bucur\u0103m c\u0103 putem fi \u2013 deja de ceva timp \u2013 partenerii locali ai unor proiecte na\u0163ionale care ne sunt dragi \u015fi \u00een care credem, a\u015fa cum este \u015fi F-Sides Cineclub.<\/p>\n<p>Noua proiec\u0163ie preg\u0103tit\u0103 de F-Sides pentru Timi\u015foara este cu &lt;&lt;Les glaneurs et la glaneuse&gt;&gt; (2000), unul din marile filme ale celebrei cineaste franceze Agn\u00e8s Varda (foto). Un documentar splendid, premiat de Academia European\u0103 de Film.<\/p>\n<p>Spicuirea este una dintre practicile agriculturale hiperreprezentate \u00een arta \u0219i cultura francez\u0103. Dar cine sunt oamenii care o practic\u0103 \u0219i ce avem de \u00eenv\u0103\u021bat de la ei?<\/p>\n<p>Cu aceste \u00eentreb\u0103ri \u00een minte, Agn\u00e8s Varda porne\u0219te \u00eentr-o investiga\u021bie despre vie\u021bile culeg\u0103torilor, reciclatorilor \u0219i c\u0103ut\u0103torilor de comori pe care \u00eei \u00eent\u00e2lne\u0219te pe tot cuprinsul Fran\u021bei.<\/p>\n<p>Regizoarea documenteaz\u0103, prin interviuri, via\u021ba \u0219i practicile culeg\u0103torilor francezi: de la cei care adun\u0103 resturi de pe c\u00e2mpuri dup\u0103 recolt\u0103 p\u00e2n\u0103 la cei care scotocesc prin tomberoanele Parisului.<\/p>\n<p>Adesea ab\u0103t\u00e2ndu-se de la traseul ini\u021bial, Varda \u00ee\u0219i face timp s\u0103 reflecteze asupra unor teme variate, de la \u00eemb\u0103tr\u00e2nire p\u00e2n\u0103 la na\u0219terea cinematografiei.<\/p>\n<p>Proiec\u0163ia va avea loc miercuri, 2 septembrie, de la ora 19, la Cinema Studio Timi\u0219oara \u015fi va fi urmat\u0103 de o discu\u0163ie, \u201d au transmis cei din echipa Ceau Cinema.<\/p>\n<h2><strong>CITE\u0218TE \u0218I: <a href=\"https:\/\/renasterea.ro\/mitropolitul-banatului-in-mijlocul-credinciosilor-din-plopi\/#google_vignette\">Mitropolitul Banatului, \u00een mijlocul credincio\u0219ilor din Plopi<\/a><\/strong><\/h2>\n<\/div>\n<p>[analyse_source url=&#8221;https:\/\/renasterea.ro\/proiectie-speciala-la-cinema-studio\/&#8221;]<\/p>\n","protected":false},"excerpt":{"rendered":"<p>[analyse_image type=&#8221;featured&#8221; src=&#8221;https:\/\/renasterea.ro\/ro\/wp-content\/uploads\/2026\/08\/cinema.jpghttps:\/\/renasterea.ro\/ro\/wp-content\/uploads\/2026\/08\/cinema.jpg&#8221;] Proiec\u0163ie special\u0103 la Cinema Studio. Se anun\u0163\u0103 o nou\u0103 toamn\u0103 plin\u0103 de efervescen\u0163\u0103 cinefil\u0103 la Timi\u015foara: premiere, festivaluri, serii \u015fi retrospective, proiec\u0163ii speciale \u015fi \u00eent\u00e2lniri cu cinea\u015fti. \u201dPe l\u00e2ng\u0103 propriile noastre evenimente, ne bucur\u0103m c\u0103 putem fi \u2013 deja de ceva timp \u2013 partenerii locali ai unor proiecte na\u0163ionale care ne sunt [&hellip;]<\/p>\n","protected":false},"author":1,"featured_media":0,"comment_status":"open","ping_status":"","sticky":false,"template":"","format":"standard","meta":{"footnotes":""},"categories":[89],"tags":[226,188],"class_list":["post-2111808","post","type-post","status-publish","format-standard","hentry","category-romania","tag-crawlmanager","tag-renasterea-ro"],"_links":{"self":[{"href":"https:\/\/analyse.optim.biz\/index.php?rest_route=\/wp\/v2\/posts\/2111808","targetHints":{"allow":["GET"]}}],"collection":[{"href":"https:\/\/analyse.optim.biz\/index.php?rest_route=\/wp\/v2\/posts"}],"about":[{"href":"https:\/\/analyse.optim.biz\/index.php?rest_route=\/wp\/v2\/types\/post"}],"author":[{"embeddable":true,"href":"https:\/\/analyse.optim.biz\/index.php?rest_route=\/wp\/v2\/users\/1"}],"replies":[{"embeddable":true,"href":"https:\/\/analyse.optim.biz\/index.php?rest_route=%2Fwp%2Fv2%2Fcomments&post=2111808"}],"version-history":[{"count":0,"href":"https:\/\/analyse.optim.biz\/index.php?rest_route=\/wp\/v2\/posts\/2111808\/revisions"}],"wp:attachment":[{"href":"https:\/\/analyse.optim.biz\/index.php?rest_route=%2Fwp%2Fv2%2Fmedia&parent=2111808"}],"wp:term":[{"taxonomy":"category","embeddable":true,"href":"https:\/\/analyse.optim.biz\/index.php?rest_route=%2Fwp%2Fv2%2Fcategories&post=2111808"},{"taxonomy":"post_tag","embeddable":true,"href":"https:\/\/analyse.optim.biz\/index.php?rest_route=%2Fwp%2Fv2%2Ftags&post=2111808"}],"curies":[{"name":"wp","href":"https:\/\/api.w.org\/{rel}","templated":true}]}}