{"id":2111803,"date":"2026-08-24T16:50:41","date_gmt":"2026-08-24T13:50:41","guid":{"rendered":"https:\/\/analyse.optim.biz\/?p=2111803"},"modified":"2026-08-24T16:50:41","modified_gmt":"2026-08-24T13:50:41","slug":"accident-cu-mai-multe-masini-si-victime-in-apropiere-de-timisoara-ce-au-stabilit-politistii","status":"publish","type":"post","link":"https:\/\/analyse.optim.biz\/?p=2111803","title":{"rendered":"Accident cu mai multe ma\u0219ini \u0219i victime, \u00een apropiere de Timi\u0219oara. Ce au stabilit poli\u021bi\u0219tii"},"content":{"rendered":"<p>[analyse_image type=&#8221;featured&#8221; src=&#8221;https:\/\/renasterea.ro\/ro\/wp-content\/uploads\/2026\/08\/accident-sacalaz.jpghttps:\/\/renasterea.ro\/ro\/wp-content\/uploads\/2026\/08\/accident-sacalaz.jpg&#8221;]<\/p>\n<div class=\"entry-content\"><img loading=\"lazy\" decoding=\"async\" width=\"650\" height=\"439\" src=\"https:\/\/renasterea.ro\/ro\/wp-content\/uploads\/2026\/08\/accident-sacalaz.jpg\" class=\"attachment-medium size-medium wp-post-image\" alt=\"Accident cu mai multe ma\u0219ini \u0219i victime, \u00een apropiere de Timi\u0219oara. Ce au stabilit poli\u021bi\u0219tii\" title=\"Accident cu mai multe ma\u0219ini \u0219i victime, \u00een apropiere de Timi\u0219oara. Ce au stabilit poli\u021bi\u0219tii 1\"><\/p>\n<h4>Accident cu mai multe ma\u0219ini \u0219i victime, \u00een apropiere de Timi\u0219oara. Ce au stabilit poli\u021bi\u0219tii<\/h4>\n<p>Un b\u0103rbat \u00een v\u00e2rst\u0103 de 59 de ani a condus un autoturism, iar la ie\u0219irea din parcarea unei societ\u0103\u021bi comerciale, pe DN 59A, ar fi efectuat virajul la st\u00e2nga, intr\u00e2nd \u00een coliziune cu un autoturism condus regulamentar de un b\u0103rbat de 36 de ani, dinspre localitatea S\u0103c\u0103laz c\u0103tre municipiul Timi\u0219oara.<\/p>\n<p>Ulterior, autoturismul condus de acesta din urm\u0103 a fost proiectat \u00eentr-un autoturism parcat \u00een afara p\u0103r\u021bii carosabile.<\/p>\n<p>\u00cen urma impactului au rezultat cinci victime, respectiv \u0219oferul de 59 de ani, \u0219oferul de 36 de ani, precum \u0219i dou\u0103 femei, de 29 \u0219i 31 ani, \u0219i un minor de 9 luni, pasageri \u00een autoturismul condus de b\u0103rbatul de 36 de ani, a transmis IPJ Timi\u0219.<\/p>\n<p>To\u021bi au fost transporta\u021bi la spital, \u00een vederea acord\u0103rii de \u00eengrijiri medicale.<\/p>\n<p>\u00cen cauz\u0103 a fost \u00eentocmit un dosar penal sub aspectul s\u0103v\u00e2r\u0219irii infrac\u021biunii de v\u0103t\u0103mare corporal\u0103 din culp\u0103.<\/p>\n<h2>CITE\u0218TE \u0218I: <span><a href=\"https:\/\/renasterea.ro\/legea-ani-a-primit-unda-verde-in-camera-deputatilor-amendamentul-care-il-lasa-pe-fritz-fara-mandat-a-ramas-averile-demnitarilor-ar-urma-sa-fie-desecretizate-aur-si-usr-au-votat-impotriva-foto\/\">Legea ANI a primit und\u0103 verde \u00een Camera Deputa\u021bilor! Amendamentul care \u00eel las\u0103 pe Fritz f\u0103r\u0103 mandat a r\u0103mas. Averile demnitarilor ar urma s\u0103 fie desecretizate. AUR \u0219i USR au votat \u00eempotriv\u0103 (foto)<\/a><\/span><\/h2>\n<\/div>\n<p>[analyse_source url=&#8221;https:\/\/renasterea.ro\/accident-cu-mai-multe-masini-si-victime-in-apropiere-de-timisoara-ce-au-stabilit-politistii\/&#8221;]<\/p>\n","protected":false},"excerpt":{"rendered":"<p>[analyse_image type=&#8221;featured&#8221; src=&#8221;https:\/\/renasterea.ro\/ro\/wp-content\/uploads\/2026\/08\/accident-sacalaz.jpghttps:\/\/renasterea.ro\/ro\/wp-content\/uploads\/2026\/08\/accident-sacalaz.jpg&#8221;] Accident cu mai multe ma\u0219ini \u0219i victime, \u00een apropiere de Timi\u0219oara. Ce au stabilit poli\u021bi\u0219tii Un b\u0103rbat \u00een v\u00e2rst\u0103 de 59 de ani a condus un autoturism, iar la ie\u0219irea din parcarea unei societ\u0103\u021bi comerciale, pe DN 59A, ar fi efectuat virajul la st\u00e2nga, intr\u00e2nd \u00een coliziune cu un autoturism condus regulamentar [&hellip;]<\/p>\n","protected":false},"author":1,"featured_media":0,"comment_status":"open","ping_status":"","sticky":false,"template":"","format":"standard","meta":{"footnotes":""},"categories":[89],"tags":[226,188],"class_list":["post-2111803","post","type-post","status-publish","format-standard","hentry","category-romania","tag-crawlmanager","tag-renasterea-ro"],"_links":{"self":[{"href":"https:\/\/analyse.optim.biz\/index.php?rest_route=\/wp\/v2\/posts\/2111803","targetHints":{"allow":["GET"]}}],"collection":[{"href":"https:\/\/analyse.optim.biz\/index.php?rest_route=\/wp\/v2\/posts"}],"about":[{"href":"https:\/\/analyse.optim.biz\/index.php?rest_route=\/wp\/v2\/types\/post"}],"author":[{"embeddable":true,"href":"https:\/\/analyse.optim.biz\/index.php?rest_route=\/wp\/v2\/users\/1"}],"replies":[{"embeddable":true,"href":"https:\/\/analyse.optim.biz\/index.php?rest_route=%2Fwp%2Fv2%2Fcomments&post=2111803"}],"version-history":[{"count":0,"href":"https:\/\/analyse.optim.biz\/index.php?rest_route=\/wp\/v2\/posts\/2111803\/revisions"}],"wp:attachment":[{"href":"https:\/\/analyse.optim.biz\/index.php?rest_route=%2Fwp%2Fv2%2Fmedia&parent=2111803"}],"wp:term":[{"taxonomy":"category","embeddable":true,"href":"https:\/\/analyse.optim.biz\/index.php?rest_route=%2Fwp%2Fv2%2Fcategories&post=2111803"},{"taxonomy":"post_tag","embeddable":true,"href":"https:\/\/analyse.optim.biz\/index.php?rest_route=%2Fwp%2Fv2%2Ftags&post=2111803"}],"curies":[{"name":"wp","href":"https:\/\/api.w.org\/{rel}","templated":true}]}}