{"id":2111798,"date":"2026-08-25T10:48:39","date_gmt":"2026-08-25T07:48:39","guid":{"rendered":"https:\/\/analyse.optim.biz\/?p=2111798"},"modified":"2026-08-25T10:48:39","modified_gmt":"2026-08-25T07:48:39","slug":"contractul-pentru-noul-stadion-dan-paltinisanu-a-fost-semnat-simonis-timisoara-si-timisul-au-asteptat","status":"publish","type":"post","link":"https:\/\/analyse.optim.biz\/?p=2111798","title":{"rendered":"Contractul pentru noul Stadion \u201eDan P\u0103ltini\u0219anu\u201d a fost semnat. Simonis: \u201eTimi\u0219oara \u0219i Timi\u0219ul au a\u0219teptat"},"content":{"rendered":"<p>[analyse_image type=&#8221;featured&#8221; src=&#8221;https:\/\/renasterea.ro\/ro\/wp-content\/uploads\/2026\/08\/semnare-contract-stadion-timisoara.jpghttps:\/\/renasterea.ro\/ro\/wp-content\/uploads\/2026\/08\/semnare-contract-stadion-timisoara.jpg&#8221;]<\/p>\n<div class=\"entry-content\"><img loading=\"lazy\" decoding=\"async\" width=\"613\" height=\"460\" src=\"https:\/\/renasterea.ro\/ro\/wp-content\/uploads\/2026\/08\/semnare-contract-stadion-timisoara-613x460.jpg\" class=\"attachment-medium size-medium wp-post-image\" alt=\"Contractul pentru noul Stadion \u201eDan P\u0103ltini\u0219anu\u201d a fost semnat. Simonis: \u201eTimi\u0219oara \u0219i Timi\u0219ul au a\u0219teptat suficient\u201d\" title=\"Contractul pentru noul Stadion \u201eDan P\u0103ltini\u0219anu\u201d a fost semnat. Simonis: \u201eTimi\u0219oara \u0219i Timi\u0219ul au a\u0219teptat suficient\u201d 1\"><\/p>\n<h4>Unul dintre cele mai a\u0219teptate proiecte de infrastructur\u0103 sportiv\u0103 din vestul Rom\u00e2niei a trecut, mar\u021bi, 25 august 2026, de un prag decisiv. Contractul pentru proiectarea \u0219i execu\u021bia noului Stadion \u201eDan P\u0103ltini\u0219anu\u201d din Timi\u0219oara a fost semnat, dup\u0103 o procedur\u0103 de achizi\u021bie complicat\u0103, care a trecut inclusiv prin contesta\u021bii \u0219i reevaluarea ofertelor.<\/h4>\n<p>Pre\u0219edintele Consiliului Jude\u021bean Timi\u0219, Alfred Simonis, a participat la Bucure\u0219ti la semnarea contractului cu asocierea de firme desemnat\u0103 c\u00e2\u0219tig\u0103toare \u0219i a anun\u021bat c\u0103 administra\u021bia jude\u021bean\u0103 are resursele necesare pentru a sus\u021bine financiar prima etap\u0103 a investi\u021biei.<\/p>\n<p>\u201e\u00cen sf\u00e2r\u0219it, am semnat contractul pentru noul Stadion \u00abDan P\u0103ltini\u0219anu\u00bb. Firma c\u00e2\u0219tig\u0103toare are la dispozi\u021bie c\u00e2teva luni pentru realizarea proiectului. Apoi \u00eencep lucr\u0103rile. Timi\u0219oara \u0219i Timi\u0219ul au a\u0219teptat suficient\u201d, a transmis Simonis. \u00cen mesajul video care \u00eenso\u021be\u0219te anun\u021bul, pre\u0219edintele CJ Timi\u0219 precizeaz\u0103 c\u0103 jude\u021bul poate asigura pentru perioada 2026\u20132027 cel pu\u021bin 125 de milioane de lei, p\u00e2n\u0103 c\u00e2nd Compania Na\u021bional\u0103 de Investi\u021bii va putea prelua finan\u021barea \u00eencep\u00e2nd cu anul 2028.<\/p>\n<p>Contractul a fost atribuit asocierii formate din Concelex \u2013 lider, Construc\u021bii Erba\u0219u, Concelex Engineering \u0219i Terra Gaz Construct, dup\u0103 reevaluarea ofertelor. Licita\u021bia fusese ini\u021bial c\u00e2\u0219tigat\u0103 de o alt\u0103 asociere, \u00eens\u0103 procedura a ajuns \u00een instan\u021b\u0103, iar Curtea de Apel Bucure\u0219ti a dispus reevaluarea. \u00cen martie 2026, CNI a desemnat noul c\u00e2\u0219tig\u0103tor, iar semnarea contractului din 25 august \u00eenchide practic una dintre cele mai importante etape administrative ale proiectului.<\/p>\n<p>Conform documenta\u021biei procedurii, etapa de proiectare este prev\u0103zut\u0103 s\u0103 dureze opt luni. Dup\u0103 constituirea garan\u021biei contractuale \u0219i emiterea ordinului de \u00eencepere, asocierea va putea demara proiectul tehnic, iar ulterior vor \u00eencepe lucr\u0103rile efective \u00een amplasamentul fostei arene.<\/p>\n<p>Noul \u201eDan P\u0103ltini\u0219anu\u201d este proiectat ca un stadion dedicat \u00een primul r\u00e2nd fotbalului, f\u0103r\u0103 pist\u0103 de atletism, cu tribune amplasate \u00een imediata apropiere a terenului \u0219i acoperite. Arena va avea aproximativ 32.000 de locuri, ceea ce o va transforma \u00een al doilea stadion ca m\u0103rime din Rom\u00e2nia dup\u0103 Arena Na\u021bional\u0103, \u0219i va putea g\u0103zdui at\u00e2t competi\u021bii sportive importante, c\u00e2t \u0219i concerte \u0219i evenimente de mare anvergur\u0103.<\/p>\n<p>Pentru ca proiectul s\u0103 poat\u0103 porni \u00eenainte ca finan\u021barea central\u0103 s\u0103 fie disponibil\u0103 integral, Consiliul Jude\u021bean Timi\u0219 \u0219i-a asumat sus\u021binerea lucr\u0103rilor din bugetul propriu \u00een 2026 \u0219i 2027. Simonis a anun\u021bat anterior o alocare de aproximativ 126 de milioane de lei, diferen\u021ba p\u00e2n\u0103 la circa 603 milioane de lei urm\u00e2nd s\u0103 fie suportat\u0103 prin CNI \u00eencep\u00e2nd din 2028.<\/p>\n<p>\u00cen mesajul de mar\u021bi, pre\u0219edintele CJ Timi\u0219 a revenit \u0219i asupra disputelor politice care au \u00eenso\u021bit proiectul \u00een ultimele luni, sus\u021bin\u00e2nd c\u0103 important este faptul c\u0103 etapa de blocaj a fost dep\u0103\u0219it\u0103.<\/p>\n<p>\u201eImportant este c\u0103 proiectul s-a deblocat \u0219i contractul este semnat. Avem banii, putem \u00eencepe\u201d, a spus Alfred Simonis. Iar finalul mesajului s\u0103u a mutat accentul de la disputa politic\u0103 spre destina\u021bia public\u0103 a investi\u021biei: \u201eDincolo de orgolii, interese politice \u0219i r\u0103zboaie locale, stadionul acesta nu este al unui partid \u0219i nu este al unui politician. Este al Timi\u0219ului\u201d.<\/p>\n<p>Dup\u0103 demolarea vechii arene \u0219i anii de proceduri administrative, licita\u021bii, contesta\u021bii \u0219i incertitudine privind finan\u021barea, semnarea contractului din 25 august 2026 transform\u0103 proiectul noului \u201eDan P\u0103ltini\u0219anu\u201d dintr-o promisiune \u0219i o documenta\u021bie \u00eentr-o investi\u021bie intrat\u0103 efectiv \u00een etapa de proiectare. Urm\u0103torul reper major va fi finalizarea proiectului tehnic \u0219i deschiderea \u0219antierului pentru noua aren\u0103 a Timi\u0219oarei.<\/p>\n<\/div>\n<p>[analyse_source url=&#8221;https:\/\/renasterea.ro\/contractul-pentru-noul-stadion-dan-paltinisanu-a-fost-semnat-simonis-timisoara-si-timisul-au-asteptat-suficient\/&#8221;]<\/p>\n","protected":false},"excerpt":{"rendered":"<p>[analyse_image type=&#8221;featured&#8221; src=&#8221;https:\/\/renasterea.ro\/ro\/wp-content\/uploads\/2026\/08\/semnare-contract-stadion-timisoara.jpghttps:\/\/renasterea.ro\/ro\/wp-content\/uploads\/2026\/08\/semnare-contract-stadion-timisoara.jpg&#8221;] Unul dintre cele mai a\u0219teptate proiecte de infrastructur\u0103 sportiv\u0103 din vestul Rom\u00e2niei a trecut, mar\u021bi, 25 august 2026, de un prag decisiv. Contractul pentru proiectarea \u0219i execu\u021bia noului Stadion \u201eDan P\u0103ltini\u0219anu\u201d din Timi\u0219oara a fost semnat, dup\u0103 o procedur\u0103 de achizi\u021bie complicat\u0103, care a trecut inclusiv prin contesta\u021bii \u0219i reevaluarea ofertelor. Pre\u0219edintele [&hellip;]<\/p>\n","protected":false},"author":1,"featured_media":0,"comment_status":"open","ping_status":"","sticky":false,"template":"","format":"standard","meta":{"footnotes":""},"categories":[89],"tags":[226,188],"class_list":["post-2111798","post","type-post","status-publish","format-standard","hentry","category-romania","tag-crawlmanager","tag-renasterea-ro"],"_links":{"self":[{"href":"https:\/\/analyse.optim.biz\/index.php?rest_route=\/wp\/v2\/posts\/2111798","targetHints":{"allow":["GET"]}}],"collection":[{"href":"https:\/\/analyse.optim.biz\/index.php?rest_route=\/wp\/v2\/posts"}],"about":[{"href":"https:\/\/analyse.optim.biz\/index.php?rest_route=\/wp\/v2\/types\/post"}],"author":[{"embeddable":true,"href":"https:\/\/analyse.optim.biz\/index.php?rest_route=\/wp\/v2\/users\/1"}],"replies":[{"embeddable":true,"href":"https:\/\/analyse.optim.biz\/index.php?rest_route=%2Fwp%2Fv2%2Fcomments&post=2111798"}],"version-history":[{"count":0,"href":"https:\/\/analyse.optim.biz\/index.php?rest_route=\/wp\/v2\/posts\/2111798\/revisions"}],"wp:attachment":[{"href":"https:\/\/analyse.optim.biz\/index.php?rest_route=%2Fwp%2Fv2%2Fmedia&parent=2111798"}],"wp:term":[{"taxonomy":"category","embeddable":true,"href":"https:\/\/analyse.optim.biz\/index.php?rest_route=%2Fwp%2Fv2%2Fcategories&post=2111798"},{"taxonomy":"post_tag","embeddable":true,"href":"https:\/\/analyse.optim.biz\/index.php?rest_route=%2Fwp%2Fv2%2Ftags&post=2111798"}],"curies":[{"name":"wp","href":"https:\/\/api.w.org\/{rel}","templated":true}]}}