{"id":2111744,"date":"2026-08-22T16:16:18","date_gmt":"2026-08-22T13:16:18","guid":{"rendered":"https:\/\/analyse.optim.biz\/?p=2111744"},"modified":"2026-08-22T16:16:18","modified_gmt":"2026-08-22T13:16:18","slug":"comunicat-comuna-vranceana-urechesti-isi-digitalizeaza-turismul","status":"publish","type":"post","link":"https:\/\/analyse.optim.biz\/?p=2111744","title":{"rendered":"COMUNICAT \u2013 Comuna vr\u00e2ncean\u0103 Ureche\u0219ti \u00ee\u0219i digitalizeaz\u0103 turismul"},"content":{"rendered":"<p>[analyse_image type=&#8221;featured&#8221; src=&#8221;https:\/\/blitz24.ro\/wp-content\/uploads\/2026\/08\/22-08-2026-comunicat-urechesti-1.jpg&#8221;]<\/p>\n<div class=\"cm-entry-summary\">\n<p align=\"justify\"><strong><span><span>COMUNA URECHESTI <\/span><\/span><span><span>a semnat contractul de finan\u021bare nr. 457\/10.08.2026 pentru proiectul <\/span><\/span><span><span>\u201e<\/span><\/span><span><span><i>DIGITALIZAREA TURISMULUI LOCAL AL COMUNEI URECHESTI, JUDETUL VRANCEA\u201d<\/i><\/span><\/span><span><span><i> (Nr. ordine \u2013 70), <\/i><\/span><\/span><span><span>depus \u00een cadrul PNRR\/2026\/C11\/REFORMA 1.<\/span><\/span><\/strong><\/p>\n<p align=\"justify\"><span><span>Proiectul este finan\u021bat prin <\/span><\/span><span><span><i><b>Planul Na\u021bional de Redresare \u0219i Rezilien\u021b\u0103 (PNRR), <\/b><\/i><\/span><\/span><span><span><i>PILONUL IV. COEZIUNEA SOCIAL\u0102 \u0218I TERITORIAL\u0102, COMPONENTA C11.TURISM \u0218I CULTUR\u0102, REFORMA R1 \u2013 OPERA\u021aIONALIZAREA ORGANIZA\u021aIILOR DE MANAGEMENT AL DESTINA\u021aIEI (OMD-URI).<\/i><\/span><\/span><\/p>\n<p align=\"justify\"><span><span>Valoare total\u0103 a contractului de finan\u021bare este de <\/span><\/span><span><span><b>650.810,60 lei<\/b><\/span><\/span><span><span>, din care valoarea nerambursabil\u0103 finan\u021bat\u0103 din PNRR este de <\/span><\/span><span><span><b>532.860,00 lei<\/b><\/span><\/span><span><span><b>.<\/b><\/span><\/span><\/p>\n<p><span><span><span lang=\"en-US\">Cu o popula\u021bie de <\/span><\/span><\/span><span lang=\"en-US\">2.783 de locuitori <\/span><span><span><span lang=\"en-US\">\u00eenregistrat\u0103 \u00een cadrul recens\u0103m\u00e2ntului din 2021, comuna vr\u00e2ncean\u0103 Ureche\u0219ti<\/span><\/span><\/span><span><span><span lang=\"en-US\">beneficiaz\u0103<\/span><\/span><\/span><span><span><span lang=\"en-US\"> de resurse turistice valoroase, <\/span><\/span><\/span><span><span><span lang=\"en-US\">dar<\/span><\/span><\/span><span><span><span lang=\"en-US\"> accesul turi\u0219tilor la informa\u021bie \u0219i vizibilitatea destina\u021biei au fost limitate \u00een lipsa unor canale digitale <\/span><\/span><\/span><span><span><span lang=\"en-US\">actuale<\/span><\/span><\/span><span><span><span lang=\"en-US\">.<\/span><\/span><\/span><\/p>\n<p><span><span><span lang=\"en-US\">Prin proiectul \u201eDigitalizarea turismului local al comunei Ureche\u0219ti, jude\u021bul Vrancea\u201d, administra\u021bia local\u0103 urm\u0103re\u0219te valorificarea poten\u021bialului turistic al zonei, cre\u0219terea accesibilit\u0103\u021bii informa\u021biilor \u0219i integrarea comunei \u00eentr-un sistem modern \u0219i unitar de promovare turistic\u0103.<\/span><\/span><\/span><\/p>\n<p><span><span><span lang=\"en-US\">Prin implementarea Turului Virtual \u0219i a <\/span><span lang=\"en-US\">aplica\u021biei<\/span><span lang=\"en-US\"> SyncMap Turistic, <\/span><span lang=\"en-US\">dou\u0103 solu\u021bii digitale destinate poten\u021bialilor turi\u0219ti, <\/span><span lang=\"en-US\"> vizitatorii din \u021bar\u0103 \u0219i din str\u0103in\u0103tate vor putea explora \u00een prealabil principalele puncte de interes ale comunei, precum cramele, l\u0103ca\u0219urile de cult \u0219i traseele locale. Solu\u021biile digitale vor facilita documentarea \u0219i planificarea vizitelor \u0219i vor contribui la cre\u0219terea vizibilit\u0103\u021bii destina\u021biei.<\/span><\/span><\/span><\/p>\n<p><span><span><span lang=\"en-US\">Totodat\u0103, i<\/span><span lang=\"en-US\">mplementarea unui sistem de triere selectiv\u0103 a de\u0219eurilor contribuie la protejarea peisajului natural \u0219i la promovarea unui turism responsabil \u0219i prietenos cu mediul, \u00een concordan\u021b\u0103 cu obiectivele de tranzi\u021bie verde asumate prin PNRR.<\/span><\/span><\/span><\/p>\n<p><span><span><span lang=\"en-US\">Integrarea <\/span><span lang=\"en-US\">localit\u0103\u021bii vr\u00e2ncene<\/span><span lang=\"en-US\"> \u00een Organiza\u021bia de Management al Destina\u021biei (OMD \u021ainutul Vrancei) contribuie la includerea localit\u0103\u021bii \u00een rutele turistice na\u021bionale \u0219i regionale, la promovarea unitar\u0103 a destina\u021biei \u0219i la consolidarea comunei ca punct de oprire pe harta turistic\u0103 a jude\u021bului Vrancea..<\/span><\/span><\/span><\/p>\n<p><span><span><span lang=\"en-US\">Perioada de implementare a proiectului este cuprins\u0103 \u00een intervalul 01.12.2025 \u2013 31 august 2026.<\/span><\/span><\/span><\/p>\n<p><span><span><span lang=\"en-US\">Date de contact<\/span><\/span><\/span><\/p>\n<p><span><span><span lang=\"en-US\">Comuna Ureche\u0219ti, jude\u021bul Vrancea<\/span><\/span><\/span><\/p>\n<p><span><span><span lang=\"en-US\">Tel.: 0722699086<\/span><\/span><\/span><\/p>\n<p><span><span><span lang=\"en-US\">E-mail: primariaurechesti@yahoo.com<\/span><\/span><\/span><\/p>\n<p><img decoding=\"async\" src=\"https:\/\/blitz24.ro\/wp-content\/uploads\/2026\/08\/22-08-2026-comunicat-urechesti-1-213x300.jpg.webp\" loading=\"lazy\" class=\"alignnone  wp-image-26519\" alt width=\"605\" height=\"852\"><img decoding=\"async\" src=\"https:\/\/blitz24.ro\/wp-content\/uploads\/2026\/08\/22-08-2026-comunicat-urechesti-2-210x300.jpg.webp\" loading=\"lazy\" class=\"alignnone  wp-image-26520\" alt width=\"571\" height=\"816\"><\/p>\n<p><a href=\"https:\/\/blitz24.ro\/wp-content\/uploads\/2026\/08\/22-08-2026-comunicat-urechesti.docx\">22 08 2026 comunicat urechesti<\/a><\/p>\n<\/div>\n<p>[analyse_source url=&#8221;https:\/\/blitz24.ro\/stiri-judetene\/actualitate-stiri-judetene\/comunicat-comuna-vranceana-urechesti-isi-digitalizeaza-turismul\/&#8221;]<\/p>\n","protected":false},"excerpt":{"rendered":"<p>[analyse_image type=&#8221;featured&#8221; src=&#8221;https:\/\/blitz24.ro\/wp-content\/uploads\/2026\/08\/22-08-2026-comunicat-urechesti-1.jpg&#8221;] COMUNA URECHESTI a semnat contractul de finan\u021bare nr. 457\/10.08.2026 pentru proiectul \u201eDIGITALIZAREA TURISMULUI LOCAL AL COMUNEI URECHESTI, JUDETUL VRANCEA\u201d (Nr. ordine \u2013 70), depus \u00een cadrul PNRR\/2026\/C11\/REFORMA 1. Proiectul este finan\u021bat prin Planul Na\u021bional de Redresare \u0219i Rezilien\u021b\u0103 (PNRR), PILONUL IV. COEZIUNEA SOCIAL\u0102 \u0218I TERITORIAL\u0102, COMPONENTA C11.TURISM \u0218I CULTUR\u0102, REFORMA R1 \u2013 [&hellip;]<\/p>\n","protected":false},"author":1,"featured_media":0,"comment_status":"open","ping_status":"","sticky":false,"template":"","format":"standard","meta":{"footnotes":""},"categories":[2],"tags":[42,226],"class_list":["post-2111744","post","type-post","status-publish","format-standard","hentry","category-politics","tag-blitz24-ro","tag-crawlmanager"],"_links":{"self":[{"href":"https:\/\/analyse.optim.biz\/index.php?rest_route=\/wp\/v2\/posts\/2111744","targetHints":{"allow":["GET"]}}],"collection":[{"href":"https:\/\/analyse.optim.biz\/index.php?rest_route=\/wp\/v2\/posts"}],"about":[{"href":"https:\/\/analyse.optim.biz\/index.php?rest_route=\/wp\/v2\/types\/post"}],"author":[{"embeddable":true,"href":"https:\/\/analyse.optim.biz\/index.php?rest_route=\/wp\/v2\/users\/1"}],"replies":[{"embeddable":true,"href":"https:\/\/analyse.optim.biz\/index.php?rest_route=%2Fwp%2Fv2%2Fcomments&post=2111744"}],"version-history":[{"count":0,"href":"https:\/\/analyse.optim.biz\/index.php?rest_route=\/wp\/v2\/posts\/2111744\/revisions"}],"wp:attachment":[{"href":"https:\/\/analyse.optim.biz\/index.php?rest_route=%2Fwp%2Fv2%2Fmedia&parent=2111744"}],"wp:term":[{"taxonomy":"category","embeddable":true,"href":"https:\/\/analyse.optim.biz\/index.php?rest_route=%2Fwp%2Fv2%2Fcategories&post=2111744"},{"taxonomy":"post_tag","embeddable":true,"href":"https:\/\/analyse.optim.biz\/index.php?rest_route=%2Fwp%2Fv2%2Ftags&post=2111744"}],"curies":[{"name":"wp","href":"https:\/\/api.w.org\/{rel}","templated":true}]}}