{"id":2111738,"date":"2026-08-25T21:02:12","date_gmt":"2026-08-25T18:02:12","guid":{"rendered":"https:\/\/analyse.optim.biz\/?p=2111738"},"modified":"2026-08-25T21:02:12","modified_gmt":"2026-08-25T18:02:12","slug":"foto-pietroasele-devine-capitala-regionala-a-vinului-si-a-traditiilor","status":"publish","type":"post","link":"https:\/\/analyse.optim.biz\/?p=2111738","title":{"rendered":"FOTO \/ Pietroasele devine capitala regional\u0103 a vinului \u0219i a tradi\u021biilor"},"content":{"rendered":"<p>[analyse_image type=&#8221;featured&#8221; src=&#8221;https:\/\/opiniabuzau.ro\/wp-content\/uploads\/2026\/08\/buzau-wine-fest.webp&#8221;]<\/p>\n<div class=\"entry-content entry clearfix\">\n<blockquote>\n<p><strong>Podgoria Pietroasele, una dintre cele mai renumite zone viticole ale \u021b\u0103rii \u0219i locul de provenien\u021b\u0103 al celebrului tezaur \u201eClo\u0219ca cu Puii de Aur\u201d, se preg\u0103te\u0219te s\u0103 g\u0103zduiasc\u0103 un eveniment cultural de amploare. \u00cen perioada 28-30 august, spa\u021biul cunoscut sub numele de \u201eZona Tezaur\u201d va deveni epicentrul primei edi\u021bii a festivalului \u201eBuz\u0103u Wine Fest\u201d.<\/strong><\/p>\n<\/blockquote>\n<p>Manifestarea \u00ee\u0219i propune s\u0103 aduc\u0103 \u00een fa\u021ba publicului o sintez\u0103 vibrant\u0103 a identit\u0103\u021bii locale, \u00eembin\u00e2nd produc\u021bia de vinuri premium ale cramelor buzoiene cu gastronomia tradi\u021bional\u0103, me\u0219te\u0219ugurile autohtone \u0219i pagini importante din istoria \u0219i cultura acestor locuri \u00eenc\u0103rcate de legende.<\/p>\n<p>Pe parcursul celor trei zile, vizitatorii vor avea oportunitatea de a explora standurile produc\u0103torilor \u0219i me\u0219te\u0219ugarilor locali, dar \u0219i de a participa la activit\u0103\u021bi interactive menite s\u0103 re\u00eenvie obiceiurile vechi ale podgoriei. Astfel, printre momentele cele mai a\u0219teptate se num\u0103r\u0103 demonstra\u021biile de zdrobire tradi\u021bional\u0103 a strugurilor, un ritual ancestral care deschide simbolic sezonul culesului. Atmosfera de s\u0103rb\u0103toare va fi \u00eentre\u021binut\u0103 \u00een permanen\u021b\u0103 de ansambluri folclorice \u0219i de arti\u0219ti din jude\u021b, transform\u00e2nd spa\u021biul de festival \u00eentr-o veritabil\u0103 vitrin\u0103 a patrimoniului imaterial buzoian, unde m\u00e2ncarea bun\u0103 \u0219i licorile de soi se completeaz\u0103 reciproc.<\/p>\n<p>Programul artistic de pe scena principal\u0103 promite s\u0103 atrag\u0103 \u0219i el un public numeros \u0219i divers, oferind \u00een fiecare sear\u0103 experien\u021be complet diferite. Debutul de vineri, 28 august, va fi marcat de energia inconfundabil\u0103 a trupei Zdob \u0219i Zdub, recunoscut\u0103 pentru fuziunea unic\u0103 dintre rock \u0219i folclor. Ziua de s\u00e2mb\u0103t\u0103 va schimba ritmul, aduc\u00e2nd \u00een prim-plan acordurile pop ale artistei Amna, urmate de momentele pline de emo\u021bie \u0219i nostalgie oferite de Taraful Ionel Tudorache, un nume de referin\u021b\u0103 pentru muzica l\u0103ut\u0103reasc\u0103 autentic\u0103 \u0219i de petrecere.<\/p>\n<p>Duminic\u0103, 30 august, festivalul va \u00eembr\u0103ca o hain\u0103 istoric\u0103 prin prezen\u021ba membrilor Asocia\u021biei Garda Apulum. Ace\u0219tia vor pune \u00een scen\u0103 reconstituiri istorice spectaculoase, demonstra\u021bii militare antice \u0219i ateliere educative interactive, oferind publicului, \u00een special tinerilor, o lec\u021bie vie despre trecutul daco-roman al regiunii.<\/p>\n<div class=\"stream-item stream-item-in-post stream-item-inline-post aligncenter\"><a href=\"https:\/\/vreaulanova.ro\/?utm_source=opiniabuzau&amp;utm_medium=image\" title target=\"_blank\"><img loading=\"lazy\" decoding=\"async\" data-od-unknown-tag data-od-xpath=\"\/HTML\/BODY\/DIV[@class=&apos;background-overlay&apos;]\/*[1][self::DIV]\/*[1][self::DIV]\/*[4][self::DIV]\/*[1][self::DIV]\/*[1][self::DIV]\/*[2][self::ARTICLE]\/*[3][self::DIV]\/*[7][self::DIV]\/*[1][self::A]\/*[1][self::IMG]\" src=\"https:\/\/opiniabuzau.ro\/wp-content\/smush-webp\/2022\/02\/MicrosoftTeams-image-4-1.jpg.webp\" alt width=\"728\" height=\"91\" class=\"perfmatters-lazy\"><img loading=\"lazy\" decoding=\"async\" data-od-unknown-tag data-od-xpath=\"\/HTML\/BODY\/DIV[@class=&apos;background-overlay&apos;]\/*[1][self::DIV]\/*[1][self::DIV]\/*[4][self::DIV]\/*[1][self::DIV]\/*[1][self::DIV]\/*[2][self::ARTICLE]\/*[3][self::DIV]\/*[7][self::DIV]\/*[1][self::A]\/*[1][self::IMG]\" src=\"https:\/\/opiniabuzau.ro\/wp-content\/smush-webp\/2022\/02\/MicrosoftTeams-image-4-1.jpg.webp\" alt width=\"728\" height=\"91\"><\/a><\/div>\n<div id=\"gallery-1\" class=\"gallery galleryid-478437 gallery-columns-4 gallery-size-thumbnail\">\n<figure class=\"gallery-item\">\n<div class=\"gallery-icon landscape\"><a href=\"https:\/\/opiniabuzau.ro\/wp-content\/uploads\/2026\/08\/zdob-si-zub-scaled.webp\"><img loading=\"lazy\" decoding=\"async\" data-od-unknown-tag data-od-xpath=\"\/HTML\/BODY\/DIV[@class=&apos;background-overlay&apos;]\/*[1][self::DIV]\/*[1][self::DIV]\/*[4][self::DIV]\/*[1][self::DIV]\/*[1][self::DIV]\/*[2][self::ARTICLE]\/*[3][self::DIV]\/*[8][self::DIV]\/*[1][self::FIGURE]\/*[1][self::DIV]\/*[1][self::A]\/*[1][self::IMG]\" width=\"220\" height=\"150\" src=\"https:\/\/opiniabuzau.ro\/wp-content\/uploads\/2026\/08\/zdob-si-zub-220x150.webp\" class=\"attachment-thumbnail size-thumbnail perfmatters-lazy\" alt aria-describedby=\"gallery-1-478442\"><img loading=\"lazy\" decoding=\"async\" data-od-unknown-tag data-od-xpath=\"\/HTML\/BODY\/DIV[@class=&apos;background-overlay&apos;]\/*[1][self::DIV]\/*[1][self::DIV]\/*[4][self::DIV]\/*[1][self::DIV]\/*[1][self::DIV]\/*[2][self::ARTICLE]\/*[3][self::DIV]\/*[8][self::DIV]\/*[1][self::FIGURE]\/*[1][self::DIV]\/*[1][self::A]\/*[1][self::IMG]\" width=\"220\" height=\"150\" src=\"https:\/\/opiniabuzau.ro\/wp-content\/uploads\/2026\/08\/zdob-si-zub-220x150.webp\" class=\"attachment-thumbnail size-thumbnail\" alt aria-describedby=\"gallery-1-478442\"><\/a><\/div><figcaption class=\"wp-caption-text gallery-caption\" id=\"gallery-1-478442\">\n\t\t\t\tZdob \u0219i Zdub<br \/>\n\t\t\t\t<\/figcaption><\/figure>\n<figure class=\"gallery-item\">\n<div class=\"gallery-icon landscape\"><a href=\"https:\/\/opiniabuzau.ro\/wp-content\/uploads\/2026\/08\/amna.webp\"><img loading=\"lazy\" decoding=\"async\" data-od-unknown-tag data-od-xpath=\"\/HTML\/BODY\/DIV[@class=&apos;background-overlay&apos;]\/*[1][self::DIV]\/*[1][self::DIV]\/*[4][self::DIV]\/*[1][self::DIV]\/*[1][self::DIV]\/*[2][self::ARTICLE]\/*[3][self::DIV]\/*[8][self::DIV]\/*[2][self::FIGURE]\/*[1][self::DIV]\/*[1][self::A]\/*[1][self::IMG]\" width=\"220\" height=\"150\" src=\"https:\/\/opiniabuzau.ro\/wp-content\/uploads\/2026\/08\/amna-220x150.webp\" class=\"attachment-thumbnail size-thumbnail perfmatters-lazy\" alt aria-describedby=\"gallery-1-478439\"><img loading=\"lazy\" decoding=\"async\" data-od-unknown-tag data-od-xpath=\"\/HTML\/BODY\/DIV[@class=&apos;background-overlay&apos;]\/*[1][self::DIV]\/*[1][self::DIV]\/*[4][self::DIV]\/*[1][self::DIV]\/*[1][self::DIV]\/*[2][self::ARTICLE]\/*[3][self::DIV]\/*[8][self::DIV]\/*[2][self::FIGURE]\/*[1][self::DIV]\/*[1][self::A]\/*[1][self::IMG]\" width=\"220\" height=\"150\" src=\"https:\/\/opiniabuzau.ro\/wp-content\/uploads\/2026\/08\/amna-220x150.webp\" class=\"attachment-thumbnail size-thumbnail\" alt aria-describedby=\"gallery-1-478439\"><\/a><\/div><figcaption class=\"wp-caption-text gallery-caption\" id=\"gallery-1-478439\">\n\t\t\t\tAmna<br \/>\n\t\t\t\t<\/figcaption><\/figure>\n<figure class=\"gallery-item\">\n<div class=\"gallery-icon portrait\"><a href=\"https:\/\/opiniabuzau.ro\/wp-content\/uploads\/2026\/08\/ionel-tudorache-scaled.webp\"><img loading=\"lazy\" decoding=\"async\" data-od-unknown-tag data-od-xpath=\"\/HTML\/BODY\/DIV[@class=&apos;background-overlay&apos;]\/*[1][self::DIV]\/*[1][self::DIV]\/*[4][self::DIV]\/*[1][self::DIV]\/*[1][self::DIV]\/*[2][self::ARTICLE]\/*[3][self::DIV]\/*[8][self::DIV]\/*[3][self::FIGURE]\/*[1][self::DIV]\/*[1][self::A]\/*[1][self::IMG]\" width=\"220\" height=\"150\" src=\"https:\/\/opiniabuzau.ro\/wp-content\/uploads\/2026\/08\/ionel-tudorache-220x150.webp\" class=\"attachment-thumbnail size-thumbnail perfmatters-lazy\" alt aria-describedby=\"gallery-1-478441\"><img loading=\"lazy\" decoding=\"async\" data-od-unknown-tag data-od-xpath=\"\/HTML\/BODY\/DIV[@class=&apos;background-overlay&apos;]\/*[1][self::DIV]\/*[1][self::DIV]\/*[4][self::DIV]\/*[1][self::DIV]\/*[1][self::DIV]\/*[2][self::ARTICLE]\/*[3][self::DIV]\/*[8][self::DIV]\/*[3][self::FIGURE]\/*[1][self::DIV]\/*[1][self::A]\/*[1][self::IMG]\" width=\"220\" height=\"150\" src=\"https:\/\/opiniabuzau.ro\/wp-content\/uploads\/2026\/08\/ionel-tudorache-220x150.webp\" class=\"attachment-thumbnail size-thumbnail\" alt aria-describedby=\"gallery-1-478441\"><\/a><\/div><figcaption class=\"wp-caption-text gallery-caption\" id=\"gallery-1-478441\">\n\t\t\t\tIonel Tudorache<br \/>\n\t\t\t\t<\/figcaption><\/figure>\n<figure class=\"gallery-item\">\n<div class=\"gallery-icon landscape\"><a href=\"https:\/\/opiniabuzau.ro\/wp-content\/uploads\/2026\/08\/garda-apullum.webp\"><img loading=\"lazy\" decoding=\"async\" data-od-unknown-tag data-od-xpath=\"\/HTML\/BODY\/DIV[@class=&apos;background-overlay&apos;]\/*[1][self::DIV]\/*[1][self::DIV]\/*[4][self::DIV]\/*[1][self::DIV]\/*[1][self::DIV]\/*[2][self::ARTICLE]\/*[3][self::DIV]\/*[8][self::DIV]\/*[4][self::FIGURE]\/*[1][self::DIV]\/*[1][self::A]\/*[1][self::IMG]\" width=\"220\" height=\"150\" src=\"https:\/\/opiniabuzau.ro\/wp-content\/uploads\/2026\/08\/garda-apullum-220x150.webp\" class=\"attachment-thumbnail size-thumbnail perfmatters-lazy\" alt aria-describedby=\"gallery-1-478443\"><img loading=\"lazy\" decoding=\"async\" data-od-unknown-tag data-od-xpath=\"\/HTML\/BODY\/DIV[@class=&apos;background-overlay&apos;]\/*[1][self::DIV]\/*[1][self::DIV]\/*[4][self::DIV]\/*[1][self::DIV]\/*[1][self::DIV]\/*[2][self::ARTICLE]\/*[3][self::DIV]\/*[8][self::DIV]\/*[4][self::FIGURE]\/*[1][self::DIV]\/*[1][self::A]\/*[1][self::IMG]\" width=\"220\" height=\"150\" src=\"https:\/\/opiniabuzau.ro\/wp-content\/uploads\/2026\/08\/garda-apullum-220x150.webp\" class=\"attachment-thumbnail size-thumbnail\" alt aria-describedby=\"gallery-1-478443\"><\/a><\/div><figcaption class=\"wp-caption-text gallery-caption\" id=\"gallery-1-478443\">\n\t\t\t\tGarda Apullum<br \/>\n\t\t\t\t<\/figcaption><\/figure>\n<\/div>\n<p>\u00a0<\/p>\n<p>Ini\u021biat de Organiza\u021bia de Management al Destina\u021biei Jude\u021bul Buz\u0103u \u00een parteneriat cu Centrul Jude\u021bean pentru Artele Spectacolului \u0219i Cultur\u0103 \u201eGeorge Ciprian\u201d, festivalul \u00ee\u0219i va desf\u0103\u0219ura toate activit\u0103\u021bile cu acces complet liber, invit\u00e2nd comunitatea local\u0103 \u0219i turi\u0219tii s\u0103 redescopere pove\u0219tile \u0219i oamenii care definesc spiritul Buz\u0103ului.<\/p>\n<p><img loading=\"lazy\" decoding=\"async\" data-od-unknown-tag data-od-xpath=\"\/HTML\/BODY\/DIV[@class=&apos;background-overlay&apos;]\/*[1][self::DIV]\/*[1][self::DIV]\/*[4][self::DIV]\/*[1][self::DIV]\/*[1][self::DIV]\/*[2][self::ARTICLE]\/*[3][self::DIV]\/*[12][self::P]\/*[1][self::IMG]\" class=\"aligncenter size-large wp-image-478438 perfmatters-lazy\" src=\"https:\/\/opiniabuzau.ro\/wp-content\/uploads\/2026\/08\/afis-pietroasele-1024x722.webp\" alt width=\"1024\" height=\"722\"><\/p>\n<p><img loading=\"lazy\" decoding=\"async\" data-od-unknown-tag data-od-xpath=\"\/HTML\/BODY\/DIV[@class=&apos;background-overlay&apos;]\/*[1][self::DIV]\/*[1][self::DIV]\/*[4][self::DIV]\/*[1][self::DIV]\/*[1][self::DIV]\/*[2][self::ARTICLE]\/*[3][self::DIV]\/*[12][self::P]\/*[1][self::IMG]\" class=\"aligncenter size-large wp-image-478438\" src=\"https:\/\/opiniabuzau.ro\/wp-content\/uploads\/2026\/08\/afis-pietroasele-1024x722.webp\" alt width=\"1024\" height=\"722\"><\/div>\n<p>[analyse_source url=&#8221;https:\/\/opiniabuzau.ro\/foto-pietroasele-devine-capitala-regionala-a-vinului-si-a-traditiilor\/&#8221;]<\/p>\n","protected":false},"excerpt":{"rendered":"<p>[analyse_image type=&#8221;featured&#8221; src=&#8221;https:\/\/opiniabuzau.ro\/wp-content\/uploads\/2026\/08\/buzau-wine-fest.webp&#8221;] Podgoria Pietroasele, una dintre cele mai renumite zone viticole ale \u021b\u0103rii \u0219i locul de provenien\u021b\u0103 al celebrului tezaur \u201eClo\u0219ca cu Puii de Aur\u201d, se preg\u0103te\u0219te s\u0103 g\u0103zduiasc\u0103 un eveniment cultural de amploare. \u00cen perioada 28-30 august, spa\u021biul cunoscut sub numele de \u201eZona Tezaur\u201d va deveni epicentrul primei edi\u021bii a festivalului \u201eBuz\u0103u Wine [&hellip;]<\/p>\n","protected":false},"author":1,"featured_media":0,"comment_status":"open","ping_status":"","sticky":false,"template":"","format":"standard","meta":{"footnotes":""},"categories":[2],"tags":[226,44],"class_list":["post-2111738","post","type-post","status-publish","format-standard","hentry","category-politics","tag-crawlmanager","tag-opiniabuzau-ro"],"_links":{"self":[{"href":"https:\/\/analyse.optim.biz\/index.php?rest_route=\/wp\/v2\/posts\/2111738","targetHints":{"allow":["GET"]}}],"collection":[{"href":"https:\/\/analyse.optim.biz\/index.php?rest_route=\/wp\/v2\/posts"}],"about":[{"href":"https:\/\/analyse.optim.biz\/index.php?rest_route=\/wp\/v2\/types\/post"}],"author":[{"embeddable":true,"href":"https:\/\/analyse.optim.biz\/index.php?rest_route=\/wp\/v2\/users\/1"}],"replies":[{"embeddable":true,"href":"https:\/\/analyse.optim.biz\/index.php?rest_route=%2Fwp%2Fv2%2Fcomments&post=2111738"}],"version-history":[{"count":0,"href":"https:\/\/analyse.optim.biz\/index.php?rest_route=\/wp\/v2\/posts\/2111738\/revisions"}],"wp:attachment":[{"href":"https:\/\/analyse.optim.biz\/index.php?rest_route=%2Fwp%2Fv2%2Fmedia&parent=2111738"}],"wp:term":[{"taxonomy":"category","embeddable":true,"href":"https:\/\/analyse.optim.biz\/index.php?rest_route=%2Fwp%2Fv2%2Fcategories&post=2111738"},{"taxonomy":"post_tag","embeddable":true,"href":"https:\/\/analyse.optim.biz\/index.php?rest_route=%2Fwp%2Fv2%2Ftags&post=2111738"}],"curies":[{"name":"wp","href":"https:\/\/api.w.org\/{rel}","templated":true}]}}