{"id":2111737,"date":"2026-08-24T21:02:05","date_gmt":"2026-08-24T18:02:05","guid":{"rendered":"https:\/\/analyse.optim.biz\/?p=2111737"},"modified":"2026-08-24T21:02:05","modified_gmt":"2026-08-24T18:02:05","slug":"traditie-gustoasa-si-muzica-de-top-horia-brenciu-vine-la-festivalul-carnatilor-de-plescoi","status":"publish","type":"post","link":"https:\/\/analyse.optim.biz\/?p=2111737","title":{"rendered":"Tradi\u021bie gustoas\u0103 \u0219i muzic\u0103 de top: Horia Brenciu vine la Festivalul C\u00e2rna\u021bilor de Ple\u0219coi"},"content":{"rendered":"<p>[analyse_image type=&#8221;featured&#8221; src=&#8221;https:\/\/opiniabuzau.ro\/wp-content\/uploads\/2026\/08\/hb-orchestra.webp&#8221;]<\/p>\n<div class=\"entry-content entry clearfix\">\n<blockquote>\n<p><strong>Berca devine din nou capitala gustului autentic buzoian \u00een perioada 18-20 septembrie 2026, g\u0103zduind edi\u021bia a XIV-a a uneia dintre cele mai iubite s\u0103rb\u0103tori de la noi din jude\u021b: Festivalul C\u00e2rna\u021bilor de Ple\u0219coi.<\/strong><\/p>\n<\/blockquote>\n<p>Toamna aceasta, parfumul inconfundabil al produselor tradi\u021bionale \u0219i voia bun\u0103 vor pune st\u0103p\u00e2nire pe Valea Buz\u0103ului. Timp de trei zile, produc\u0103tori locali, me\u0219te\u0219ugari \u0219i mii de vizitatori \u00ee\u0219i dau \u00eent\u00e2lnire la Berca pentru a celebra brandul gastronomic al regiunii, celebrii c\u00e2rna\u021bi de Ple\u0219coi, un produs cu indica\u021bie geografic\u0103 protejat\u0103 la nivel european.<\/p>\n<p><img loading=\"lazy\" decoding=\"async\" data-od-unknown-tag data-od-xpath=\"\/HTML\/BODY\/DIV[@class=&apos;background-overlay&apos;]\/*[1][self::DIV]\/*[1][self::DIV]\/*[4][self::DIV]\/*[1][self::DIV]\/*[1][self::DIV]\/*[2][self::ARTICLE]\/*[3][self::DIV]\/*[4][self::P]\/*[1][self::IMG]\" class=\"alignright wp-image-478246 size-medium perfmatters-lazy\" src=\"https:\/\/opiniabuzau.ro\/wp-content\/uploads\/2026\/08\/horia-brenciu-124x220.webp\" alt width=\"124\" height=\"220\"><\/p>\n<p><img loading=\"lazy\" decoding=\"async\" data-od-unknown-tag data-od-xpath=\"\/HTML\/BODY\/DIV[@class=&apos;background-overlay&apos;]\/*[1][self::DIV]\/*[1][self::DIV]\/*[4][self::DIV]\/*[1][self::DIV]\/*[1][self::DIV]\/*[2][self::ARTICLE]\/*[3][self::DIV]\/*[4][self::P]\/*[1][self::IMG]\" class=\"alignright wp-image-478246 size-medium\" src=\"https:\/\/opiniabuzau.ro\/wp-content\/uploads\/2026\/08\/horia-brenciu-124x220.webp\" alt width=\"124\" height=\"220\">Pe l\u00e2ng\u0103 gr\u0103tarele \u00eencinse \u0219i standurile pline cu bun\u0103t\u0103\u021bi, organizatorii au preg\u0103tit un program artistic de excep\u021bie. Capul de afi\u0219 al acestei edi\u021bii aniversare este renumitul showman Horia Brenciu, care va urca pe scen\u0103 al\u0103turi de HB Orchestra. Recunoscut pentru energia sa debordant\u0103 \u0219i interac\u021biunea unic\u0103 cu publicul, artistul promite un concert live memorabil, care va transforma evenimentul de la Berca \u00eentr-o adevat\u0103 petrecere \u00een aer liber.<\/p>\n<p>Vor fi trei zile de cultur\u0103, me\u0219te\u0219uguri \u0219i gastronomie local\u0103, pentru c\u0103 Festivalul C\u00e2rna\u021bilor de Ple\u0219coi nu este doar despre m\u00e2ncare, ci \u0219i despre identitatea cultural\u0103 a jude\u021bului Buz\u0103u.<\/p>\n<p>T\u00e2rgul produc\u0103torilor autohtoni va aduce must proasp\u0103t, br\u00e2nzeturi de oaie, p\u00e2ine pe vatr\u0103 \u0219i, desigur, tone de c\u00e2rna\u021bi de Ple\u0219coi prepara\u021bi dup\u0103 re\u021bete secrete, transmise din genera\u021bie \u00een genera\u021bie.<\/p>\n<div class=\"stream-item stream-item-in-post stream-item-inline-post aligncenter\"><a href=\"https:\/\/vreaulanova.ro\/?utm_source=opiniabuzau&amp;utm_medium=image\" title target=\"_blank\"><img loading=\"lazy\" decoding=\"async\" data-od-unknown-tag data-od-xpath=\"\/HTML\/BODY\/DIV[@class=&apos;background-overlay&apos;]\/*[1][self::DIV]\/*[1][self::DIV]\/*[4][self::DIV]\/*[1][self::DIV]\/*[1][self::DIV]\/*[2][self::ARTICLE]\/*[3][self::DIV]\/*[7][self::DIV]\/*[1][self::A]\/*[1][self::IMG]\" src=\"https:\/\/opiniabuzau.ro\/wp-content\/smush-webp\/2022\/02\/MicrosoftTeams-image-4-1.jpg.webp\" alt width=\"728\" height=\"91\" class=\"perfmatters-lazy\"><img loading=\"lazy\" decoding=\"async\" data-od-unknown-tag data-od-xpath=\"\/HTML\/BODY\/DIV[@class=&apos;background-overlay&apos;]\/*[1][self::DIV]\/*[1][self::DIV]\/*[4][self::DIV]\/*[1][self::DIV]\/*[1][self::DIV]\/*[2][self::ARTICLE]\/*[3][self::DIV]\/*[7][self::DIV]\/*[1][self::A]\/*[1][self::IMG]\" src=\"https:\/\/opiniabuzau.ro\/wp-content\/smush-webp\/2022\/02\/MicrosoftTeams-image-4-1.jpg.webp\" alt width=\"728\" height=\"91\"><\/a><\/div>\n<p>Nu vor lipsi nici ansambluri locale \u0219i arti\u0219ti \u00eendr\u0103gi\u021bi locali care vor urca pe scen\u0103 pentru a promova jocurile \u0219i c\u00e2ntecele noastre populare. Me\u0219te\u0219ugari din zon\u0103 \u2013 olari, sculptori \u00een lemn \u0219i creatori de costume populare \u2013 vor fi \u0219i ei prezen\u021bi \u0219i \u00ee\u0219i vor expune lucr\u0103rile realizate cu trud\u0103 \u0219i pasiune.<\/p>\n<p>Invita\u021bia se adreseaz\u0103 tuturor buzoienilor \u0219i nu numai, s\u0103 vin\u0103 la Berca pentru a sus\u021bine valorile \u0219i produsele locale. Intrarea este liber\u0103, iar atmosfera de s\u0103rb\u0103toare este garantat\u0103!<\/p>\n<\/div>\n<p>[analyse_source url=&#8221;https:\/\/opiniabuzau.ro\/traditie-gustoasa-si-muzica-de-top-horia-brenciu-vine-la-festivalul-carnatilor-de-plescoi\/&#8221;]<\/p>\n","protected":false},"excerpt":{"rendered":"<p>[analyse_image type=&#8221;featured&#8221; src=&#8221;https:\/\/opiniabuzau.ro\/wp-content\/uploads\/2026\/08\/hb-orchestra.webp&#8221;] Berca devine din nou capitala gustului autentic buzoian \u00een perioada 18-20 septembrie 2026, g\u0103zduind edi\u021bia a XIV-a a uneia dintre cele mai iubite s\u0103rb\u0103tori de la noi din jude\u021b: Festivalul C\u00e2rna\u021bilor de Ple\u0219coi. Toamna aceasta, parfumul inconfundabil al produselor tradi\u021bionale \u0219i voia bun\u0103 vor pune st\u0103p\u00e2nire pe Valea Buz\u0103ului. Timp de trei [&hellip;]<\/p>\n","protected":false},"author":1,"featured_media":0,"comment_status":"open","ping_status":"","sticky":false,"template":"","format":"standard","meta":{"footnotes":""},"categories":[2],"tags":[226,44],"class_list":["post-2111737","post","type-post","status-publish","format-standard","hentry","category-politics","tag-crawlmanager","tag-opiniabuzau-ro"],"_links":{"self":[{"href":"https:\/\/analyse.optim.biz\/index.php?rest_route=\/wp\/v2\/posts\/2111737","targetHints":{"allow":["GET"]}}],"collection":[{"href":"https:\/\/analyse.optim.biz\/index.php?rest_route=\/wp\/v2\/posts"}],"about":[{"href":"https:\/\/analyse.optim.biz\/index.php?rest_route=\/wp\/v2\/types\/post"}],"author":[{"embeddable":true,"href":"https:\/\/analyse.optim.biz\/index.php?rest_route=\/wp\/v2\/users\/1"}],"replies":[{"embeddable":true,"href":"https:\/\/analyse.optim.biz\/index.php?rest_route=%2Fwp%2Fv2%2Fcomments&post=2111737"}],"version-history":[{"count":0,"href":"https:\/\/analyse.optim.biz\/index.php?rest_route=\/wp\/v2\/posts\/2111737\/revisions"}],"wp:attachment":[{"href":"https:\/\/analyse.optim.biz\/index.php?rest_route=%2Fwp%2Fv2%2Fmedia&parent=2111737"}],"wp:term":[{"taxonomy":"category","embeddable":true,"href":"https:\/\/analyse.optim.biz\/index.php?rest_route=%2Fwp%2Fv2%2Fcategories&post=2111737"},{"taxonomy":"post_tag","embeddable":true,"href":"https:\/\/analyse.optim.biz\/index.php?rest_route=%2Fwp%2Fv2%2Ftags&post=2111737"}],"curies":[{"name":"wp","href":"https:\/\/api.w.org\/{rel}","templated":true}]}}