{"id":211171,"date":"2014-02-26T11:30:41","date_gmt":"2014-02-26T08:30:41","guid":{"rendered":"https:\/\/analyse.optim.biz\/?p=211171"},"modified":"2014-02-26T11:30:41","modified_gmt":"2014-02-26T08:30:41","slug":"guvern-fara-pnl-lista-ministrilor-interimari-din-cabinetul-ponta-iii","status":"publish","type":"post","link":"https:\/\/analyse.optim.biz\/?p=211171","title":{"rendered":"GUVERN F\u0102R\u0102 PNL. Lista mini\u015ftrilor interimari din Cabinetul Ponta III"},"content":{"rendered":"<div class=\"entry data-app-meta data-app-meta-article\" data-embed-base-url-canonical=\"https:\/\/www.digi24.ro\/embed\/stiri\/actualitate\/politica\/guvern-fara-pnl-lista-ministrilor-interimari-din-cabinetul-ponta-iii-206215\">\n<p data-index=\"1\"><img decoding=\"async\" src=\"https:\/\/analyse.optim.biz\/wp-content\/uploads\/2024\/09\/zdfjyzy4ody1yti1ywywymu4mdkxnjyzzjvkyq-thumb_.jpg\" data-skip-htmlfix=\"1\" title=\"zdfjyzy4ody1yti1ywywymu4mdkxnjyzzjvkyq-thumb_\"><\/p>\n<p data-index=\"2\">Lista a fost stabilit\u0103 de premierul Ponta \u015fi agreat\u0103 de pre\u015fedintele\u00a0Traian B\u0103sescu, au declarat surse oficiale, citate de Mediafax.<\/p>\n<p data-index=\"3\">Premierul Victor Ponta<a href=\"https:\/\/www.digi24.ro\/Stiri\/Digi24\/Actualitate\/Politica\/Victor+Ponta+este+la+Cotroceni+Sedinta+de+guvern+a+fost+amanata\" target=\"_blank\" data-skip-linkfix=\"1\" rel=\"noopener\"><strong> a mers, miercuri, la Cotroceni<\/strong><\/a>pentru o discu\u0163ie cu pre\u015fedintele Traian B\u0103sescu despre \u00eenlocuirea mini\u015ftrilor PNL, care au \u00eenceput s\u0103 \u00ee\u0219i depun\u0103 demisiile. Ulterior, \u0219eful Guvernului a revenit la Palatul Victoria.<\/p>\n<p data-index=\"4\">Premierul Victor Ponta a anun\u0163at c\u0103 inten\u0163ioneaz\u0103 s\u0103 prezinte s\u0103pt\u0103m\u00e2na viitoare Parlamentului noua formul\u0103 a Guvernului \u015fi c\u0103 va avea discu\u0163ii \u00een acest sens inclusiv cu UDMR. \u00a0\u00a0<\/p>\n<p data-index=\"5\">La \u00eenceputul s\u0103pt\u0103m\u00e2nii, premierul V. Ponta precizase c\u0103 termenul pentru formarea noului Cabinet este 8 martie, c\u00e2nd expir\u0103 interimatul vicepremierului Gabriel Oprea la MAI.<\/p>\n<p data-index=\"6\">Dup\u0103 16 zile de criz\u0103, \u00een Uniunea Social Liberal\u0103 <a href=\"https:\/\/www.digi24.ro\/Stiri\/Digi24\/Actualitate\/Politica\/USL+prima+zi+dupa+divort+Planurile+liberalilor+la+despartire\" target=\"_blank\" data-skip-linkfix=\"1\" rel=\"noopener\"><strong>a venit deznod\u0103m\u00e2ntul.<\/strong><\/a>PNL a votat, mar\u021bi sear\u0103, ie\u015firea de la guvernare, iar acum cere demisia premierului \u015fi \u00eel amenin\u0163\u0103 pe Victor Ponta cu mo\u0163iunea de cenzur\u0103.<\/p>\n<p data-index=\"7\">Conducerea PNL a decis c\u0103 mini\u015ftrii \u015fi ceilal\u0163i demnitari ai PNL vor demisiona din toate func\u0163iile guvernamentale.<\/p>\n<p data-index=\"8\">De la o majoritate cu 70% \u00een Parlament, premierul Victor Ponta r\u0103m\u00e2ne cu o sus\u0163inere fragil\u0103, \u00een timp ce mar\u0163i sear\u0103, Crin Antonescu a l\u0103sat s\u0103 se \u00een\u0163eleag\u0103 c\u0103 ar putea reveni la Putere \u00eentr-o nou\u0103 majoritate.\u00a0<\/p>\n<\/div>\n<p> Source URL: https:\/\/www.digi24.ro\/stiri\/actualitate\/politica\/guvern-fara-pnl-lista-ministrilor-interimari-din-cabinetul-ponta-iii-206215<\/p>\n","protected":false},"excerpt":{"rendered":"<p>Lista a fost stabilit\u0103 de premierul Ponta \u015fi agreat\u0103 de pre\u015fedintele\u00a0Traian B\u0103sescu, au declarat surse oficiale, citate de Mediafax. Premierul Victor Ponta a mers, miercuri, la Cotrocenipentru o discu\u0163ie cu pre\u015fedintele Traian B\u0103sescu despre \u00eenlocuirea mini\u015ftrilor PNL, care au \u00eenceput s\u0103 \u00ee\u0219i depun\u0103 demisiile. Ulterior, \u0219eful Guvernului a revenit la Palatul Victoria. Premierul Victor Ponta [&hellip;]<\/p>\n","protected":false},"author":1,"featured_media":211172,"comment_status":"open","ping_status":"","sticky":false,"template":"","format":"standard","meta":{"footnotes":""},"categories":[2],"tags":[11],"class_list":["post-211171","post","type-post","status-publish","format-standard","has-post-thumbnail","hentry","category-politics","tag-digi24"],"_links":{"self":[{"href":"https:\/\/analyse.optim.biz\/index.php?rest_route=\/wp\/v2\/posts\/211171","targetHints":{"allow":["GET"]}}],"collection":[{"href":"https:\/\/analyse.optim.biz\/index.php?rest_route=\/wp\/v2\/posts"}],"about":[{"href":"https:\/\/analyse.optim.biz\/index.php?rest_route=\/wp\/v2\/types\/post"}],"author":[{"embeddable":true,"href":"https:\/\/analyse.optim.biz\/index.php?rest_route=\/wp\/v2\/users\/1"}],"replies":[{"embeddable":true,"href":"https:\/\/analyse.optim.biz\/index.php?rest_route=%2Fwp%2Fv2%2Fcomments&post=211171"}],"version-history":[{"count":0,"href":"https:\/\/analyse.optim.biz\/index.php?rest_route=\/wp\/v2\/posts\/211171\/revisions"}],"wp:featuredmedia":[{"embeddable":true,"href":"https:\/\/analyse.optim.biz\/index.php?rest_route=\/wp\/v2\/media\/211172"}],"wp:attachment":[{"href":"https:\/\/analyse.optim.biz\/index.php?rest_route=%2Fwp%2Fv2%2Fmedia&parent=211171"}],"wp:term":[{"taxonomy":"category","embeddable":true,"href":"https:\/\/analyse.optim.biz\/index.php?rest_route=%2Fwp%2Fv2%2Fcategories&post=211171"},{"taxonomy":"post_tag","embeddable":true,"href":"https:\/\/analyse.optim.biz\/index.php?rest_route=%2Fwp%2Fv2%2Ftags&post=211171"}],"curies":[{"name":"wp","href":"https:\/\/api.w.org\/{rel}","templated":true}]}}