{"id":2111687,"date":"2026-08-25T08:21:33","date_gmt":"2026-08-25T05:21:33","guid":{"rendered":"https:\/\/analyse.optim.biz\/?p=2111687"},"modified":"2026-08-25T08:21:33","modified_gmt":"2026-08-25T05:21:33","slug":"george-baicoianu-lanseaza-antologia-literara-doruri-in-straie-de-ingeri-ziarul-liber-in-teleorman","status":"publish","type":"post","link":"https:\/\/analyse.optim.biz\/?p=2111687","title":{"rendered":"George B\u0103icoianu lanseaz\u0103 antologia literar\u0103\u00a0\u201eDoruri\u00a0\u00een\u00a0straie de\u00a0\u00eengeri\u201d &#8211; Ziarul Liber in Teleorman"},"content":{"rendered":"<p>[analyse_image type=&#8221;featured&#8221; src=&#8221;https:\/\/liberinteleorman.ro\/wp-content\/uploads\/2026\/08\/IMG_1075.png&#8221;]<\/p>\n<div class=\"entry-content single56__content single56__post_content single56__body_area\">\n<p>\u00a0Consiliul\u00a0Jude\u021bean\u00a0Teleorman,\u00a0Prim\u0103ria\u00a0Municipiului Alexandria \u0219i\u00a0Biblioteca\u00a0Jude\u021bean\u0103\u00a0\u201eMarin\u00a0Preda\u201d\u00a0Teleorman\u00a0organizeaz\u0103,\u00a0miercuri, 26 august 2026,\u00a0\u00eencep\u00e2nd\u00a0cu ora 10:30,\u00a0\u00een\u00a0Sala de\u00a0lectur\u0103,\u00a0\u00een\u00a0cadrul zilelor\u00a0Municipiului\u00a0Alexandria,\u00a0lansarea\u00a0volumului \u201eDoruri\u00a0\u00een\u00a0straie\u00a0de\u00a0\u00eengeri\u201d,\u00a0semnat\u00a0de George B\u0103icoianu,\u00a0ap\u0103rut\u00a0la\u00a0Editura\u00a0Armonii\u00a0Culturale, 2026.\u200b<br \/>Volumul\u00a0\u201eDoruri\u00a0\u00een\u00a0straie\u00a0de\u00a0\u00eengeri\u201d, o\u00a0antologieliterar\u0103,\u00a0propune\u00a0cititorilor\u00a0o\u00a0\u00eent\u00e2lnire\u00a0cu\u00a0universulpoetic\u00a0\u0219i\u00a0sensibil\u00a0al\u00a0autorului, un\u00a0spa\u021biu\u00a0al\u00a0dorului, al\u00a0memoriei, al\u00a0frumuse\u021bii\u00a0\u0219i\u00a0al\u00a0reflec\u021biei\u00a0asupra\u00a0condi\u021bieiumane.\u00a0\u200b<br \/>La\u00a0eveniment\u00a0vor\u00a0participa,\u00a0\u00een\u00a0calitate\u00a0de\u00a0invita\u021bi: Mihaela Albu \u2013\u00a0scriitoare,\u00a0Dumitru S\u00eerghie \u2013\u00a0scriitor\u00a0\u0219i editor\u00a0\u0219i\u00a0Gabriel Cristian Moraru \u2013 critic\u00a0literar.\u00a0\u200b<br \/>Lansarea\u00a0se\u00a0dore\u0219te\u00a0a fi un\u00a0prilej\u00a0de dialog\u00a0despre literatur\u0103,\u00a0despre\u00a0crea\u021bia\u00a0autorului\u00a0\u0219i\u00a0despre\u00a0rolul\u00a0c\u0103r\u021bii \u00een\u00a0p\u0103strarea\u00a0\u0219i\u00a0transmiterea\u00a0valorilor\u00a0culturale.\u00a0La aceast\u0103\u00a0\u00eent\u00e2lnire\u00a0sunt\u00a0invita\u021bi\u00a0s\u0103\u00a0participe\u00a0reprezentan\u021biai\u00a0comunit\u0103\u021bi\u00a0locale,\u00a0oameni\u00a0de\u00a0cultur\u0103\u00a0\u0219i\u00a0iubitori\u00a0de\u00a0literatur\u0103.<\/p>\n<\/div>\n<p>[analyse_source url=&#8221;https:\/\/liberinteleorman.ro\/george-baicoianu-lanseaza-antologia-literara-doruri-in-straie-de-ingeri\/&#8221;]<\/p>\n","protected":false},"excerpt":{"rendered":"<p>[analyse_image type=&#8221;featured&#8221; src=&#8221;https:\/\/liberinteleorman.ro\/wp-content\/uploads\/2026\/08\/IMG_1075.png&#8221;] \u00a0Consiliul\u00a0Jude\u021bean\u00a0Teleorman,\u00a0Prim\u0103ria\u00a0Municipiului Alexandria \u0219i\u00a0Biblioteca\u00a0Jude\u021bean\u0103\u00a0\u201eMarin\u00a0Preda\u201d\u00a0Teleorman\u00a0organizeaz\u0103,\u00a0miercuri, 26 august 2026,\u00a0\u00eencep\u00e2nd\u00a0cu ora 10:30,\u00a0\u00een\u00a0Sala de\u00a0lectur\u0103,\u00a0\u00een\u00a0cadrul zilelor\u00a0Municipiului\u00a0Alexandria,\u00a0lansarea\u00a0volumului \u201eDoruri\u00a0\u00een\u00a0straie\u00a0de\u00a0\u00eengeri\u201d,\u00a0semnat\u00a0de George B\u0103icoianu,\u00a0ap\u0103rut\u00a0la\u00a0Editura\u00a0Armonii\u00a0Culturale, 2026.\u200bVolumul\u00a0\u201eDoruri\u00a0\u00een\u00a0straie\u00a0de\u00a0\u00eengeri\u201d, o\u00a0antologieliterar\u0103,\u00a0propune\u00a0cititorilor\u00a0o\u00a0\u00eent\u00e2lnire\u00a0cu\u00a0universulpoetic\u00a0\u0219i\u00a0sensibil\u00a0al\u00a0autorului, un\u00a0spa\u021biu\u00a0al\u00a0dorului, al\u00a0memoriei, al\u00a0frumuse\u021bii\u00a0\u0219i\u00a0al\u00a0reflec\u021biei\u00a0asupra\u00a0condi\u021bieiumane.\u00a0\u200bLa\u00a0eveniment\u00a0vor\u00a0participa,\u00a0\u00een\u00a0calitate\u00a0de\u00a0invita\u021bi: Mihaela Albu \u2013\u00a0scriitoare,\u00a0Dumitru S\u00eerghie \u2013\u00a0scriitor\u00a0\u0219i editor\u00a0\u0219i\u00a0Gabriel Cristian Moraru \u2013 critic\u00a0literar.\u00a0\u200bLansarea\u00a0se\u00a0dore\u0219te\u00a0a fi un\u00a0prilej\u00a0de dialog\u00a0despre literatur\u0103,\u00a0despre\u00a0crea\u021bia\u00a0autorului\u00a0\u0219i\u00a0despre\u00a0rolul\u00a0c\u0103r\u021bii \u00een\u00a0p\u0103strarea\u00a0\u0219i\u00a0transmiterea\u00a0valorilor\u00a0culturale.\u00a0La aceast\u0103\u00a0\u00eent\u00e2lnire\u00a0sunt\u00a0invita\u021bi\u00a0s\u0103\u00a0participe\u00a0reprezentan\u021biai\u00a0comunit\u0103\u021bi\u00a0locale,\u00a0oameni\u00a0de\u00a0cultur\u0103\u00a0\u0219i\u00a0iubitori\u00a0de\u00a0literatur\u0103. [analyse_source url=&#8221;https:\/\/liberinteleorman.ro\/george-baicoianu-lanseaza-antologia-literara-doruri-in-straie-de-ingeri\/&#8221;]<\/p>\n","protected":false},"author":1,"featured_media":0,"comment_status":"open","ping_status":"","sticky":false,"template":"","format":"standard","meta":{"footnotes":""},"categories":[89],"tags":[226,181],"class_list":["post-2111687","post","type-post","status-publish","format-standard","hentry","category-romania","tag-crawlmanager","tag-liberinteleorman-ro"],"_links":{"self":[{"href":"https:\/\/analyse.optim.biz\/index.php?rest_route=\/wp\/v2\/posts\/2111687","targetHints":{"allow":["GET"]}}],"collection":[{"href":"https:\/\/analyse.optim.biz\/index.php?rest_route=\/wp\/v2\/posts"}],"about":[{"href":"https:\/\/analyse.optim.biz\/index.php?rest_route=\/wp\/v2\/types\/post"}],"author":[{"embeddable":true,"href":"https:\/\/analyse.optim.biz\/index.php?rest_route=\/wp\/v2\/users\/1"}],"replies":[{"embeddable":true,"href":"https:\/\/analyse.optim.biz\/index.php?rest_route=%2Fwp%2Fv2%2Fcomments&post=2111687"}],"version-history":[{"count":0,"href":"https:\/\/analyse.optim.biz\/index.php?rest_route=\/wp\/v2\/posts\/2111687\/revisions"}],"wp:attachment":[{"href":"https:\/\/analyse.optim.biz\/index.php?rest_route=%2Fwp%2Fv2%2Fmedia&parent=2111687"}],"wp:term":[{"taxonomy":"category","embeddable":true,"href":"https:\/\/analyse.optim.biz\/index.php?rest_route=%2Fwp%2Fv2%2Fcategories&post=2111687"},{"taxonomy":"post_tag","embeddable":true,"href":"https:\/\/analyse.optim.biz\/index.php?rest_route=%2Fwp%2Fv2%2Ftags&post=2111687"}],"curies":[{"name":"wp","href":"https:\/\/api.w.org\/{rel}","templated":true}]}}