{"id":2111685,"date":"2026-08-25T08:14:28","date_gmt":"2026-08-25T05:14:28","guid":{"rendered":"https:\/\/analyse.optim.biz\/?p=2111685"},"modified":"2026-08-25T08:14:28","modified_gmt":"2026-08-25T05:14:28","slug":"expozitii-de-zilele-alexandriei-ziarul-liber-in-teleorman","status":"publish","type":"post","link":"https:\/\/analyse.optim.biz\/?p=2111685","title":{"rendered":"Expozi\u021bii de Zilele Alexandriei &#8211; Ziarul Liber in Teleorman"},"content":{"rendered":"<p>[analyse_image type=&#8221;featured&#8221; src=&#8221;https:\/\/liberinteleorman.ro\/wp-content\/uploads\/2026\/08\/IMG_1074-1024&#215;723.jpeg&#8221;]<\/p>\n<div class=\"entry-content single56__content single56__post_content single56__body_area\">\n<p>Muzeul Jude\u021bean Teleorman, institu\u021bie de cultur\u0103 aflat\u0103 sub\u00a0autoritatea\u00a0Consiliului Jude\u021bean Teleorman, particip\u0103 la\u00a0Programul cultural \u2013 artistic dedicat\u00a0\u201eZilelor Municipiului Alexandria 2026\u201d cu\u00a0dou\u0103\u00a0mini-expozi\u021bii:<\/p>\n<p>\u2013 \u201eSalut\u0103ri din Alexandria\u201d, cu\u00a0c\u0103r\u021bi po\u0219tale ilustrate realizate de c\u0103tre copii participan\u021bi la un atelier tematic desf\u0103\u0219urat \u00een cadrul \u201e\u0218colii de Var\u0103\u201d, \u00eencep\u00e2nd cu 25 august, ora 9.00;<\/p>\n<p>\u2013 \u201eAlexandria \u2013 repere din trecut\u201d, fotografii din colec\u021bia Muzeului Jude\u021bean Teleorman, \u00eencep\u00e2nd cu\u00a025 august, ora 9.00;<\/p>\n<p>Pe\u00a0toat\u0103\u00a0perioada desf\u0103\u0219ur\u0103rii evenimentului, \u00eentre\u00a025-30 august, \u00een cadrul\u00a0\u201eZilelor\u00a0Por\u021bilor Deschise\u201d,\u00a0intrarea la\u00a0expozi\u021biile permanente \u0219i temporare ale muzeului\u00a0va fi gratuit\u0103.<\/p>\n<p>* \u00a0* \u00a0*<\/p>\n<p>Mini-expozi\u021bia\u00a0\u201eSalut\u0103ri din Alexandria\u201d\u00a0\u2013 propune o c\u0103l\u0103torie \u00een timp prin intermediul unor c\u0103r\u021bi po\u0219tale create de copiii care au participat la unul dintre\u00a0atelierele\u00a0\u201e\u0218colii de Var\u0103 2026\u201d\u00a0ce s-a desf\u0103\u0219urat la Muzeul Jude\u021bean Teleorman\u00a0\u00een\u00a0luna\u00a0august.\u00a0Vechile imagini\u00a0ale ora\u0219ului Alexandria\u00a0sunt puse \u00een paralel cu fotografii actuale ale acelora\u0219i cl\u0103diri, str\u0103zi sau locuri. Astfel, trecutul \u0219i prezentul se \u00eent\u00e2lnesc pe aceea\u0219i carte po\u0219tal\u0103, oferind vizitatorilor ocazia de a observa cum s-a schimbat ora\u0219ul de-a lungul timpului.<\/p>\n<p>Mini-expozi\u021bia \u201eAlexandria \u2013 repere din trecut\u201d, av\u00e2nd subtitlul \u201eo incursiune fotografic\u0103 \u00een anii \u02bc80 ai sec. XX\u201d, prezint\u0103 o serie de fotografii din diferite zone ale ora\u0219ului. Fiecare fotografie este \u00eenso\u021bit\u0103 de un cod QR. Prin scanarea acestor coduri cu ajutorul unui telefon inteligent sau\u00a0al unei\u00a0tablete, imaginile din trecut vor aduce vizitatorii, prin intermediul \u201eGoogle Maps\/ Street View\u201d, \u00een actualitate.<\/p>\n<p>Ambele expozi\u021bii vor r\u0103m\u00e2ne la dispozi\u021bia vizitatorilor p\u00e2n\u0103 la 20 septembrie\u00a02026.<\/p>\n<\/div>\n<p>[analyse_source url=&#8221;https:\/\/liberinteleorman.ro\/expozitii-de-zilele-alexandriei\/&#8221;]<\/p>\n","protected":false},"excerpt":{"rendered":"<p>[analyse_image type=&#8221;featured&#8221; src=&#8221;https:\/\/liberinteleorman.ro\/wp-content\/uploads\/2026\/08\/IMG_1074-1024&#215;723.jpeg&#8221;] Muzeul Jude\u021bean Teleorman, institu\u021bie de cultur\u0103 aflat\u0103 sub\u00a0autoritatea\u00a0Consiliului Jude\u021bean Teleorman, particip\u0103 la\u00a0Programul cultural \u2013 artistic dedicat\u00a0\u201eZilelor Municipiului Alexandria 2026\u201d cu\u00a0dou\u0103\u00a0mini-expozi\u021bii: \u2013 \u201eSalut\u0103ri din Alexandria\u201d, cu\u00a0c\u0103r\u021bi po\u0219tale ilustrate realizate de c\u0103tre copii participan\u021bi la un atelier tematic desf\u0103\u0219urat \u00een cadrul \u201e\u0218colii de Var\u0103\u201d, \u00eencep\u00e2nd cu 25 august, ora 9.00; \u2013 \u201eAlexandria \u2013 repere [&hellip;]<\/p>\n","protected":false},"author":1,"featured_media":0,"comment_status":"open","ping_status":"","sticky":false,"template":"","format":"standard","meta":{"footnotes":""},"categories":[89],"tags":[226,181],"class_list":["post-2111685","post","type-post","status-publish","format-standard","hentry","category-romania","tag-crawlmanager","tag-liberinteleorman-ro"],"_links":{"self":[{"href":"https:\/\/analyse.optim.biz\/index.php?rest_route=\/wp\/v2\/posts\/2111685","targetHints":{"allow":["GET"]}}],"collection":[{"href":"https:\/\/analyse.optim.biz\/index.php?rest_route=\/wp\/v2\/posts"}],"about":[{"href":"https:\/\/analyse.optim.biz\/index.php?rest_route=\/wp\/v2\/types\/post"}],"author":[{"embeddable":true,"href":"https:\/\/analyse.optim.biz\/index.php?rest_route=\/wp\/v2\/users\/1"}],"replies":[{"embeddable":true,"href":"https:\/\/analyse.optim.biz\/index.php?rest_route=%2Fwp%2Fv2%2Fcomments&post=2111685"}],"version-history":[{"count":0,"href":"https:\/\/analyse.optim.biz\/index.php?rest_route=\/wp\/v2\/posts\/2111685\/revisions"}],"wp:attachment":[{"href":"https:\/\/analyse.optim.biz\/index.php?rest_route=%2Fwp%2Fv2%2Fmedia&parent=2111685"}],"wp:term":[{"taxonomy":"category","embeddable":true,"href":"https:\/\/analyse.optim.biz\/index.php?rest_route=%2Fwp%2Fv2%2Fcategories&post=2111685"},{"taxonomy":"post_tag","embeddable":true,"href":"https:\/\/analyse.optim.biz\/index.php?rest_route=%2Fwp%2Fv2%2Ftags&post=2111685"}],"curies":[{"name":"wp","href":"https:\/\/api.w.org\/{rel}","templated":true}]}}