{"id":2111684,"date":"2026-08-24T07:04:37","date_gmt":"2026-08-24T04:04:37","guid":{"rendered":"https:\/\/analyse.optim.biz\/?p=2111684"},"modified":"2026-08-24T07:04:37","modified_gmt":"2026-08-24T04:04:37","slug":"lansare-de-carte-versuri-pentru-prichindei-ziarul-liber-in-teleorman","status":"publish","type":"post","link":"https:\/\/analyse.optim.biz\/?p=2111684","title":{"rendered":"Lansare\u00a0de carte: \u201eVersuri\u00a0pentru\u00a0prichindei\u201d &#8211; Ziarul Liber in Teleorman"},"content":{"rendered":"<p>[analyse_image type=&#8221;featured&#8221; src=&#8221;https:\/\/liberinteleorman.ro\/wp-content\/uploads\/2026\/08\/IMG_1026.png&#8221;]<\/p>\n<div class=\"entry-content single56__content single56__post_content single56__body_area\">\n<p>Consiliul\u00a0Jude\u021bean\u00a0Teleorman,\u00a0Prim\u0103ria\u00a0MunicipiuluiAlexandria\u00a0\u0219i\u00a0Biblioteca\u00a0Jude\u021bean\u0103\u00a0\u201eMarin\u00a0Preda\u201d\u00a0Teleorman\u00a0organizeaz\u0103\u00a0mar\u021bi, 25 august 2026,\u00a0\u00eencep\u00e2nd\u00a0cu ora 10:00, la Sala de\u00a0lectur\u0103, \u00a0lansareavolumului\u00a0\u201eVersuri\u00a0pentru\u00a0prichindei\u201d,\u00a0semnat\u00a0de Elena M\u0103run\u021belu,\u00a0ap\u0103rut\u00a0\u00een\u00a0anul\u00a02025 la\u00a0Editura\u00a0Coresi.\u200b<br \/>\u201eVersuri\u00a0pentru\u00a0prichindei\u201d\u00a0este\u00a0o\u00a0invita\u021bie\u00a0la\u00a0joac\u0103\u00a0princuvinte, la\u00a0imagina\u021bie\u00a0\u0219i\u00a0la\u00a0bucuria\u00a0de a\u00a0descoperilumea\u00a0prin\u00a0poezie.\u00a0Cartea\u00a0este\u00a0\u00eenso\u021bit\u0103\u00a0de\u00a0ilustra\u021biileTimeei\u00a0Pu\u0219ka\u0219, care\u00a0dau\u00a0via\u021b\u0103\u00a0personajelor\u00a0\u0219i\u00eent\u00e2mpl\u0103rilor\u00a0din\u00a0versuri\u00a0\u0219i\u00a0\u00eei\u00a0ajut\u0103\u00a0pe\u00a0cei\u00a0mici\u00a0s\u0103descopere\u00a0cu\u00a0mai\u00a0mult\u0103\u00a0u\u0219urin\u021b\u0103\u00a0lumea\u00a0c\u0103r\u021bii.\u00a0\u200b<br \/>Al\u0103turi\u00a0de\u00a0autoare, la\u00a0eveniment\u00a0vor\u00a0participa\u00a0invita\u021bii:Domni\u021ba\u00a0Neaga \u2013\u00a0scriitoare,\u00a0Gabriel Cristian Moraru \u2013 critic\u00a0literar,\u00a0Timeea\u00a0Pu\u0219ka\u0219\u00a0\u2013\u00a0ilustratoare\u00a0\u0219i\u00a0George Lili Berceanu \u2013 director,\u00a0\u0218coala\u00a0Gimnazial\u0103\u00a0Con\u021be\u0219ti.\u00a0\u200b<br \/>Evenimentul\u00a0face\u00a0parte\u00a0din\u00a0programul\u00a0\u201eZileleMunicipiului\u00a0Alexandria\u201d.<\/p>\n<\/div>\n<p>[analyse_source url=&#8221;https:\/\/liberinteleorman.ro\/lansare-de-carte-versuri-pentru-prichindei\/&#8221;]<\/p>\n","protected":false},"excerpt":{"rendered":"<p>[analyse_image type=&#8221;featured&#8221; src=&#8221;https:\/\/liberinteleorman.ro\/wp-content\/uploads\/2026\/08\/IMG_1026.png&#8221;] Consiliul\u00a0Jude\u021bean\u00a0Teleorman,\u00a0Prim\u0103ria\u00a0MunicipiuluiAlexandria\u00a0\u0219i\u00a0Biblioteca\u00a0Jude\u021bean\u0103\u00a0\u201eMarin\u00a0Preda\u201d\u00a0Teleorman\u00a0organizeaz\u0103\u00a0mar\u021bi, 25 august 2026,\u00a0\u00eencep\u00e2nd\u00a0cu ora 10:00, la Sala de\u00a0lectur\u0103, \u00a0lansareavolumului\u00a0\u201eVersuri\u00a0pentru\u00a0prichindei\u201d,\u00a0semnat\u00a0de Elena M\u0103run\u021belu,\u00a0ap\u0103rut\u00a0\u00een\u00a0anul\u00a02025 la\u00a0Editura\u00a0Coresi.\u200b\u201eVersuri\u00a0pentru\u00a0prichindei\u201d\u00a0este\u00a0o\u00a0invita\u021bie\u00a0la\u00a0joac\u0103\u00a0princuvinte, la\u00a0imagina\u021bie\u00a0\u0219i\u00a0la\u00a0bucuria\u00a0de a\u00a0descoperilumea\u00a0prin\u00a0poezie.\u00a0Cartea\u00a0este\u00a0\u00eenso\u021bit\u0103\u00a0de\u00a0ilustra\u021biileTimeei\u00a0Pu\u0219ka\u0219, care\u00a0dau\u00a0via\u021b\u0103\u00a0personajelor\u00a0\u0219i\u00eent\u00e2mpl\u0103rilor\u00a0din\u00a0versuri\u00a0\u0219i\u00a0\u00eei\u00a0ajut\u0103\u00a0pe\u00a0cei\u00a0mici\u00a0s\u0103descopere\u00a0cu\u00a0mai\u00a0mult\u0103\u00a0u\u0219urin\u021b\u0103\u00a0lumea\u00a0c\u0103r\u021bii.\u00a0\u200bAl\u0103turi\u00a0de\u00a0autoare, la\u00a0eveniment\u00a0vor\u00a0participa\u00a0invita\u021bii:Domni\u021ba\u00a0Neaga \u2013\u00a0scriitoare,\u00a0Gabriel Cristian Moraru \u2013 critic\u00a0literar,\u00a0Timeea\u00a0Pu\u0219ka\u0219\u00a0\u2013\u00a0ilustratoare\u00a0\u0219i\u00a0George Lili Berceanu \u2013 director,\u00a0\u0218coala\u00a0Gimnazial\u0103\u00a0Con\u021be\u0219ti.\u00a0\u200bEvenimentul\u00a0face\u00a0parte\u00a0din\u00a0programul\u00a0\u201eZileleMunicipiului\u00a0Alexandria\u201d. [analyse_source url=&#8221;https:\/\/liberinteleorman.ro\/lansare-de-carte-versuri-pentru-prichindei\/&#8221;]<\/p>\n","protected":false},"author":1,"featured_media":0,"comment_status":"open","ping_status":"","sticky":false,"template":"","format":"standard","meta":{"footnotes":""},"categories":[89],"tags":[226,181],"class_list":["post-2111684","post","type-post","status-publish","format-standard","hentry","category-romania","tag-crawlmanager","tag-liberinteleorman-ro"],"_links":{"self":[{"href":"https:\/\/analyse.optim.biz\/index.php?rest_route=\/wp\/v2\/posts\/2111684","targetHints":{"allow":["GET"]}}],"collection":[{"href":"https:\/\/analyse.optim.biz\/index.php?rest_route=\/wp\/v2\/posts"}],"about":[{"href":"https:\/\/analyse.optim.biz\/index.php?rest_route=\/wp\/v2\/types\/post"}],"author":[{"embeddable":true,"href":"https:\/\/analyse.optim.biz\/index.php?rest_route=\/wp\/v2\/users\/1"}],"replies":[{"embeddable":true,"href":"https:\/\/analyse.optim.biz\/index.php?rest_route=%2Fwp%2Fv2%2Fcomments&post=2111684"}],"version-history":[{"count":0,"href":"https:\/\/analyse.optim.biz\/index.php?rest_route=\/wp\/v2\/posts\/2111684\/revisions"}],"wp:attachment":[{"href":"https:\/\/analyse.optim.biz\/index.php?rest_route=%2Fwp%2Fv2%2Fmedia&parent=2111684"}],"wp:term":[{"taxonomy":"category","embeddable":true,"href":"https:\/\/analyse.optim.biz\/index.php?rest_route=%2Fwp%2Fv2%2Fcategories&post=2111684"},{"taxonomy":"post_tag","embeddable":true,"href":"https:\/\/analyse.optim.biz\/index.php?rest_route=%2Fwp%2Fv2%2Ftags&post=2111684"}],"curies":[{"name":"wp","href":"https:\/\/api.w.org\/{rel}","templated":true}]}}