{"id":2111682,"date":"2026-08-23T08:26:29","date_gmt":"2026-08-23T05:26:29","guid":{"rendered":"https:\/\/analyse.optim.biz\/?p=2111682"},"modified":"2026-08-23T08:26:29","modified_gmt":"2026-08-23T05:26:29","slug":"programul-cultural-artistic-dedicat-zilelor-municipiului-alexandria-2026-ziarul-liber-in-teleorman","status":"publish","type":"post","link":"https:\/\/analyse.optim.biz\/?p=2111682","title":{"rendered":"Programul cultural-artistic dedicat Zilelor Municipiului Alexandria 2026 &#8211; Ziarul Liber in Teleorman"},"content":{"rendered":"<p>[analyse_image type=&#8221;featured&#8221; src=&#8221;https:\/\/liberinteleorman.ro\/wp-content\/uploads\/2026\/08\/IMG_0961.jpeg&#8221;]<\/p>\n<div class=\"entry-content single56__content single56__post_content single56__body_area\">\n<p>\u00cen perioada 24\u201330 august 2026, \u00een municipiul Alexandria se vor desf\u0103\u0219ura manifest\u0103rile dedicate Zilelor Municipiului Alexandria,\u00a0un eveniment anual care cuprinde\u00a0activit\u0103\u021bi sportive, culturale, recreative \u0219i artistice, dup\u0103 cum urmeaz\u0103:<\/p>\n<p><strong>Luni, 24 August 2026<\/strong><\/p>\n<p>07.00 \u2013 Cupa familiilor la pescuit, Balta Puricel;<\/p>\n<p>09.00 \u2013 Concurs de biciclete, Parcul P\u0103durea Vedea, destinat copiilor cu v\u00e2rste cuprinse \u00eentre 4 \u0219i 10 ani, pe urm\u0103toarele categorii: 4\u20135 ani, 6\u20138 ani \u0219i 9\u201310 ani;<\/p>\n<p>11.00 \u2013 Simpozionul \u0219i expozi\u021bia \u201eAlexandria \u00een monografii, imagini \u0219i medalii\u201d, organizate de\u00a0<a href=\"https:\/\/www.facebook.com\/profile.php?id=100083064654275&amp;__cft__%5b0%5d=AZYuwZ59KJGWc9MiD64UCUrOK5OO6OQk5gibMhxqm1_nS4eXeZY8tWD9ob6N5l9Lr12RAGE9hHQIar_1gw0h3gLHGraYqy8SMQWShLDXMyQCsQHg--4vZZYkoa79vbn1bSYXK1xUTYynrOfE9US1n7D0UutptQpLzQcow0olRULeFFWiPFTRfBawiJtjEp4mOnefMZcNK1jEEDZ3WNQWcapN&amp;__tn__=-%5dK-R\" target=\"_blank\" rel=\"noopener\">Biblioteca Jude\u021bean\u0103 \u201cMarin Preda\u201d Teleorman<\/a>\u00a0\u00een parteneriat cu Serviciul Jude\u021bean Teleorman al Arhivelor Na\u021bionale \u0219i cu sprijinul colec\u021bionarului Teodor\u00a0S\u0103ceanu.<\/p>\n<p><strong>Mar\u021bi, 25 August 2026<\/strong><\/p>\n<p>\u00cen perioada 25\u201330 august 2026,\u00a0<a href=\"https:\/\/www.facebook.com\/profile.php?id=100057561845529&amp;__cft__%5b0%5d=AZYuwZ59KJGWc9MiD64UCUrOK5OO6OQk5gibMhxqm1_nS4eXeZY8tWD9ob6N5l9Lr12RAGE9hHQIar_1gw0h3gLHGraYqy8SMQWShLDXMyQCsQHg--4vZZYkoa79vbn1bSYXK1xUTYynrOfE9US1n7D0UutptQpLzQcow0olRULeFFWiPFTRfBawiJtjEp4mOnefMZcNK1jEEDZ3WNQWcapN&amp;__tn__=-%5dK-R\" target=\"_blank\" rel=\"noopener\">Muzeul Jude\u021bean Teleorman<\/a>organizeaz\u0103 urm\u0103toarele activit\u0103\u021bi:<\/p>\n<p>\u27a2\u00a0Mini-expozi\u021bia\u00a0\u201eSalut\u0103ri din Alexandria\u201d, care cuprinde c\u0103r\u021bi po\u0219tale realizate de copiii participan\u021bi la atelierul tematic din cadrul\u00a0\u201e\u0218colii de Var\u0103\u00a0\u2013\u00a0edi\u021bia 2026\u201d;<\/p>\n<p>\u27a2\u00a0Mini-expozi\u021bia\u00a0\u201eAlexandria\u00a0\u2013\u00a0repere din trecut\u201d, cu fotografii\u00a0\u0219i c\u0103r\u021bi po\u0219tale ilustrate din colec\u021bia muzeului;<\/p>\n<p>\u27a2\u00a0\u201ePor\u021bi deschise la muzeu\u201d, cu acces gratuit la expozi\u021biile permanente\u00a0\u0219i temporare, pe\u00a0\u00eentreaga perioad\u0103\u00a0men\u021bionat\u0103;<\/p>\n<p>09.00 \u2013 Concurs de trotinete, P\u0103durea Vedea, pentru categoriile de v\u00e2rst\u0103 4\u20135 ani, 6\u20138 ani \u0219i 9\u201310 ani;<\/p>\n<p>10.30 \u2013 Concurs de role, P\u0103durea Vedea, pentru categoriile de v\u00e2rst\u0103 4\u20135 ani, 6\u20138 ani \u0219i 9\u201310 ani;<\/p>\n<p>11.00 \u2013 Dubl\u0103 lansare de carte, organizat\u0103 de Biblioteca Jude\u021bean\u0103 \u201eMarin Preda\u201d Teleorman: \u201eR\u0103d\u0103cinile dorului\u201d, de George B\u0103icoianu, \u0219i \u201eCiuleandra ideilor mele\u201d, de Cristian Gabriel Moraru;<\/p>\n<p>18.00 \u2013 Concurs de \u00eenot, \u0218trand Vedea.<\/p>\n<p><strong>Miercuri, 26 August 2026<\/strong><\/p>\n<p>07.00 \u2013 Cupa pensionarilor la pescuit, Balta Puricel;<\/p>\n<p>09.00 \u2013 Cros, P\u0103durea Vedea. Competi\u021bia se desf\u0103\u0219oar\u0103 pentru fete \u0219i b\u0103ie\u021bi, pe urm\u0103toarele categorii de v\u00e2rst\u0103: primar, gimnaziu, liceu, seniori \u0219i +35 ani.<\/p>\n<p><strong>Joi, 27 August 2026<\/strong><\/p>\n<p>08.00 \u2013 Alexandria Express \u2013\u00a0Treasure\u00a0Hunt.<\/p>\n<p><strong>Vineri, 28 August 2026<\/strong><\/p>\n<p>14.00 \u2013 Gala Scriitorilor Teleorm\u0103neni, eveniment organizat \u00een parteneriat cu Biblioteca Jude\u021bean\u0103 \u201eMarin Preda\u201d Teleorman;<\/p>\n<p>14.00 \u2013 Spuma Party\u00a0by\u00a0<a href=\"https:\/\/www.facebook.com\/cltalexandria?__cft__%5b0%5d=AZYuwZ59KJGWc9MiD64UCUrOK5OO6OQk5gibMhxqm1_nS4eXeZY8tWD9ob6N5l9Lr12RAGE9hHQIar_1gw0h3gLHGraYqy8SMQWShLDXMyQCsQHg--4vZZYkoa79vbn1bSYXK1xUTYynrOfE9US1n7D0UutptQpLzQcow0olRULeFFWiPFTRfBawiJtjEp4mOnefMZcNK1jEEDZ3WNQWcapN&amp;__tn__=-%5dK-R\" target=\"_blank\" rel=\"noopener\">Consiliul Local al Tinerilor Alexandria<\/a>\u00a0\u2013 Forest;<\/p>\n<p>14.00\u201318.00 \u2013 \u201eMindset\u00a0Lab\u201d \u2013 \u00eencredere \u00een sine, gestionarea e\u0219ecului, presiunea social\u0103, motiva\u021bie \u0219i obiective personale \u2013 workshop organizat de c\u0103tre Funda\u021bia Na\u021bional\u0103 pentru Tineret, prin\u00a0<a href=\"https:\/\/www.facebook.com\/profile.php?id=61584580634948&amp;__cft__%5b0%5d=AZYuwZ59KJGWc9MiD64UCUrOK5OO6OQk5gibMhxqm1_nS4eXeZY8tWD9ob6N5l9Lr12RAGE9hHQIar_1gw0h3gLHGraYqy8SMQWShLDXMyQCsQHg--4vZZYkoa79vbn1bSYXK1xUTYynrOfE9US1n7D0UutptQpLzQcow0olRULeFFWiPFTRfBawiJtjEp4mOnefMZcNK1jEEDZ3WNQWcapN&amp;__tn__=-%5dK-R\" target=\"_blank\" rel=\"noopener\">Centrul pentru Tineret Teleorman<\/a>\u00a0\u2013 Forest;<\/p>\n<p>19.00 \u2013 Spectacol folcloric, cu participarea urm\u0103torilor invita\u021bi:<\/p>\n<p>Ansamblul de C\u00e2ntece \u0219i Dansuri \u201eCununa Burnasului\u201d;<\/p>\n<p>Ansamblul Folcloric \u201eRodostina\u201d Bulgaria;<\/p>\n<p>Teodora Oprea;<\/p>\n<p>Natalia Andreea Matei;<\/p>\n<p>Miruna Mircea;<\/p>\n<p>Luisiana\u00a0V\u00eerdol;<\/p>\n<p>Ansamblul DATINA;<\/p>\n<p>Ansamblul Burnasul;<\/p>\n<p>Costi Dumitru;<\/p>\n<p>Olgu\u021ba Berbec &amp; Remus Novac.<\/p>\n<p><strong>S\u00e2mb\u0103t\u0103, 29 August 2026<\/strong><\/p>\n<p>10.00 \u2013\u00a0Retroparada\u00a0\u0219i Parada Moto \u2013\u00a0<a href=\"https:\/\/www.facebook.com\/legiophoenixmc?__cft__%5b0%5d=AZYuwZ59KJGWc9MiD64UCUrOK5OO6OQk5gibMhxqm1_nS4eXeZY8tWD9ob6N5l9Lr12RAGE9hHQIar_1gw0h3gLHGraYqy8SMQWShLDXMyQCsQHg--4vZZYkoa79vbn1bSYXK1xUTYynrOfE9US1n7D0UutptQpLzQcow0olRULeFFWiPFTRfBawiJtjEp4mOnefMZcNK1jEEDZ3WNQWcapN&amp;__tn__=-%5dK-R\" target=\"_blank\" rel=\"noopener\">Legio\u00a0Phoenix MC Alexandria<\/a>;<\/p>\n<p>11.00 \u2013 Omagierea celui mai v\u00e2rstnic cet\u0103\u021bean al municipiului Alexandria;<\/p>\n<p>18.00 \u2013 Procesiune religioas\u0103;<\/p>\n<p>19.00 \u2013 Spectacol, cu participarea urm\u0103torilor arti\u0219ti:<\/p>\n<p>\u2013\u00a0Arghirescu\u00a0Ruxandra;<\/p>\n<p>\u2013\u00a0Rebeca Rizea;<\/p>\n<p>\u2013\u00a0Cezar Vladimir Voinea;<\/p>\n<p>\u2013\u00a0Loraine\u00a0de\u00a0Hillerin;<\/p>\n<p>\u2013\u00a0SIBBA;<\/p>\n<p>\u2013\u00a0Edward Sanda;<\/p>\n<p>\u2013\u00a0Ruby;<\/p>\n<p>\u2013\u00a0The Urs.<\/p>\n<p><strong>Duminic\u0103, 30 August 2026<\/strong><\/p>\n<p>11.00 \u2013 \u0218edin\u021ba festiv\u0103 a Consiliului Local al Municipiului Alexandria, \u00een cadrul c\u0103reia va avea loc decernarea titlului de Cet\u0103\u021bean de Onoare al Municipiului Alexandria, precum \u0219i acordarea unei distinc\u021bii pentru primul copil n\u0103scut \u00een municipiul Alexandria;<\/p>\n<p>19.00 \u2013 Spectacol, cu participarea:<\/p>\n<p>\u2013\u00a0C\u0103t\u0103lin Filip \u0219i \u0218coala de Rock;<\/p>\n<p>\u2013\u00a0Liviu Teodorescu;<\/p>\n<p>\u2013\u00a0Ami;<\/p>\n<p>\u2013\u00a0Voltaj.<\/p>\n<p>23.50 \u2013 Foc de artificii.<\/p>\n<p><strong>Municipalitatea invit\u0103 cet\u0103\u021benii municipiului Alexandria s\u0103 participe la activit\u0103\u021bile programate \u00een perioada 24\u201330 august 2026. Preciz\u0103m c\u0103 programul poate suferi modific\u0103ri \u00een func\u021bie de condi\u021biile organizatorice, logistice sau meteorologice.<\/strong><\/p>\n<\/div>\n<p>[analyse_source url=&#8221;https:\/\/liberinteleorman.ro\/programul-cultural-artistic-dedicat-zilelor-municipiului-alexandria-2026\/&#8221;]<\/p>\n","protected":false},"excerpt":{"rendered":"<p>[analyse_image type=&#8221;featured&#8221; src=&#8221;https:\/\/liberinteleorman.ro\/wp-content\/uploads\/2026\/08\/IMG_0961.jpeg&#8221;] \u00cen perioada 24\u201330 august 2026, \u00een municipiul Alexandria se vor desf\u0103\u0219ura manifest\u0103rile dedicate Zilelor Municipiului Alexandria,\u00a0un eveniment anual care cuprinde\u00a0activit\u0103\u021bi sportive, culturale, recreative \u0219i artistice, dup\u0103 cum urmeaz\u0103: Luni, 24 August 2026 07.00 \u2013 Cupa familiilor la pescuit, Balta Puricel; 09.00 \u2013 Concurs de biciclete, Parcul P\u0103durea Vedea, destinat copiilor cu v\u00e2rste [&hellip;]<\/p>\n","protected":false},"author":1,"featured_media":0,"comment_status":"open","ping_status":"","sticky":false,"template":"","format":"standard","meta":{"footnotes":""},"categories":[89],"tags":[226,181],"class_list":["post-2111682","post","type-post","status-publish","format-standard","hentry","category-romania","tag-crawlmanager","tag-liberinteleorman-ro"],"_links":{"self":[{"href":"https:\/\/analyse.optim.biz\/index.php?rest_route=\/wp\/v2\/posts\/2111682","targetHints":{"allow":["GET"]}}],"collection":[{"href":"https:\/\/analyse.optim.biz\/index.php?rest_route=\/wp\/v2\/posts"}],"about":[{"href":"https:\/\/analyse.optim.biz\/index.php?rest_route=\/wp\/v2\/types\/post"}],"author":[{"embeddable":true,"href":"https:\/\/analyse.optim.biz\/index.php?rest_route=\/wp\/v2\/users\/1"}],"replies":[{"embeddable":true,"href":"https:\/\/analyse.optim.biz\/index.php?rest_route=%2Fwp%2Fv2%2Fcomments&post=2111682"}],"version-history":[{"count":0,"href":"https:\/\/analyse.optim.biz\/index.php?rest_route=\/wp\/v2\/posts\/2111682\/revisions"}],"wp:attachment":[{"href":"https:\/\/analyse.optim.biz\/index.php?rest_route=%2Fwp%2Fv2%2Fmedia&parent=2111682"}],"wp:term":[{"taxonomy":"category","embeddable":true,"href":"https:\/\/analyse.optim.biz\/index.php?rest_route=%2Fwp%2Fv2%2Fcategories&post=2111682"},{"taxonomy":"post_tag","embeddable":true,"href":"https:\/\/analyse.optim.biz\/index.php?rest_route=%2Fwp%2Fv2%2Ftags&post=2111682"}],"curies":[{"name":"wp","href":"https:\/\/api.w.org\/{rel}","templated":true}]}}