{"id":2111640,"date":"2026-08-25T09:43:04","date_gmt":"2026-08-25T06:43:04","guid":{"rendered":"https:\/\/analyse.optim.biz\/?p=2111640"},"modified":"2026-08-25T09:43:04","modified_gmt":"2026-08-25T06:43:04","slug":"ciolacu-este-convins-ca-tinerii-au-dreptul-sa-afle-adevarul-istoric","status":"publish","type":"post","link":"https:\/\/analyse.optim.biz\/?p=2111640","title":{"rendered":"Ciolacu este convins c\u0103 tinerii au dreptul s\u0103 afle adev\u0103rul istoric"},"content":{"rendered":"<p>[analyse_image type=&#8221;featured&#8221; src=&#8221;https:\/\/blitz24.ro\/wp-content\/uploads\/2021\/12\/penitenciar-ramnicu-sarat.jpg&#8221;]<\/p>\n<div class=\"cm-entry-summary\">\n<p><strong>Cea de-a XVIII-a edi\u021bie a Universit\u0103\u021bii de Var\u0103 de la R\u00e2mnicu S\u0103rat a debutat sub tema \u201eComunismul rom\u00e2nesc. Instruc\u021biuni de folosire\u201d, reunind istorici, cercet\u0103tori \u0219i tineri interesa\u021bi s\u0103 \u00een\u021beleag\u0103 mai bine una dintre cele mai dificile perioade din istoria recent\u0103 a Rom\u00e2niei.<\/strong><\/p>\n<p>Pre\u0219edintele Consiliului Jude\u021bean Buz\u0103u,\u00a0Marcel Ciolacu, a transmis un mesaj \u00een care a subliniat importan\u021ba p\u0103str\u0103rii memoriei trecutului \u0219i a transmiterii adev\u0103rului istoric c\u0103tre noile genera\u021bii.<\/p>\n<p>Marcel Ciolacu a ar\u0103tat c\u0103, la mai bine de trei decenii de la c\u0103derea comunismului, exist\u0103 genera\u021bii \u00eentregi care nu au cunoscut direct acea perioad\u0103. Tocmai de aceea, consider\u0103 c\u0103 astfel de evenimente sunt necesare pentru ca tinerii s\u0103 poat\u0103 \u00een\u021belege ce a \u00eensemnat comunismul rom\u00e2nesc \u0219i care au fost consecin\u021bele sale asupra societ\u0103\u021bii.<\/p>\n<p>\u201e<em>Cred cu t\u0103rie c\u0103 memoria trecutului nu trebuie s\u0103 ne \u021bin\u0103 captivi \u00een frici vechi, ci s\u0103 ne dea instrumentele cu care tinerii de azi s\u0103 \u00ee\u0219i apere libertatea \u00een viitor<\/em>\u201d, a transmis pre\u0219edintele Consiliului Jude\u021bean Buz\u0103u.<\/p>\n<p>\u00cen mesajul s\u0103u, Marcel Ciolacu a amintit importan\u021ba fostului penitenciar de la R\u00e2mnicu S\u0103rat, pe care l-a descris drept una dintre m\u0103rturiile dure ale represiunii comuniste.<\/p>\n<p>Acest loc r\u0103m\u00e2ne un reper al memoriei istorice \u0219i un spa\u021biu \u00een care trecutul poate fi \u00een\u021beles nu doar prin documente \u0219i cercet\u0103ri, ci \u0219i prin contactul direct cu urmele unei perioade marcate de suferin\u021b\u0103, deten\u021bie politic\u0103 \u0219i lips\u0103 de libertate.<\/p>\n<p>Pre\u0219edintele Consiliului Jude\u021bean Buz\u0103u a subliniat c\u0103 institu\u021bia pe care o conduce va continua s\u0103 sus\u021bin\u0103 astfel de ini\u021biative, al\u0103turi de Institutul de Investigare a Crimelor Comunismului \u0219i Memoria Exilului Rom\u00e2nesc \u0219i de Prim\u0103ria Municipiului R\u00e2mnicu S\u0103rat.<\/p>\n<p>Potrivit acestuia, Universitatea de Var\u0103 de la R\u00e2mnicu S\u0103rat este un eveniment important, care creeaz\u0103 cadrul necesar pentru dezbateri serioase despre un trecut care, de\u0219i pare \u00eendep\u0103rtat, continu\u0103 s\u0103 influen\u021beze prezentul.<\/p>\n<h3>\u00a0CITE\u0218TE \u0218I <a href=\"https:\/\/blitz24.ro\/national\/deja-au-inceput-sa-apara-primele-probleme-la-lotul-de-autostrada-construit-de-bulgari\/\"><span>Deja au \u00eenceput s\u0103 apar\u0103 primele probleme la lotul de autostrad\u0103 construit de bulgari<\/span><\/a><\/h3>\n<p>Marcel Ciolacu \u0219i-a exprimat convingerea c\u0103 zilele petrecute la R\u00e2mnicu S\u0103rat vor genera discu\u021bii utile despre comunismul rom\u00e2nesc \u0219i despre necesitatea cunoa\u0219terii profunde a istoriei recente.<\/p>\n<p>Acesta a transmis c\u0103 tinerii au dreptul s\u0103 cunoasc\u0103 adev\u0103rul istoric, s\u0103 \u00ee\u0219i pun\u0103 \u00eentreb\u0103ri \u0219i s\u0103 \u00ee\u0219i dezvolte g\u00e2ndirea critic\u0103.<\/p>\n<p>\u201e<em>Tinerii no\u0219tri au dreptul s\u0103 cunoasc\u0103 adev\u0103rul istoric, s\u0103 dea fr\u00e2u liber curiozit\u0103\u021bii \u0219i g\u00e2ndirii critice. Pentru c\u0103 progresul unei societ\u0103\u021bi \u00eencepe adesea tocmai a\u0219a<\/em>\u201d, a transmis Marcel Ciolacu.<\/p>\n<p>Universitatea de Var\u0103 de la R\u00e2mnicu S\u0103rat r\u0103m\u00e2ne, astfel, un spa\u021biu de reflec\u021bie, dialog \u0219i educa\u021bie, dedicat memoriei, libert\u0103\u021bii \u0219i responsabilit\u0103\u021bii fa\u021b\u0103 de trecut.<\/p>\n<\/div>\n<p>[analyse_source url=&#8221;https:\/\/blitz24.ro\/stiri-judetene\/actualitate-stiri-judetene\/ciolacu-este-convins-ca-tinerii-au-dreptul-sa-afle-adevarul-istoric\/&#8221;]<\/p>\n","protected":false},"excerpt":{"rendered":"<p>[analyse_image type=&#8221;featured&#8221; src=&#8221;https:\/\/blitz24.ro\/wp-content\/uploads\/2021\/12\/penitenciar-ramnicu-sarat.jpg&#8221;] Cea de-a XVIII-a edi\u021bie a Universit\u0103\u021bii de Var\u0103 de la R\u00e2mnicu S\u0103rat a debutat sub tema \u201eComunismul rom\u00e2nesc. Instruc\u021biuni de folosire\u201d, reunind istorici, cercet\u0103tori \u0219i tineri interesa\u021bi s\u0103 \u00een\u021beleag\u0103 mai bine una dintre cele mai dificile perioade din istoria recent\u0103 a Rom\u00e2niei. Pre\u0219edintele Consiliului Jude\u021bean Buz\u0103u,\u00a0Marcel Ciolacu, a transmis un mesaj \u00een [&hellip;]<\/p>\n","protected":false},"author":1,"featured_media":0,"comment_status":"open","ping_status":"","sticky":false,"template":"","format":"standard","meta":{"footnotes":""},"categories":[2],"tags":[42,226],"class_list":["post-2111640","post","type-post","status-publish","format-standard","hentry","category-politics","tag-blitz24-ro","tag-crawlmanager"],"_links":{"self":[{"href":"https:\/\/analyse.optim.biz\/index.php?rest_route=\/wp\/v2\/posts\/2111640","targetHints":{"allow":["GET"]}}],"collection":[{"href":"https:\/\/analyse.optim.biz\/index.php?rest_route=\/wp\/v2\/posts"}],"about":[{"href":"https:\/\/analyse.optim.biz\/index.php?rest_route=\/wp\/v2\/types\/post"}],"author":[{"embeddable":true,"href":"https:\/\/analyse.optim.biz\/index.php?rest_route=\/wp\/v2\/users\/1"}],"replies":[{"embeddable":true,"href":"https:\/\/analyse.optim.biz\/index.php?rest_route=%2Fwp%2Fv2%2Fcomments&post=2111640"}],"version-history":[{"count":0,"href":"https:\/\/analyse.optim.biz\/index.php?rest_route=\/wp\/v2\/posts\/2111640\/revisions"}],"wp:attachment":[{"href":"https:\/\/analyse.optim.biz\/index.php?rest_route=%2Fwp%2Fv2%2Fmedia&parent=2111640"}],"wp:term":[{"taxonomy":"category","embeddable":true,"href":"https:\/\/analyse.optim.biz\/index.php?rest_route=%2Fwp%2Fv2%2Fcategories&post=2111640"},{"taxonomy":"post_tag","embeddable":true,"href":"https:\/\/analyse.optim.biz\/index.php?rest_route=%2Fwp%2Fv2%2Ftags&post=2111640"}],"curies":[{"name":"wp","href":"https:\/\/api.w.org\/{rel}","templated":true}]}}