{"id":2111638,"date":"2026-08-25T16:25:00","date_gmt":"2026-08-25T13:25:00","guid":{"rendered":"https:\/\/analyse.optim.biz\/?p=2111638"},"modified":"2026-08-25T16:25:00","modified_gmt":"2026-08-25T13:25:00","slug":"psd-cauta-inlocuitor-pentru-toma-edilul-ramane-in-psd-dar-fara-sustinere-neconditionata-in-clm","status":"publish","type":"post","link":"https:\/\/analyse.optim.biz\/?p=2111638","title":{"rendered":"PSD caut\u0103 \u00eenlocuitor pentru Toma. Edilul r\u0103m\u00e2ne \u00een PSD, dar f\u0103r\u0103 sus\u021binere necondi\u021bionat\u0103 \u00een CLM\u00a0\u00a0\u00a0\u00a0\u00a0\u00a0"},"content":{"rendered":"<p>[analyse_image type=&#8221;featured&#8221; src=&#8221;https:\/\/www.campusbuzau.ro\/wp-content\/uploads\/2026\/08\/conferinta-psd.jpghttps:\/\/www.campusbuzau.ro\/wp-content\/uploads\/2026\/08\/conferinta-psd.jpg&#8221;]<\/p>\n<div class=\"entry-content\">\n<p><strong><em><mark class=\"has-inline-color has-maincolor-color\">Pre\u0219edintele PSD Buz\u0103u, deputatul Romeo Lungu, a anun\u021bat ast\u0103zi c\u0103 nu \u00eel va da afar\u0103 din partid pe primarul municipiului Buz\u0103u, Constantin Toma, \u00een urma anun\u021bului edilului c\u0103 nu va mai candida din partea forma\u021biunii politice pentru un nou mandat.<\/mark><\/em><\/strong><\/p>\n<p>\u00cen cadrul unei conferin\u021be de pres\u0103 care a avut loc \u00een aceast\u0103 diminea\u021b\u0103, la sediul Organiza\u021biei Municipale a PSD Buz\u0103u, Romeo Lungu a declarat c\u0103 a luat act de decizia primarului Toma, dar c\u0103 nu dore\u0219te excluderea acestuia din partid.<\/p>\n<p>\u00cen ceea ce prive\u0219te activitatea din Consiliul Local Municipal, liderul PSD Buz\u0103u a explicat c\u0103, de acum \u00eenainte, ale\u0219ii PSD vor sus\u021bine doar \u201eproiectele bune pentru buzoieni\u201d ini\u021biate de edilul Constantin Toma.<\/p>\n<p>Liderul social-democra\u021bilor buzoieni a mai declarat c\u0103 la alegerile locale de peste doi ani, PSD va propune un candidat redutabil pentru func\u021bia de primar al municipiului Buz\u0103u. Acesta va fi stabilit \u00een urma unor studii sociologice.<\/p>\n<p>Dup\u0103 anun\u021bul f\u0103cut \u00een premier\u0103 s\u0103pt\u0103m\u00e2na trecut\u0103, la Radio Campus, Constantin Toma a revenit \u00een aceast\u0103 diminea\u021b\u0103 cu o postare pe pagina sa personal\u0103 de Facebook, \u00een care \u00ee\u0219i reafirm\u0103 decizia de a nu mai candida din partea PSD pentru un nou mandat de primar.<\/p>\n<figure class=\"wp-block-embed is-type-video is-provider-youtube wp-block-embed-youtube wp-embed-aspect-16-9 wp-has-aspect-ratio\">\n<div class=\"wp-block-embed__wrapper\">\n<iframe loading=\"lazy\" title=\"PSD CAUT\u0102 \u00ceNLOCUITOR PENTRU PRIMARUL CONSTANTIN TOMA\" width=\"500\" height=\"281\" src=\"https:\/\/www.youtube.com\/embed\/JBO3Lu3rp4s?feature=oembed\" frameborder allow=\"accelerometer; autoplay; clipboard-write; encrypted-media; gyroscope; picture-in-picture; web-share\" referrerpolicy=\"strict-origin-when-cross-origin\" allowfullscreen><\/iframe>\n<\/div>\n<\/figure>\n<\/div>\n<p>[analyse_source url=&#8221;https:\/\/www.campusbuzau.ro\/psd-cauta-inlocuitor-pentru-toma-edilul-ramane-in-psd-dar-fara-sustinere-neconditionata-in-clm\/&#8221;]<\/p>\n","protected":false},"excerpt":{"rendered":"<p>[analyse_image type=&#8221;featured&#8221; src=&#8221;https:\/\/www.campusbuzau.ro\/wp-content\/uploads\/2026\/08\/conferinta-psd.jpghttps:\/\/www.campusbuzau.ro\/wp-content\/uploads\/2026\/08\/conferinta-psd.jpg&#8221;] Pre\u0219edintele PSD Buz\u0103u, deputatul Romeo Lungu, a anun\u021bat ast\u0103zi c\u0103 nu \u00eel va da afar\u0103 din partid pe primarul municipiului Buz\u0103u, Constantin Toma, \u00een urma anun\u021bului edilului c\u0103 nu va mai candida din partea forma\u021biunii politice pentru un nou mandat. \u00cen cadrul unei conferin\u021be de pres\u0103 care a avut loc \u00een aceast\u0103 [&hellip;]<\/p>\n","protected":false},"author":1,"featured_media":0,"comment_status":"open","ping_status":"","sticky":false,"template":"","format":"standard","meta":{"footnotes":""},"categories":[2],"tags":[118,226],"class_list":["post-2111638","post","type-post","status-publish","format-standard","hentry","category-politics","tag-campusbuzau-ro","tag-crawlmanager"],"_links":{"self":[{"href":"https:\/\/analyse.optim.biz\/index.php?rest_route=\/wp\/v2\/posts\/2111638","targetHints":{"allow":["GET"]}}],"collection":[{"href":"https:\/\/analyse.optim.biz\/index.php?rest_route=\/wp\/v2\/posts"}],"about":[{"href":"https:\/\/analyse.optim.biz\/index.php?rest_route=\/wp\/v2\/types\/post"}],"author":[{"embeddable":true,"href":"https:\/\/analyse.optim.biz\/index.php?rest_route=\/wp\/v2\/users\/1"}],"replies":[{"embeddable":true,"href":"https:\/\/analyse.optim.biz\/index.php?rest_route=%2Fwp%2Fv2%2Fcomments&post=2111638"}],"version-history":[{"count":0,"href":"https:\/\/analyse.optim.biz\/index.php?rest_route=\/wp\/v2\/posts\/2111638\/revisions"}],"wp:attachment":[{"href":"https:\/\/analyse.optim.biz\/index.php?rest_route=%2Fwp%2Fv2%2Fmedia&parent=2111638"}],"wp:term":[{"taxonomy":"category","embeddable":true,"href":"https:\/\/analyse.optim.biz\/index.php?rest_route=%2Fwp%2Fv2%2Fcategories&post=2111638"},{"taxonomy":"post_tag","embeddable":true,"href":"https:\/\/analyse.optim.biz\/index.php?rest_route=%2Fwp%2Fv2%2Ftags&post=2111638"}],"curies":[{"name":"wp","href":"https:\/\/api.w.org\/{rel}","templated":true}]}}