{"id":2111637,"date":"2026-08-25T16:24:00","date_gmt":"2026-08-25T13:24:00","guid":{"rendered":"https:\/\/analyse.optim.biz\/?p=2111637"},"modified":"2026-08-25T16:24:00","modified_gmt":"2026-08-25T13:24:00","slug":"curat-murdar-helesteul-trebuie-curatat-in-profunzime","status":"publish","type":"post","link":"https:\/\/analyse.optim.biz\/?p=2111637","title":{"rendered":"Curat murdar \u2026 Hele\u0219teul trebuie cur\u0103\u021bat \u00een profunzime"},"content":{"rendered":"<p>[analyse_image type=&#8221;featured&#8221; src=&#8221;https:\/\/www.campusbuzau.ro\/wp-content\/uploads\/2026\/08\/vlcsnap-2026-08-24-13h59m32s445.jpghttps:\/\/www.campusbuzau.ro\/wp-content\/uploads\/2026\/08\/vlcsnap-2026-08-24-13h59m32s445.jpg&#8221;]<\/p>\n<div class=\"entry-content\">\n<p><strong><em>Multe zone verzi din ora\u0219 nu mai sunt \u00eengrijite la timp de lucr\u0103torii de la Spa\u021bii Verzi. \u00cen schimb, echipe consistente pot fi v\u0103zute destul de des pe Calea Eroilor, artera etalon a ora\u0219ului, precum \u0219i \u00een zona central\u0103. \u0218i Hele\u0219teul are nevoie de o cur\u0103\u021bire mai profund\u0103 pentru c\u0103 br\u0103di\u0219ul amenin\u021b\u0103 s\u0103 acopere toat\u0103 suprafa\u021ba lacului.<\/em><\/strong><\/p>\n<p>Cet\u0103\u021benii Buz\u0103ului atrag aten\u021bia gospodarilor ora\u0219ului c\u0103 unele zone privilegiate precum Calea Eroilor \u0219i Centrul urbei sunt permanent \u00een aten\u021bia celor de la Spa\u021bii verzi, \u00een timp ce \u00een restul ora\u0219ului, inclusiv parcurile, sunt \u00eengrijite mult mai pu\u021bin sau deloc.<\/p>\n<p>Chiar \u0219i parcul reprezentativ pentru Buz\u0103u, Cr\u00e2ngul, este oarecum mai pu\u021bin \u00eengrijit, de\u0219i este locul predilect pentru ie\u0219irile buzoienilor \u00een aer liber.<\/p>\n<p>Hele\u0219teul, habitatul r\u0103\u021bu\u0219telor s\u0103lbatice de mai mul\u021bi ani are \u0219i el nevoie de un tratament estetic \u0219i \u00een ad\u00e2ncime, nui numai la suprafa\u021b\u0103 pentru c\u0103, de\u0219i prime\u0219te ap\u0103 proasp\u0103t\u0103 permanent este n\u0103p\u0103dit de vegeta\u021bie.<\/p>\n<p>Edilii au trimis din nou barca s\u0103 cure\u021be suprafa\u021ba lacului de br\u0103di\u0219 \u0219i de diversele de\u0219euri aruncate \u00een ap\u0103 de unele persoane mai pu\u021bin grijulii cu natura.<\/p>\n<p>Vara care se apropie de sf\u00e2r\u0219it a fost extrem de favorabil\u0103 pentru cre\u0219terea \u0219i dezvoltarea vegeta\u021biei, inclusiv cea acvatic\u0103.<\/p>\n<figure class=\"wp-block-embed is-type-video is-provider-youtube wp-block-embed-youtube wp-embed-aspect-16-9 wp-has-aspect-ratio\">\n<div class=\"wp-block-embed__wrapper\">\n<iframe loading=\"lazy\" title=\"HELE\u015eTEUL TREBUIE CUR\u0102\u0162AT \u015eI \u00ceN PROFUNZIME\" width=\"500\" height=\"281\" src=\"https:\/\/www.youtube.com\/embed\/zQdG7nrys7U?feature=oembed\" frameborder allow=\"accelerometer; autoplay; clipboard-write; encrypted-media; gyroscope; picture-in-picture; web-share\" referrerpolicy=\"strict-origin-when-cross-origin\" allowfullscreen><\/iframe>\n<\/div>\n<\/figure>\n<\/div>\n<p>[analyse_source url=&#8221;https:\/\/www.campusbuzau.ro\/curat-murdar-helesteul-trebuie-curatat-si-in-profunzime\/&#8221;]<\/p>\n","protected":false},"excerpt":{"rendered":"<p>[analyse_image type=&#8221;featured&#8221; src=&#8221;https:\/\/www.campusbuzau.ro\/wp-content\/uploads\/2026\/08\/vlcsnap-2026-08-24-13h59m32s445.jpghttps:\/\/www.campusbuzau.ro\/wp-content\/uploads\/2026\/08\/vlcsnap-2026-08-24-13h59m32s445.jpg&#8221;] Multe zone verzi din ora\u0219 nu mai sunt \u00eengrijite la timp de lucr\u0103torii de la Spa\u021bii Verzi. \u00cen schimb, echipe consistente pot fi v\u0103zute destul de des pe Calea Eroilor, artera etalon a ora\u0219ului, precum \u0219i \u00een zona central\u0103. \u0218i Hele\u0219teul are nevoie de o cur\u0103\u021bire mai profund\u0103 pentru c\u0103 br\u0103di\u0219ul amenin\u021b\u0103 [&hellip;]<\/p>\n","protected":false},"author":1,"featured_media":0,"comment_status":"open","ping_status":"","sticky":false,"template":"","format":"standard","meta":{"footnotes":""},"categories":[2],"tags":[118,226],"class_list":["post-2111637","post","type-post","status-publish","format-standard","hentry","category-politics","tag-campusbuzau-ro","tag-crawlmanager"],"_links":{"self":[{"href":"https:\/\/analyse.optim.biz\/index.php?rest_route=\/wp\/v2\/posts\/2111637","targetHints":{"allow":["GET"]}}],"collection":[{"href":"https:\/\/analyse.optim.biz\/index.php?rest_route=\/wp\/v2\/posts"}],"about":[{"href":"https:\/\/analyse.optim.biz\/index.php?rest_route=\/wp\/v2\/types\/post"}],"author":[{"embeddable":true,"href":"https:\/\/analyse.optim.biz\/index.php?rest_route=\/wp\/v2\/users\/1"}],"replies":[{"embeddable":true,"href":"https:\/\/analyse.optim.biz\/index.php?rest_route=%2Fwp%2Fv2%2Fcomments&post=2111637"}],"version-history":[{"count":0,"href":"https:\/\/analyse.optim.biz\/index.php?rest_route=\/wp\/v2\/posts\/2111637\/revisions"}],"wp:attachment":[{"href":"https:\/\/analyse.optim.biz\/index.php?rest_route=%2Fwp%2Fv2%2Fmedia&parent=2111637"}],"wp:term":[{"taxonomy":"category","embeddable":true,"href":"https:\/\/analyse.optim.biz\/index.php?rest_route=%2Fwp%2Fv2%2Fcategories&post=2111637"},{"taxonomy":"post_tag","embeddable":true,"href":"https:\/\/analyse.optim.biz\/index.php?rest_route=%2Fwp%2Fv2%2Ftags&post=2111637"}],"curies":[{"name":"wp","href":"https:\/\/api.w.org\/{rel}","templated":true}]}}