{"id":2111636,"date":"2026-08-25T10:03:42","date_gmt":"2026-08-25T07:03:42","guid":{"rendered":"https:\/\/analyse.optim.biz\/?p=2111636"},"modified":"2026-08-25T10:03:42","modified_gmt":"2026-08-25T07:03:42","slug":"video-povestea-flagrantului-primarul-din-cernatesti-rupe-tacerea-am-fost-supus-presiunilor-si-santajului-de-un-comisar-fals-dna-si-de-un-afacerist","status":"publish","type":"post","link":"https:\/\/analyse.optim.biz\/?p=2111636","title":{"rendered":"(VIDEO) Povestea flagrantului. Primarul din Cern\u0103te\u0219ti rupe t\u0103cerea: Am fost supus presiunilor \u0219i \u0219antajului de un comisar fals DNA \u0219i de un afacerist"},"content":{"rendered":"<p>[analyse_image type=&#8221;featured&#8221; src=&#8221;https:\/\/www.campusbuzau.ro\/wp-content\/uploads\/2026\/08\/641506159_26921583224114422_8833615112230975263_n.jpghttps:\/\/www.campusbuzau.ro\/wp-content\/uploads\/2026\/08\/641506159_26921583224114422_8833615112230975263_n.jpg&#8221;]<\/p>\n<div class=\"entry-content\">\n<p><strong>Un comunicat de pres\u0103, transmis ieri de DNA, a creat mult\u0103 agita\u021bie \u00een mediul politic \u0219i nu numai, dup\u0103 ce \u00een con\u021binut era men\u021bionat\u0103 implicarea (nevinovat\u0103) a unui primar din jude\u021bul Buz\u0103u, \u00eentr-un caz de trafic de influen\u021b\u0103, protagonistul dosarului fiind un client vechi al procurorilor anticorup\u021bie, condamnat de trei ori la \u00eenchisoare pentru fapte similare. Este vorba despre \u0218irgher Victor Aurel, care \u00een toate cazurile se d\u0103dea drept comisar DNA, ofi\u021ber DGA, ori alt gen de ofi\u021ber, pentru a da greutate \u00een \u00eencercarea de a p\u0103c\u0103li oameni de afaceri \u0219i politicieni, c\u0103rora le promitea c\u0103-i scap\u0103 de dosare penale prin influen\u021ba sa. \u0218i cerea bani grei, nu glum\u0103.<\/strong><\/p>\n<p><strong>Primarul comunei Cern\u0103te\u0219ti ar fi fost urm\u0103toarea victim\u0103, dac\u0103 Valentin Sebastian St\u0103nil\u0103 nu ar fi dovedit tact, dejuc\u00e2nd planul \u021beparului \u0219i, ulterior, afaceristului local Ion Leu, zis Leu Blamuc, cel care intrase \u0219i el \u00een hora \u0219antajului. Primarul s-a prins, a sesizat DNA \u0219i s-a ajuns la flagrantul de zilele trecute.<\/strong><\/p>\n<p><strong>CE SE SPUNE \u00ceN COMUNICATUL DNA<\/strong><\/p>\n<p><strong>Legat de spe\u021ba \u00een care primarul din Cern\u0103te\u0219ti a fost \u0219antajat, \u00een comunicatul DIrec\u021biei Na\u021bioanale Anticorup\u021bie se men\u021bioneaz\u0103:<\/strong><\/p>\n<p><strong>,,<\/strong><em><strong>\u00cen luna mai 2026, inculpatul ar fi determinat \u0219i sprijinit o alt\u0103 persoan\u0103 s\u0103 pretind\u0103 suma de 40.000 de euro de la un primar, bani care ar fi fost destina\u021bi procurorului de caz din cadrul Direc\u021biei Na\u021bionale Anticorup\u021bie, \u00een scopul determin\u0103rii acestuia s\u0103 nu \u00ee\u0219i \u00eendeplineasc\u0103 atribu\u021biile de serviciu \u00eentr-un dosar penal. Pentru presupusa interven\u021bie, inculpatul ar fi primit suma de 6.000 de euro.<\/strong><\/em><\/p>\n<p><em><strong>\u00centr-o alt\u0103 \u00eemprejurare, inculpatul ar fi pretins de la una dintre persoanele men\u021bionate anterior suma de 25.000 de euro, \u00een dou\u0103 tran\u0219e, sus\u021bin\u00e2nd c\u0103 are influen\u021b\u0103 asupra unui procuror \u0219i a unui comisar din cadrul Direc\u021biei Na\u021bionale Anticorup\u021bie \u0219i c\u0103 \u00eei va determina pe ace\u0219tia s\u0103 efectueze demersuri \u00een leg\u0103tur\u0103 cu presupusele fapte s\u0103v\u00e2r\u0219ite de func\u021bionari din cadrul unei prim\u0103rii de pe raza jude\u021bului Buz\u0103u, precum \u0219i s\u0103 dispun\u0103 o solu\u021bie favorabil\u0103 \u00een cauz\u0103. <\/strong><\/em><strong><em>La data de 21 august 2026, inculpatul \u0218.V.A. a primit de la persoana respectiv\u0103 suma de 10.000 de euro, reprezent\u00e2nd prima tran\u0219\u0103 din suma pretins\u0103, \u00eemprejurare \u00een care procurorii anticorup\u021bie au procedat la constatarea infrac\u021biunii flagrante.<\/em><\/strong><em><strong>\u201d<\/strong><\/em><\/p>\n<p><strong>FIRUL EVENIMENTELOR, POVESTIT DE PRIMAR<\/strong><\/p>\n<p><strong>Pentru a nu exista incertitudini, specula\u021bii ori variante care ar putea na\u0219te semne de \u00eentrebare cu privire la firul pove\u0219tii \u00een care a fost implicat \u00een acest dosar, am luat leg\u0103tura cu primarul comunei Cern\u0103te\u0219ti, Valentin Sebastian St\u0103nil\u0103, care a fost de acord s\u0103 precizeze c\u00e2teva am\u0103nunte importante, f\u0103r\u0103 a pune \u00een pericol ancheta aflat\u0103 \u00een desf\u0103\u0219urare.<\/strong><\/p>\n<p><strong>Primar Cern\u0103te\u0219ti<\/strong>: <strong><em>,,<mark class=\"has-inline-color has-maincolor-color\">\u00cen luna mai am fost sunat de individul respectiv (n.r. \u0218irgher Victor Aurel) care s-a dat drept comisar-\u0219ef la DNA, spun\u00e2ndu-mi c\u0103 trebuie s\u0103 m\u0103 prezint la Bucure\u0219ti, pentru c\u0103 exist\u0103 un dosar \u00een lucru legat de mine. L-am \u00eentrebat de ce nu am primit un act oficial, un document prin care s\u0103 fiu citat, iar el mi-a spus c\u0103, \u00een acea faz\u0103 a investiga\u021biei, chemarea la DNA poate fi doar telefonic\u0103. Ini\u021bial, am crezut. Orice era posibil, chiar dac\u0103 aveam un mare semn de \u00eentrebare.<\/mark><\/em><\/strong><\/p>\n<p><strong><mark class=\"has-inline-color has-maincolor-color\"><em>Ulterior, \u00een aceea\u0219i zi, am fost sunat de un afacerist (<\/em>n.r. Ion Leu, zis Leu Balamuc<em>), care mi-a spus c\u0103 m\u0103 poate ajuta s\u0103 scap de problemele cu dosarul de la DNA. Atunci mi-am dat seama c\u0103 este ceva necurat la mijloc. Apoi am aflat c\u0103, \u00een fapt, respectivul comisar nu exista la DNA, era fals, la fel ca presupusul dosar. Am ac\u021bionat ca atare.<\/em><\/mark><\/strong><\/p>\n<p><strong><em><mark class=\"has-inline-color has-maincolor-color\">\u00centre timp, am fost supus presiunilor de c\u0103tre afacerist, care insista s\u0103 dau bani pentru a sc\u0103pa de dosarul fictiv. Vreau s\u0103 men\u021bionez\u0103 c\u0103, \u00een comunicatul DNA, se precizeaz\u0103 c\u0103 acel comisar-\u0219ef fals a primit 6000 de euro, \u00een contextul \u0219antajului la care eram supus eu. Spun foarte clar c\u0103 eu nu am dat niciun ban! Nu am leg\u0103tur\u0103. Eu am intrat \u00een jocul lor \u0219i s-a ajuns la flagrantul de zilele trecute. Mai mult, \u021bin s\u0103 men\u021bionez \u0219i faptul c\u0103 la Prim\u0103ria Cern\u0103te\u0219ti nu exist\u0103 vreun dosar penal care s\u0103 vizeze func\u021bionarii. Nu exist\u0103 a\u0219a ceva. Nici eu, nici angaja\u021bii.<\/mark><\/em><\/strong><\/p>\n<p><strong><em><mark class=\"has-inline-color has-maincolor-color\">Un alt am\u0103nunt important: eu nu am participat la flagrantul cu comisarul fals. Nu am avut nicio treab\u0103 cu flagrantul. Nu de la mine a primit banii aceea (n.r. 10.000 de euro, marca\u021bi). A fost o opera\u021biune organizat\u0103 de DNA, \u00eens\u0103 resping orice implicare \u0219i \u00een a\u0219a ceva.<\/mark><\/em><\/strong><\/p>\n<p><strong><em><mark class=\"has-inline-color has-maincolor-color\">\u00cen definitiv, am fost supus presiunilor \u0219i \u0219antajului, iar eu am f\u0103cut ceea ce era firesc.<\/mark><\/em><\/strong><em>\u201d<\/em><\/p>\n<p><strong>\u00cen lumina acestor declara\u021bii care limpezesc rolul primarului din Cern\u0103te\u0219ti \u00een acest dosar, nu po\u021bi s\u0103 nu te \u00eentrebi de ce afaceristul Ion Leu nu este pe lista persoanelor suspecte \u00een aceast\u0103 spe\u021b\u0103. Afl\u0103m, \u00eens\u0103, c\u0103 ancheta este \u00eentr-un stadiu incipient \u0219i c\u0103 orice este posibil.<\/strong><\/p>\n<p><strong>De altfel, \u00een acela\u0219i comunicat DNA de ieri este men\u021bionat\u0103 o alt\u0103 fapt\u0103 \u00een dreptul \u021beparului \u0218irgher Victor Aurel, dat\u00e2nd din 2024:<\/strong><\/p>\n<p><strong>,,<\/strong><em><strong>\u00cen luna noiembrie 2024, inculpatul \u0218.V.A. ar fi pretins de la dou\u0103 persoane suma de 40.000 de euro, din care ar fi primit efectiv 28.000 de euro, sus\u021bin\u00e2nd c\u0103 are influen\u021b\u0103 asupra unui procuror \u0219i a unor poli\u021bi\u0219ti din cadrul Direc\u021biei Na\u021bionale Anticorup\u021bie \u0219i c\u0103 \u00eei va determina s\u0103 solu\u021bioneze favorabil un dosar penal.<\/strong><\/em>\u201e<\/p>\n<p><strong>Cine sunt cele dou\u0103 persoane care au dat 28.000 de euro? Au \u0219i ele leg\u0103tur\u0103 tot cu Buz\u0103ul?<\/strong><\/p>\n<p><strong><em>Vom afla.<\/em><\/strong><\/p>\n<p><strong>MAI JOS, pute\u021bi urm\u0103ri imagini \u0219i poze de la flagrantul de zilele trecute<\/strong>.<\/p>\n<figure class=\"wp-block-gallery has-nested-images columns-default is-cropped wp-block-gallery-1 is-layout-flex wp-block-gallery-is-layout-flex\">\n<figure class=\"wp-block-image size-large\"><img loading=\"lazy\" decoding=\"async\" width=\"1024\" height=\"614\" data-id=\"156684\" src=\"https:\/\/www.campusbuzau.ro\/wp-content\/uploads\/2026\/08\/document-2-1024x614.jpg\" alt class=\"wp-image-156684\"><\/figure>\n<figure class=\"wp-block-image size-large\"><img loading=\"lazy\" decoding=\"async\" width=\"1024\" height=\"576\" data-id=\"156685\" src=\"https:\/\/www.campusbuzau.ro\/wp-content\/uploads\/2026\/08\/document-1-1024x576.jpg\" alt class=\"wp-image-156685\"><\/figure>\n<figure class=\"wp-block-image size-large\"><img loading=\"lazy\" decoding=\"async\" width=\"1024\" height=\"576\" data-id=\"156686\" src=\"https:\/\/www.campusbuzau.ro\/wp-content\/uploads\/2026\/08\/document-1024x576.jpg\" alt class=\"wp-image-156686\"><\/figure>\n<\/figure>\n<\/div>\n<p>[analyse_source url=&#8221;https:\/\/www.campusbuzau.ro\/dosar-dna-primar-cernatesti-declaratii-comisar-fals-dna\/&#8221;]<\/p>\n","protected":false},"excerpt":{"rendered":"<p>[analyse_image type=&#8221;featured&#8221; src=&#8221;https:\/\/www.campusbuzau.ro\/wp-content\/uploads\/2026\/08\/641506159_26921583224114422_8833615112230975263_n.jpghttps:\/\/www.campusbuzau.ro\/wp-content\/uploads\/2026\/08\/641506159_26921583224114422_8833615112230975263_n.jpg&#8221;] Un comunicat de pres\u0103, transmis ieri de DNA, a creat mult\u0103 agita\u021bie \u00een mediul politic \u0219i nu numai, dup\u0103 ce \u00een con\u021binut era men\u021bionat\u0103 implicarea (nevinovat\u0103) a unui primar din jude\u021bul Buz\u0103u, \u00eentr-un caz de trafic de influen\u021b\u0103, protagonistul dosarului fiind un client vechi al procurorilor anticorup\u021bie, condamnat de trei ori la [&hellip;]<\/p>\n","protected":false},"author":1,"featured_media":0,"comment_status":"open","ping_status":"","sticky":false,"template":"","format":"standard","meta":{"footnotes":""},"categories":[2],"tags":[118,226],"class_list":["post-2111636","post","type-post","status-publish","format-standard","hentry","category-politics","tag-campusbuzau-ro","tag-crawlmanager"],"_links":{"self":[{"href":"https:\/\/analyse.optim.biz\/index.php?rest_route=\/wp\/v2\/posts\/2111636","targetHints":{"allow":["GET"]}}],"collection":[{"href":"https:\/\/analyse.optim.biz\/index.php?rest_route=\/wp\/v2\/posts"}],"about":[{"href":"https:\/\/analyse.optim.biz\/index.php?rest_route=\/wp\/v2\/types\/post"}],"author":[{"embeddable":true,"href":"https:\/\/analyse.optim.biz\/index.php?rest_route=\/wp\/v2\/users\/1"}],"replies":[{"embeddable":true,"href":"https:\/\/analyse.optim.biz\/index.php?rest_route=%2Fwp%2Fv2%2Fcomments&post=2111636"}],"version-history":[{"count":0,"href":"https:\/\/analyse.optim.biz\/index.php?rest_route=\/wp\/v2\/posts\/2111636\/revisions"}],"wp:attachment":[{"href":"https:\/\/analyse.optim.biz\/index.php?rest_route=%2Fwp%2Fv2%2Fmedia&parent=2111636"}],"wp:term":[{"taxonomy":"category","embeddable":true,"href":"https:\/\/analyse.optim.biz\/index.php?rest_route=%2Fwp%2Fv2%2Fcategories&post=2111636"},{"taxonomy":"post_tag","embeddable":true,"href":"https:\/\/analyse.optim.biz\/index.php?rest_route=%2Fwp%2Fv2%2Ftags&post=2111636"}],"curies":[{"name":"wp","href":"https:\/\/api.w.org\/{rel}","templated":true}]}}