{"id":2111635,"date":"2026-08-25T07:37:09","date_gmt":"2026-08-25T04:37:09","guid":{"rendered":"https:\/\/analyse.optim.biz\/?p=2111635"},"modified":"2026-08-25T07:37:09","modified_gmt":"2026-08-25T04:37:09","slug":"decizie-primarul-bate-in-cuie-ce-a-zis-la-radio-campus-cert-este-ca-nu-voi-mai-cere-votul-buzoienilor-in-calitate-de-membru-psd","status":"publish","type":"post","link":"https:\/\/analyse.optim.biz\/?p=2111635","title":{"rendered":"DECIZIE. Primarul bate \u00een cuie ce a zis la Radio Campus: Cert este c\u0103 nu voi mai cere votul buzoienilor \u00een calitate de membru PSD"},"content":{"rendered":"<p>[analyse_image type=&#8221;featured&#8221; src=&#8221;https:\/\/www.campusbuzau.ro\/wp-content\/uploads\/2026\/08\/492472573_1242596177869724_4241024677405214192_n.jpghttps:\/\/www.campusbuzau.ro\/wp-content\/uploads\/2026\/08\/492472573_1242596177869724_4241024677405214192_n.jpg&#8221;]<\/p>\n<div class=\"entry-content\">\n<p><strong>S\u0103pt\u0103m\u00e2na trecut\u0103, <a href=\"https:\/\/www.campusbuzau.ro\/primar-toma-declaratie-candidatura-psd\/\" data-type=\"link\" data-id=\"https:\/\/www.campusbuzau.ro\/primar-toma-declaratie-candidatura-psd\/\"><em>primarul Constantin Toma, a declarat, \u00een premier\u0103 la Radio Campus, c\u0103 nu mai dore\u0219te s\u0103 candideze din partea PSD<\/em><\/a>. O afirma\u021bie care a str\u00e2nit valuri de reac\u021bii at\u00e2t \u00een mediul politic, c\u00e2t \u0219i \u00een r\u00e2ndul opiniei publice locale. <\/strong><\/p>\n<p><strong>\u00cen aceast\u0103 diminea\u021b\u0103, pe pagina sa de facebook, \u0219eful Palatului Comunal a anun\u021bat c\u0103 declara\u021bia de s\u0103pt\u0103m\u00e2na trecut\u0103 s-a transformat clar \u00eentr-o decizie, cea de a nu mai cere votul buzoienilor \u00een calitate de membru PSD. <\/strong><\/p>\n<p><strong>,,<\/strong><em><strong>Decizia mea este luat\u0103 \u2013 nu voi mai candida din partea PSD pentru un nou mandat de primar al municipiului Buz\u0103u.<\/strong><\/em><\/p>\n<p><em><strong>Am renun\u021bat la toate func\u021biile de conducere pe care le-am de\u021binut \u00een partid \u0219i am explicat \u0219i de ce: s-au luat \u0219i din p\u0103cate se iau o mul\u021bime de decizii gre\u0219ite de c\u0103tre PSD, \u00eempotriva rom\u00e2nilor \u0219i implicit a comunit\u0103\u021bii buzoiene!<\/strong><\/em><\/p>\n<p><strong><em>Ce voi face \u00een 2028, la alegeri, voi decide la momentul potrivit!<\/em><\/strong><\/p>\n<p><em><strong>Cert este c\u0103 nu voi mai cere votul buzoienilor \u00een calitate de membru PSD.<\/strong><\/em><\/p>\n<p><em><strong>P\u00e2n\u0103 atunci am un mandat de dus la cap\u0103t, multe proiecte de finalizat \u0219i o mare responsabilitate fa\u021b\u0103 de buzoieni!<\/strong><\/em><\/p>\n<p><strong><em>Dragi cet\u0103\u021beni ai municipiului Buz\u0103u, v\u0103 mul\u021bumesc din toat\u0103 inima pentru sus\u021binerea \u0219i motivarea permanent\u0103 pe care mi-a\u021bi dat-o \u0219i v\u0103 asigur c\u0103 voi munci \u00een continuare cu devotament, pentru un Buz\u0103u c\u00e2t mai atractiv \u0219i competitiv pentru to\u021bi locuitorii s\u0103i, pentru investitori \u0219i pentru vizitatori!<\/em><\/strong>\u201e,<strong> a transmis edilul-\u0219ef, \u00eentr-o postare pe pagina sa de facebook. <\/strong><\/p>\n<p><strong>Dac\u0103 p\u00e2n\u0103 acum lucrurile nu erau limpezite cu privire la ecua\u021bia candidaturii, PSD tocmai ce d\u0103 startul b\u0103t\u0103liei interne pentru desemnarea unui alt candidat pentru fotoliul de primar al ora\u0219ului Buz\u0103u.<\/strong><\/p>\n<\/div>\n<p>[analyse_source url=&#8221;https:\/\/www.campusbuzau.ro\/decizie-primar-toma-candidatura-anunt\/&#8221;]<\/p>\n","protected":false},"excerpt":{"rendered":"<p>[analyse_image type=&#8221;featured&#8221; src=&#8221;https:\/\/www.campusbuzau.ro\/wp-content\/uploads\/2026\/08\/492472573_1242596177869724_4241024677405214192_n.jpghttps:\/\/www.campusbuzau.ro\/wp-content\/uploads\/2026\/08\/492472573_1242596177869724_4241024677405214192_n.jpg&#8221;] S\u0103pt\u0103m\u00e2na trecut\u0103, primarul Constantin Toma, a declarat, \u00een premier\u0103 la Radio Campus, c\u0103 nu mai dore\u0219te s\u0103 candideze din partea PSD. O afirma\u021bie care a str\u00e2nit valuri de reac\u021bii at\u00e2t \u00een mediul politic, c\u00e2t \u0219i \u00een r\u00e2ndul opiniei publice locale. \u00cen aceast\u0103 diminea\u021b\u0103, pe pagina sa de facebook, \u0219eful Palatului Comunal a [&hellip;]<\/p>\n","protected":false},"author":1,"featured_media":0,"comment_status":"open","ping_status":"","sticky":false,"template":"","format":"standard","meta":{"footnotes":""},"categories":[2],"tags":[118,226],"class_list":["post-2111635","post","type-post","status-publish","format-standard","hentry","category-politics","tag-campusbuzau-ro","tag-crawlmanager"],"_links":{"self":[{"href":"https:\/\/analyse.optim.biz\/index.php?rest_route=\/wp\/v2\/posts\/2111635","targetHints":{"allow":["GET"]}}],"collection":[{"href":"https:\/\/analyse.optim.biz\/index.php?rest_route=\/wp\/v2\/posts"}],"about":[{"href":"https:\/\/analyse.optim.biz\/index.php?rest_route=\/wp\/v2\/types\/post"}],"author":[{"embeddable":true,"href":"https:\/\/analyse.optim.biz\/index.php?rest_route=\/wp\/v2\/users\/1"}],"replies":[{"embeddable":true,"href":"https:\/\/analyse.optim.biz\/index.php?rest_route=%2Fwp%2Fv2%2Fcomments&post=2111635"}],"version-history":[{"count":0,"href":"https:\/\/analyse.optim.biz\/index.php?rest_route=\/wp\/v2\/posts\/2111635\/revisions"}],"wp:attachment":[{"href":"https:\/\/analyse.optim.biz\/index.php?rest_route=%2Fwp%2Fv2%2Fmedia&parent=2111635"}],"wp:term":[{"taxonomy":"category","embeddable":true,"href":"https:\/\/analyse.optim.biz\/index.php?rest_route=%2Fwp%2Fv2%2Fcategories&post=2111635"},{"taxonomy":"post_tag","embeddable":true,"href":"https:\/\/analyse.optim.biz\/index.php?rest_route=%2Fwp%2Fv2%2Ftags&post=2111635"}],"curies":[{"name":"wp","href":"https:\/\/api.w.org\/{rel}","templated":true}]}}