{"id":2111634,"date":"2026-08-24T16:42:00","date_gmt":"2026-08-24T13:42:00","guid":{"rendered":"https:\/\/analyse.optim.biz\/?p=2111634"},"modified":"2026-08-24T16:42:00","modified_gmt":"2026-08-24T13:42:00","slug":"buzaul-turistic-promovarea-potentialului-turistic-si-cultural-al-buzaului","status":"publish","type":"post","link":"https:\/\/analyse.optim.biz\/?p=2111634","title":{"rendered":"Buz\u0103ul turistic. Promovarea poten\u021bialului turistic \u0219i cultural al Buz\u0103ului"},"content":{"rendered":"<p>[analyse_image type=&#8221;featured&#8221; src=&#8221;https:\/\/www.campusbuzau.ro\/wp-content\/uploads\/2026\/08\/vlcsnap-2026-08-24-13h51m06s562.jpghttps:\/\/www.campusbuzau.ro\/wp-content\/uploads\/2026\/08\/vlcsnap-2026-08-24-13h51m06s562.jpg&#8221;]<\/p>\n<div class=\"entry-content\">\n<p><strong><em>Buz\u0103ul a primit titulatura onorific\u0103 de Ambasador al Destina\u021biilor de Excelen\u021b\u0103 \u0219i al Ospitalit\u0103\u021bii \u00een Regiunea UE a Dun\u0103rii \u0219i M\u0103rii Negre. \u201dBuz\u0103ul este un diamant ne\u0219lefuit\u201d este concluzia edilului \u0219ef al Buz\u0103ului care crede c\u0103 dezvoltarea regiunii depinde \u0219i de \u201epolitic\u201d. Oaspe\u021bii au sugerat c\u0103 \u00eempreun\u0103 cu un ora\u0219 \u00eenfr\u0103\u021bit Buz\u0103ul ar putea aspira \u00een viitor s\u0103 devin\u0103 Capital\u0103 Cultural\u0103 European\u0103.<\/em><\/strong><\/p>\n<p>La sf\u00e2r\u0219itul s\u0103pt\u0103m\u00e2nii trecute municipiului Buz\u0103u i-a fost decernat\u0103 Diploma de Excelen\u021b\u0103 acordat\u0103 de Centrul Mondial de Excelen\u021b\u0103 a Destina\u021biilor, pentru promovarea excelen\u021bei, ospitalit\u0103\u021bii \u0219i valorificarea poten\u021bialului turistic \u0219i cultural al regiunii.<\/p>\n<p>Buz\u0103ul de\u021bine o serie de atrac\u021bii turistice deosebite, unele dintre ele foarte rare, precum Vulcanii Noroio\u0219i, care au fost declara\u021bi monument al naturii \u00een anul 1924.<\/p>\n<p>Din p\u0103cate turismul buzoian se afl\u0103 \u00eenc\u0103 la \u00eenceputuri dar \u00eencepe s\u0103 ia amploare iar num\u0103rul vizitatorilor din \u021bar\u0103 \u0219i din afara ei cre\u0219te decamdat\u0103 \u00eencet, dar constant.<\/p>\n<p>Profesorul Sever Avram, directorul reprezentan\u021bei regionale a bazinului Dun\u0103re-Marea Neagr\u0103 sugereaz\u0103 Buz\u0103ului s\u0103 aspire al\u0103turi de un ora\u0219 \u00eenfr\u0103\u021bit, s\u0103 devin\u0103 capital\u0103 cultural\u0103 european\u0103.<\/p>\n<p>Diploma primit\u0103 de edilul \u0219ef \u00een numele Prim\u0103riei Buz\u0103u este onorific\u0103 dar, prin decernarea ei este o recunoa\u0219tere a eforturilor depuse pentru dezvoltarea \u0219i promovarea comunit\u0103\u021bii buzoiene \u00een cadrul regiunii noastre.<\/p>\n<figure class=\"wp-block-embed is-type-video is-provider-youtube wp-block-embed-youtube wp-embed-aspect-16-9 wp-has-aspect-ratio\">\n<div class=\"wp-block-embed__wrapper\">\n<iframe loading=\"lazy\" title=\"BUZ\u0102UL A PRIMIT TITLUL ONORIFIC DE AMBASADOR AL DESTINA\u0162IILOR DE EXCELEN\u0162\u0102\" width=\"500\" height=\"281\" src=\"https:\/\/www.youtube.com\/embed\/FG3jVQxCk0w?feature=oembed\" frameborder allow=\"accelerometer; autoplay; clipboard-write; encrypted-media; gyroscope; picture-in-picture; web-share\" referrerpolicy=\"strict-origin-when-cross-origin\" allowfullscreen><\/iframe>\n<\/div>\n<\/figure>\n<\/div>\n<p>[analyse_source url=&#8221;https:\/\/www.campusbuzau.ro\/buzaul-turistic-promovarea-potentialului-turistic-si-cultural-al-buzaului\/&#8221;]<\/p>\n","protected":false},"excerpt":{"rendered":"<p>[analyse_image type=&#8221;featured&#8221; src=&#8221;https:\/\/www.campusbuzau.ro\/wp-content\/uploads\/2026\/08\/vlcsnap-2026-08-24-13h51m06s562.jpghttps:\/\/www.campusbuzau.ro\/wp-content\/uploads\/2026\/08\/vlcsnap-2026-08-24-13h51m06s562.jpg&#8221;] Buz\u0103ul a primit titulatura onorific\u0103 de Ambasador al Destina\u021biilor de Excelen\u021b\u0103 \u0219i al Ospitalit\u0103\u021bii \u00een Regiunea UE a Dun\u0103rii \u0219i M\u0103rii Negre. \u201dBuz\u0103ul este un diamant ne\u0219lefuit\u201d este concluzia edilului \u0219ef al Buz\u0103ului care crede c\u0103 dezvoltarea regiunii depinde \u0219i de \u201epolitic\u201d. Oaspe\u021bii au sugerat c\u0103 \u00eempreun\u0103 cu un ora\u0219 \u00eenfr\u0103\u021bit Buz\u0103ul [&hellip;]<\/p>\n","protected":false},"author":1,"featured_media":0,"comment_status":"open","ping_status":"","sticky":false,"template":"","format":"standard","meta":{"footnotes":""},"categories":[2],"tags":[118,226],"class_list":["post-2111634","post","type-post","status-publish","format-standard","hentry","category-politics","tag-campusbuzau-ro","tag-crawlmanager"],"_links":{"self":[{"href":"https:\/\/analyse.optim.biz\/index.php?rest_route=\/wp\/v2\/posts\/2111634","targetHints":{"allow":["GET"]}}],"collection":[{"href":"https:\/\/analyse.optim.biz\/index.php?rest_route=\/wp\/v2\/posts"}],"about":[{"href":"https:\/\/analyse.optim.biz\/index.php?rest_route=\/wp\/v2\/types\/post"}],"author":[{"embeddable":true,"href":"https:\/\/analyse.optim.biz\/index.php?rest_route=\/wp\/v2\/users\/1"}],"replies":[{"embeddable":true,"href":"https:\/\/analyse.optim.biz\/index.php?rest_route=%2Fwp%2Fv2%2Fcomments&post=2111634"}],"version-history":[{"count":0,"href":"https:\/\/analyse.optim.biz\/index.php?rest_route=\/wp\/v2\/posts\/2111634\/revisions"}],"wp:attachment":[{"href":"https:\/\/analyse.optim.biz\/index.php?rest_route=%2Fwp%2Fv2%2Fmedia&parent=2111634"}],"wp:term":[{"taxonomy":"category","embeddable":true,"href":"https:\/\/analyse.optim.biz\/index.php?rest_route=%2Fwp%2Fv2%2Fcategories&post=2111634"},{"taxonomy":"post_tag","embeddable":true,"href":"https:\/\/analyse.optim.biz\/index.php?rest_route=%2Fwp%2Fv2%2Ftags&post=2111634"}],"curies":[{"name":"wp","href":"https:\/\/api.w.org\/{rel}","templated":true}]}}