{"id":2111633,"date":"2026-08-25T16:27:00","date_gmt":"2026-08-25T13:27:00","guid":{"rendered":"https:\/\/analyse.optim.biz\/?p=2111633"},"modified":"2026-08-25T16:27:00","modified_gmt":"2026-08-25T13:27:00","slug":"captura-record-de-tigari-de-contrabanda-un-camion-si-o-autoutilitara-ticsite-cu-pachete","status":"publish","type":"post","link":"https:\/\/analyse.optim.biz\/?p=2111633","title":{"rendered":"Captur\u0103 record de \u021big\u0103ri de contraband\u0103. Un camion \u0219i o autoutilitar\u0103, ticsite cu pachete"},"content":{"rendered":"<p>[analyse_image type=&#8221;featured&#8221; src=&#8221;https:\/\/www.campusbuzau.ro\/wp-content\/uploads\/2026\/08\/captura-tigarete.jpghttps:\/\/www.campusbuzau.ro\/wp-content\/uploads\/2026\/08\/captura-tigarete.jpg&#8221;]<\/p>\n<div class=\"entry-content\">\n<p><em><strong><mark class=\"has-inline-color has-maincolor-color\">Peste 3,3 milioane de \u021bigarete au fost confiscate de poli\u021bi\u0219tii din Buz\u0103u, dup\u0103 ce au interceptat \u00een trafic, pe o \u0219osea din mediul rural, dou\u0103 autovehicule conduse de un cet\u0103\u021bean rom\u00e2n \u0219i unul grec.<\/mark><\/strong><\/em><\/p>\n<p>Dup\u0103 ce au str\u00e2ns probe privind desf\u0103\u0219urarea unor activit\u0103\u021bi ilegale cu \u021big\u0103ri, poli\u021bi\u0219tii au tras pe dreapta un camion \u0219i o autoutilitar\u0103. Echipa de anchetatori a descoperit cantit\u0103\u021bi importante de \u021big\u0103ri.<\/p>\n<blockquote class=\"wp-block-quote is-layout-flow wp-block-quote-is-layout-flow\">\n<p><em><mark class=\"has-inline-color has-maincolor-color\"><strong>\u201d\u00cen urma activit\u0103\u021bilor specifice desf\u0103\u0219urate, la data de 24 august a.c., poli\u021bi\u0219tii au depistat \u0219i au oprit \u00een trafic un camion condus de un b\u0103rbat de cet\u0103\u021benie greac\u0103, de 53 de ani, \u00een interiorul c\u0103ruia au fost descoperite 2.560.000 de \u021bigarete, f\u0103r\u0103 timbre de marcaj fiscale emise de autorit\u0103\u021bile rom\u00e2ne, disimulate \u00een spatele unor pale\u021bi con\u021bin\u00e2nd mai multe cutii de pe\u0219te congelat.<\/strong><\/mark><\/em><\/p>\n<p><em><strong><mark class=\"has-inline-color has-maincolor-color\">\u00cen aceea\u0219i zon\u0103, a mai fost interceptat\u0103 o alt\u0103 autoutilitar\u0103, condus\u0103 de un cet\u0103\u021bean rom\u00e2n, de 30 de ani, \u00een habitaclul c\u0103reia au fost descoperite 777.720 de \u021bigarete cu timbre de marcaj emise de autorit\u0103\u021bile din Republica Moldova, ascunse \u00een spatele unor cutii cu \u00eenc\u0103l\u021b\u0103minte\u201d,<\/mark><\/strong><\/em>a transmis Biroul de pres\u0103 al IPJ Buz\u0103u.<\/p>\n<\/blockquote>\n<p>Niciunul dintre \u0219oferi nu a putut dovedi provenien\u021ba \u021big\u0103rilor transportate. Astfel, \u00eentreaga marf\u0103 a fost confiscat\u0103, iar cei doi \u0219oferi au fost re\u021binu\u021bi pentru 24 de ore. <\/p>\n<p>Cei doi b\u0103rba\u021bi sunt acuza\u021bi de contraband\u0103 \u0219i de\u021binere de \u021bigarete \u00een afara unui antrepozit fiscal, f\u0103r\u0103 a fi marcate, marcate necorespunz\u0103tor sau cu marcaje false, \u00een cantit\u0103\u021bi care dep\u0103\u0219esc limita de 10.000 de \u021bigarete.<\/p>\n<figure class=\"wp-block-embed is-type-video is-provider-youtube wp-block-embed-youtube wp-embed-aspect-16-9 wp-has-aspect-ratio\">\n<div class=\"wp-block-embed__wrapper\">\n<iframe loading=\"lazy\" title=\"CAPTUR\u0102 RECORD DE \u0162IG\u0102RI DE CONTRABAND\u0102. UN CAMION \u015eI O UTILITAR\u0102, TICSITE CU PACHETE\" width=\"500\" height=\"281\" src=\"https:\/\/www.youtube.com\/embed\/ZrtM276A4a8?feature=oembed\" frameborder allow=\"accelerometer; autoplay; clipboard-write; encrypted-media; gyroscope; picture-in-picture; web-share\" referrerpolicy=\"strict-origin-when-cross-origin\" allowfullscreen><\/iframe>\n<\/div>\n<\/figure>\n<\/div>\n<p>[analyse_source url=&#8221;https:\/\/www.campusbuzau.ro\/captura-record-de-tigari-de-contrabanda-un-camion-si-o-autoutilitara-ticsite-cu-pachete\/&#8221;]<\/p>\n","protected":false},"excerpt":{"rendered":"<p>[analyse_image type=&#8221;featured&#8221; src=&#8221;https:\/\/www.campusbuzau.ro\/wp-content\/uploads\/2026\/08\/captura-tigarete.jpghttps:\/\/www.campusbuzau.ro\/wp-content\/uploads\/2026\/08\/captura-tigarete.jpg&#8221;] Peste 3,3 milioane de \u021bigarete au fost confiscate de poli\u021bi\u0219tii din Buz\u0103u, dup\u0103 ce au interceptat \u00een trafic, pe o \u0219osea din mediul rural, dou\u0103 autovehicule conduse de un cet\u0103\u021bean rom\u00e2n \u0219i unul grec. Dup\u0103 ce au str\u00e2ns probe privind desf\u0103\u0219urarea unor activit\u0103\u021bi ilegale cu \u021big\u0103ri, poli\u021bi\u0219tii au tras pe dreapta un [&hellip;]<\/p>\n","protected":false},"author":1,"featured_media":0,"comment_status":"open","ping_status":"","sticky":false,"template":"","format":"standard","meta":{"footnotes":""},"categories":[2],"tags":[118,226],"class_list":["post-2111633","post","type-post","status-publish","format-standard","hentry","category-politics","tag-campusbuzau-ro","tag-crawlmanager"],"_links":{"self":[{"href":"https:\/\/analyse.optim.biz\/index.php?rest_route=\/wp\/v2\/posts\/2111633","targetHints":{"allow":["GET"]}}],"collection":[{"href":"https:\/\/analyse.optim.biz\/index.php?rest_route=\/wp\/v2\/posts"}],"about":[{"href":"https:\/\/analyse.optim.biz\/index.php?rest_route=\/wp\/v2\/types\/post"}],"author":[{"embeddable":true,"href":"https:\/\/analyse.optim.biz\/index.php?rest_route=\/wp\/v2\/users\/1"}],"replies":[{"embeddable":true,"href":"https:\/\/analyse.optim.biz\/index.php?rest_route=%2Fwp%2Fv2%2Fcomments&post=2111633"}],"version-history":[{"count":0,"href":"https:\/\/analyse.optim.biz\/index.php?rest_route=\/wp\/v2\/posts\/2111633\/revisions"}],"wp:attachment":[{"href":"https:\/\/analyse.optim.biz\/index.php?rest_route=%2Fwp%2Fv2%2Fmedia&parent=2111633"}],"wp:term":[{"taxonomy":"category","embeddable":true,"href":"https:\/\/analyse.optim.biz\/index.php?rest_route=%2Fwp%2Fv2%2Fcategories&post=2111633"},{"taxonomy":"post_tag","embeddable":true,"href":"https:\/\/analyse.optim.biz\/index.php?rest_route=%2Fwp%2Fv2%2Ftags&post=2111633"}],"curies":[{"name":"wp","href":"https:\/\/api.w.org\/{rel}","templated":true}]}}