{"id":211156,"date":"2014-02-26T12:02:43","date_gmt":"2014-02-26T09:02:43","guid":{"rendered":"https:\/\/analyse.optim.biz\/?p=211156"},"modified":"2014-02-26T12:02:43","modified_gmt":"2014-02-26T09:02:43","slug":"elena-basescu-penibilul-si-a-atins-aseara-apogeul-prin-ruperea-usl","status":"publish","type":"post","link":"https:\/\/analyse.optim.biz\/?p=211156","title":{"rendered":"Elena B\u0103sescu: \u201ePenibilul \u0219i-a atins asear\u0103 apogeul prin ruperea USL\u201d"},"content":{"rendered":"<div class=\"entry data-app-meta data-app-meta-article\" data-embed-base-url-canonical=\"https:\/\/www.digi24.ro\/embed\/stiri\/actualitate\/politica\/elena-basescu-penibilul-si-a-atins-aseara-apogeul-prin-ruperea-usl-206237\">\n<p data-index=\"1\"><img decoding=\"async\" src=\"https:\/\/analyse.optim.biz\/wp-content\/uploads\/2024\/09\/lmpwzyz3ptgwmczoyxnoptzindjkmweznzkwzweymgu1mwvimtczywq3mwmxztc0-thumb_.jpg\" data-skip-htmlfix=\"1\" title=\"lmpwzyz3ptgwmczoyxnoptzindjkmweznzkwzweymgu1mwvimtczywq3mwmxztc0-thumb_\"><\/p>\n<p data-index=\"2\"><em><strong>Foto: Mediafax<\/strong><\/em><\/p>\n<p data-index=\"3\">\u201eDe la Strasbourg, salut rupererea USL! <em><strong>Penibilul \u015fi-a atins asear\u0103 apogeul prin ruperea USL, o coali\u0163ie monstruoas\u0103 \u015fi de trist\u0103 amintire pentru Rom\u00e2nia.<\/strong><\/em>Vedetele din showbiz au de ce s\u0103 fie geloase pe felul \u00een care George Crin Lauren\u0163iu \u015fi Victor Viorel \u015fi-au spus adio \u00een v\u0103zul poporului, flutur\u00e2nd batistu\u0163e albe \u00eenc\u0103rcate cu lacrimi de durere profund\u0103 \u015fi flutur\u00e2nd din m\u00e2ini agitate\u201d, a scris<strong> Elena B\u0103sescu<\/strong>, pe Facebook.\u00a0<\/p>\n<div>\u201eRuperea USL demonstreaz\u0103 e\u015fecul unui proiect politic eminamente distructiv \u015fi neputin\u0163a unor \u0163a\u0163e din Obor, a\u015fa cum sunt Ponta \u015fi Antonescu, de a conduce Rom\u00e2nia\u201d, a ad\u0103ugat Elena B\u0103sescu. \u00a0<\/div>\n<\/div>\n<p> Source URL: https:\/\/www.digi24.ro\/stiri\/actualitate\/politica\/elena-basescu-penibilul-si-a-atins-aseara-apogeul-prin-ruperea-usl-206237<\/p>\n","protected":false},"excerpt":{"rendered":"<p>Foto: Mediafax \u201eDe la Strasbourg, salut rupererea USL! Penibilul \u015fi-a atins asear\u0103 apogeul prin ruperea USL, o coali\u0163ie monstruoas\u0103 \u015fi de trist\u0103 amintire pentru Rom\u00e2nia.Vedetele din showbiz au de ce s\u0103 fie geloase pe felul \u00een care George Crin Lauren\u0163iu \u015fi Victor Viorel \u015fi-au spus adio \u00een v\u0103zul poporului, flutur\u00e2nd batistu\u0163e albe \u00eenc\u0103rcate cu lacrimi [&hellip;]<\/p>\n","protected":false},"author":1,"featured_media":211157,"comment_status":"open","ping_status":"","sticky":false,"template":"","format":"standard","meta":{"footnotes":""},"categories":[2],"tags":[11],"class_list":["post-211156","post","type-post","status-publish","format-standard","has-post-thumbnail","hentry","category-politics","tag-digi24"],"_links":{"self":[{"href":"https:\/\/analyse.optim.biz\/index.php?rest_route=\/wp\/v2\/posts\/211156","targetHints":{"allow":["GET"]}}],"collection":[{"href":"https:\/\/analyse.optim.biz\/index.php?rest_route=\/wp\/v2\/posts"}],"about":[{"href":"https:\/\/analyse.optim.biz\/index.php?rest_route=\/wp\/v2\/types\/post"}],"author":[{"embeddable":true,"href":"https:\/\/analyse.optim.biz\/index.php?rest_route=\/wp\/v2\/users\/1"}],"replies":[{"embeddable":true,"href":"https:\/\/analyse.optim.biz\/index.php?rest_route=%2Fwp%2Fv2%2Fcomments&post=211156"}],"version-history":[{"count":0,"href":"https:\/\/analyse.optim.biz\/index.php?rest_route=\/wp\/v2\/posts\/211156\/revisions"}],"wp:featuredmedia":[{"embeddable":true,"href":"https:\/\/analyse.optim.biz\/index.php?rest_route=\/wp\/v2\/media\/211157"}],"wp:attachment":[{"href":"https:\/\/analyse.optim.biz\/index.php?rest_route=%2Fwp%2Fv2%2Fmedia&parent=211156"}],"wp:term":[{"taxonomy":"category","embeddable":true,"href":"https:\/\/analyse.optim.biz\/index.php?rest_route=%2Fwp%2Fv2%2Fcategories&post=211156"},{"taxonomy":"post_tag","embeddable":true,"href":"https:\/\/analyse.optim.biz\/index.php?rest_route=%2Fwp%2Fv2%2Ftags&post=211156"}],"curies":[{"name":"wp","href":"https:\/\/api.w.org\/{rel}","templated":true}]}}