{"id":2111546,"date":"2026-08-24T21:00:00","date_gmt":"2026-08-24T18:00:00","guid":{"rendered":"https:\/\/analyse.optim.biz\/?p=2111546"},"modified":"2026-08-24T21:00:00","modified_gmt":"2026-08-24T18:00:00","slug":"rezervari-pentru-piata-de-struguri-din-movilita-producatorii-locali-din-comuna-au-acces-liber","status":"publish","type":"post","link":"https:\/\/analyse.optim.biz\/?p=2111546","title":{"rendered":"Rezerv\u0103ri pentru Pia\u021ba de struguri din Movili\u021ba; produc\u0103torii locali din comun\u0103 au acces liber"},"content":{"rendered":"<p>[analyse_image type=&#8221;featured&#8221; src=&#8221;https:\/\/www.monitoruldevrancea.ro\/wp-content\/uploads\/2026\/08\/struguri.jpg&#8221;]<\/p>\n<div class=\"td_block_wrap tdb_single_content tdi_123 td-pb-border-top td_block_template_1 td-post-content tagdiv-type\" data-td-block-uid=\"tdi_123\">\n<div class=\"tdb-block-inner td-fix-index\">\n<p><strong>Facebook Prim\u0103ria Movili\u021ba:<\/strong><\/p>\n<p><em>Anun\u021b \u2013 Pia\u021ba de struguri Movili\u021ba<\/em><\/p>\n<p>\u00cencep\u00e2nd de luni, la Prim\u0103ria Comunei Movili\u021ba \u2013 Compartimentul Taxe \u0219i Impozite, se pot face rezerv\u0103ri pentru locurile fixe din pia\u021b\u0103, destinate t\u00e2rgului de struguri, a\u0219a cum s-a procedat \u0219i \u00een anii trecu\u021bi.<\/p>\n<p>Pia\u021ba a fost extins\u0103 \u0219i reamenajat\u0103 \u0219i dispune de energie electric\u0103, ap\u0103 curent\u0103, toalet\u0103 \u0219i iluminat. Ne dorim ca \u00een acest an s\u0103 avem o organizare c\u00e2t mai bun\u0103 \u0219i s\u0103 oferim condi\u021bii potrivite at\u00e2t produc\u0103torilor, c\u00e2t \u0219i cump\u0103r\u0103torilor.<\/p>\n<p>Produc\u0103torii locali din Movili\u021ba au acces liber, cu excep\u021bia celor care doresc s\u0103 rezerve un loc fix pe \u00eentreaga perioad\u0103 a campaniei.<\/p>\n<p>V\u0103 dorim tuturor o campanie bogat\u0103 \u0219i cu spor la v\u00e2nzare!<\/p>\n<\/div>\n<\/div>\n<p>[analyse_source url=&#8221;https:\/\/www.monitoruldevrancea.ro\/2026\/08\/25\/rezervari-pentru-piata-de-struguri-din-movilita-producatorii-locali-din-comuna-au-acces-liber\/&#8221;]<\/p>\n","protected":false},"excerpt":{"rendered":"<p>[analyse_image type=&#8221;featured&#8221; src=&#8221;https:\/\/www.monitoruldevrancea.ro\/wp-content\/uploads\/2026\/08\/struguri.jpg&#8221;] Facebook Prim\u0103ria Movili\u021ba: Anun\u021b \u2013 Pia\u021ba de struguri Movili\u021ba \u00cencep\u00e2nd de luni, la Prim\u0103ria Comunei Movili\u021ba \u2013 Compartimentul Taxe \u0219i Impozite, se pot face rezerv\u0103ri pentru locurile fixe din pia\u021b\u0103, destinate t\u00e2rgului de struguri, a\u0219a cum s-a procedat \u0219i \u00een anii trecu\u021bi. Pia\u021ba a fost extins\u0103 \u0219i reamenajat\u0103 \u0219i dispune de energie [&hellip;]<\/p>\n","protected":false},"author":1,"featured_media":0,"comment_status":"open","ping_status":"","sticky":false,"template":"","format":"standard","meta":{"footnotes":""},"categories":[89],"tags":[226,209],"class_list":["post-2111546","post","type-post","status-publish","format-standard","hentry","category-romania","tag-crawlmanager","tag-monitoruldevrancea-ro"],"_links":{"self":[{"href":"https:\/\/analyse.optim.biz\/index.php?rest_route=\/wp\/v2\/posts\/2111546","targetHints":{"allow":["GET"]}}],"collection":[{"href":"https:\/\/analyse.optim.biz\/index.php?rest_route=\/wp\/v2\/posts"}],"about":[{"href":"https:\/\/analyse.optim.biz\/index.php?rest_route=\/wp\/v2\/types\/post"}],"author":[{"embeddable":true,"href":"https:\/\/analyse.optim.biz\/index.php?rest_route=\/wp\/v2\/users\/1"}],"replies":[{"embeddable":true,"href":"https:\/\/analyse.optim.biz\/index.php?rest_route=%2Fwp%2Fv2%2Fcomments&post=2111546"}],"version-history":[{"count":0,"href":"https:\/\/analyse.optim.biz\/index.php?rest_route=\/wp\/v2\/posts\/2111546\/revisions"}],"wp:attachment":[{"href":"https:\/\/analyse.optim.biz\/index.php?rest_route=%2Fwp%2Fv2%2Fmedia&parent=2111546"}],"wp:term":[{"taxonomy":"category","embeddable":true,"href":"https:\/\/analyse.optim.biz\/index.php?rest_route=%2Fwp%2Fv2%2Fcategories&post=2111546"},{"taxonomy":"post_tag","embeddable":true,"href":"https:\/\/analyse.optim.biz\/index.php?rest_route=%2Fwp%2Fv2%2Ftags&post=2111546"}],"curies":[{"name":"wp","href":"https:\/\/api.w.org\/{rel}","templated":true}]}}