{"id":2111539,"date":"2026-08-24T21:00:00","date_gmt":"2026-08-24T18:00:00","guid":{"rendered":"https:\/\/analyse.optim.biz\/?p=2111539"},"modified":"2026-08-24T21:00:00","modified_gmt":"2026-08-24T18:00:00","slug":"video-foto-centura-de-nord-a-focsaniului-deschisa-circulatiei-legatura-dintre-dn2d-e85-si-autostrada-a7-este-in-sfarsit-functionala","status":"publish","type":"post","link":"https:\/\/analyse.optim.biz\/?p=2111539","title":{"rendered":"VIDEO\/FOTO! Centura de Nord a Foc\u0219aniului, deschis\u0103 circula\u021biei! Leg\u0103tura dintre DN2D, E85 \u0219i Autostrada A7 este, \u00een sf\u00e2r\u0219it, func\u021bional\u0103"},"content":{"rendered":"<p>[analyse_image type=&#8221;featured&#8221; src=&#8221;https:\/\/www.monitoruldevrancea.ro\/wp-content\/uploads\/2026\/08\/2026-08-25_15.20.04.jpg&#8221;]<\/p>\n<div class=\"td_block_wrap tdb_single_content tdi_123 td-pb-border-top td_block_template_1 td-post-content tagdiv-type\" data-td-block-uid=\"tdi_123\">\n<div class=\"tdb-block-inner td-fix-index\">\n<p>Centura de Nord a municipiului Foc\u0219ani a fost deschis\u0103 circula\u021biei mar\u021bi, 25 august, la ora 14.00, moment a\u0219teptat de mult timp de \u0219oferii vr\u00e2nceni \u0219i de autorit\u0103\u021bile locale. La eveniment au fost prezen\u021bi numero\u0219i conduc\u0103tori auto care au dorit s\u0103 fie printre primii care folosesc noua rut\u0103.<\/p>\n<p>Drumul de leg\u0103tur\u0103 dintre DN2D Foc\u0219ani\u2013T\u00e2rgu Secuiesc, DN2\/E85 \u0219i Autostrada Moldovei A7 are doar c\u00e2\u021biva kilometri, \u00eens\u0103 importan\u021ba sa pentru traficul din municipiul Foc\u0219ani \u0219i pentru conectivitatea rutier\u0103 a jude\u021bului Vrancea este una major\u0103.<\/p>\n<p>Prin deschiderea acestui sector se realizeaz\u0103, practic, Centura de Nord a municipiului Foc\u0219ani, oferind o alternativ\u0103 rapid\u0103 \u0219i sigur\u0103 pentru traficul care p\u00e2n\u0103 acum era nevoit s\u0103 traverseze ora\u0219ul, \u00een special pe strada M\u0103r\u0103\u0219e\u0219ti. <br \/>Prefectul jude\u021bului Vrancea, <em><strong>Liviu Macovei<\/strong><\/em>, a salutat deschiderea circula\u021biei pe Centura de Nord a municipiului Foc\u0219ani, subliniind importan\u021ba investi\u021biei pentru descongestionarea traficului \u0219i pentru conectarea mai eficient\u0103 a municipiului cu zona de vest a jude\u021bului. <em><strong>\u201eAst\u0103zi a avut loc recep\u021bia lucr\u0103rilor la Centura de Nord a Foc\u0219aniului, iar dup\u0103 ani de a\u0219teptare, centura a fost deschis\u0103 circula\u021biei. Pentru Foc\u0219ani \u00eenseamn\u0103 mai pu\u021bin trafic \u00een municipiu, o leg\u0103tur\u0103 mai bun\u0103 pentru zona de vest a jude\u021bului \u0219i, \u00een sf\u00e2r\u0219it, un ora\u0219 care poate respira mai u\u0219or\u201d<\/strong><\/em>, a declarat prefectul <em><strong>Liviu Macovei<\/strong><\/em>.<\/p>\n<p><strong>Leg\u0103tur\u0103 direct\u0103 \u00eentre DN2D \u0219i Autostrada A7<\/strong><\/p>\n<p>Noul drum schimb\u0103 semnificativ modul \u00een care se va desf\u0103\u0219ura traficul \u00een nordul municipiului.<\/p>\n<p>\u0218oferii care vin dinspre DN2D, din direc\u021bia Foc\u0219ani\u2013T\u00e2rgu Secuiesc, pot ajunge direct la DN2\/E85 \u0219i Autostrada A7, f\u0103r\u0103 s\u0103 mai fie obliga\u021bi s\u0103 intre \u00een municipiul Foc\u0219ani. \u00cen sens invers, cei care circul\u0103 pe A7 sau pe E85 au acum o conexiune rapid\u0103 c\u0103tre DN2D \u0219i c\u0103tre zona de vest a jude\u021bului.<\/p>\n<p>Noua rut\u0103 este important\u0103 \u00een special pentru transportul de marf\u0103. Camioanele care tranziteaz\u0103 zona nu mai sunt nevoite s\u0103 intre \u00een municipiu pentru a ajunge de pe DN2D la E85 \u0219i A7.<\/p>\n<p>De altfel, \u00een urma finaliz\u0103rii acestei conexiuni, autorit\u0103\u021bile estimeaz\u0103 o reducere a traficului greu de pe arterele importante ale municipiului, \u00een special de pe strada M\u0103r\u0103\u0219e\u0219ti, una dintre zonele \u00een care circula\u021bia a fost puternic afectat\u0103 de traficul de tranzit.<\/p>\n<figure class=\"wp-block-image size-large\"><img loading=\"lazy\" decoding=\"async\" width=\"1024\" height=\"576\" src=\"https:\/\/www.monitoruldevrancea.ro\/wp-content\/uploads\/2026\/08\/31816-1024x576.jpg\" alt class=\"wp-image-728365\"><figcaption class=\"wp-element-caption\">Foto: Facebook \/ Direc\u021bia Regional\u0103 de Drumuri \u0219i Poduri Buz\u0103u<\/figcaption><\/figure>\n<p><strong>Mai pu\u021bine camioane \u00een Foc\u0219ani \u0219i timpi mai mici de deplasare<\/strong><\/p>\n<p>Pentru foc\u0219\u0103neni, efectele cele mai importante ar trebui s\u0103 fie vizibile \u00een perioada imediat urm\u0103toare. O parte din traficul de tranzit va fi preluat\u0103 de noua Centur\u0103 de Nord, ceea ce \u00eenseamn\u0103 mai pu\u021bine autotrenuri \u0219i autovehicule \u00een interiorul ora\u0219ului, reducerea aglomera\u021biei, timpi mai mici de deplasare \u0219i diminuarea polu\u0103rii.<\/p>\n<p>Un alt beneficiu important \u00eel reprezint\u0103 siguran\u021ba rutier\u0103. Eliminarea unei p\u0103r\u021bi a traficului greu din zonele urbane reduce interac\u021biunea dintre camioane \u0219i traficul local, inclusiv cu autoturismele \u0219i pietonii.<\/p>\n<p>Totodat\u0103, Consiliul Jude\u021bean Vrancea a subliniat anterior c\u0103 drumul are o importan\u021b\u0103 strategic\u0103 pentru \u00eentreg jude\u021bul, \u00eentruc\u00e2t asigur\u0103 conexiunea direct\u0103 dintre DN2, E85, A7 \u0219i DN2D \u0219i contribuie la o mai bun\u0103 leg\u0103tur\u0103 \u00eentre zona de vest a Vrancei \u0219i principalele coridoare rutiere na\u021bionale.<\/p>\n<p><strong>Deschiderea de ast\u0103zi vine \u00eens\u0103 dup\u0103 o perioad\u0103 lung\u0103 de a\u0219teptare \u0219i dup\u0103 aproape un an de proceduri administrative.<\/strong><\/p>\n<p>Problema a fost reprezentat\u0103 de drumurile necesare pentru asigurarea accesului proprietarilor la terenurile \u0219i construc\u021biile din zona drumului de leg\u0103tur\u0103. Aceste drumuri colectoare nu au fost incluse \u00een proiectul ini\u021bial, astfel \u00eenc\u00e2t, pentru finalizarea investi\u021biei \u0219i deschiderea legal\u0103 a circula\u021biei, a fost necesar\u0103 parcurgerea unor proceduri suplimentare.<\/p>\n<figure class=\"wp-block-image size-large\"><img loading=\"lazy\" decoding=\"async\" width=\"1024\" height=\"576\" src=\"https:\/\/www.monitoruldevrancea.ro\/wp-content\/uploads\/2026\/08\/31818-1024x576.jpg\" alt class=\"wp-image-728363\"><figcaption class=\"wp-element-caption\">Foto: Facebook Direc\u021bia Regional\u0103 de Drumuri \u0219i Poduri Buz\u0103u<\/figcaption><\/figure>\n<p><strong>Exproprieri, autoriz\u0103ri \u0219i execu\u021bia drumurilor colectoare<\/strong><\/p>\n<p>Situa\u021bia a fost semnalat\u0103 \u00een repetate r\u00e2nduri \u00een ultimul an \u00een cotidianul Monitorul de Vrancea. \u00cen iunie 2025, Prim\u0103ria Foc\u0219ani explica faptul c\u0103 era necesar\u0103 construirea a dou\u0103 drumuri colectoare paralele cu centura pentru ca proprietarii din zon\u0103 s\u0103 poat\u0103 avea acces la imobilele lor. \u00cen noiembrie 2025, Centura de Nord nu putea fi deschis\u0103 deoarece proiectul nu era finalizat, iar constructorul trebuia s\u0103 rezolve inclusiv problema accesului c\u0103tre propriet\u0103\u021bile din zon\u0103. La acel moment, autorit\u0103\u021bile precizau c\u0103 deschiderea f\u0103r\u0103 \u00eendeplinirea tuturor condi\u021biilor tehnice \u0219i de siguran\u021b\u0103 nu era posibil\u0103.<\/p>\n<p>\u00cen vara acestui an, procedurile au intrat \u00een linie dreapt\u0103. Consiliul Jude\u021bean Vrancea anun\u021ba la \u00eenceputul lunii iulie c\u0103 CNAIR emisese decizia de expropriere pentru imobilele necesare amplasamentului suplimentar al lucr\u0103rii, aceasta fiind una dintre etapele administrative indispensabile pentru finalizarea investi\u021biei.<\/p>\n<p>Ulterior, Ministerul Transporturilor a emis, la 16 iulie 2026, autoriza\u021bia de construire pentru drumurile colectoare ale Centurii de Nord, ceea ce a permis intrarea \u00een ultima etap\u0103 \u00eenaintea deschiderii circula\u021biei. Astfel, dup\u0103 luni de proceduri administrative, lucr\u0103rile necesare pentru accesul la propriet\u0103\u021bi au fost finalizate, iar drumul de leg\u0103tur\u0103 a putut fi pus oficial \u00een circula\u021bie.<\/p>\n<p>Deschiderea Centurii de Nord reprezint\u0103 una dintre cele mai importante modific\u0103ri aduse infrastructurii rutiere a municipiului \u00een ultimii ani. Practic, Foc\u0219aniul beneficiaz\u0103 acum de o nou\u0103 rut\u0103 de tranzit care leag\u0103 direct zona DN2D de E85 \u0219i A7, f\u0103r\u0103 ca \u0219oferii care nu au ca destina\u021bie municipiul s\u0103 mai fie obliga\u021bi s\u0103 traverseze ora\u0219ul.<\/p>\n<p>Pentru Vrancea, miza este \u0219i mai mare. Accesul rapid la Autostrada Moldovei \u00eenseamn\u0103 o conexiune mai bun\u0103 cu principalele axe de transport ale \u021b\u0103rii, cu efecte asupra transportului de m\u0103rfuri, mobilit\u0103\u021bii popula\u021biei \u0219i dezvolt\u0103rii economice a jude\u021bului.<\/p>\n<figure class=\"wp-block-gallery has-nested-images columns-3 is-cropped td-modal-on-gallery wp-block-gallery-1 is-layout-flex wp-block-gallery-is-layout-flex\">\n<figure class=\"wp-block-image size-large\"><img loading=\"lazy\" decoding=\"async\" width=\"1024\" height=\"768\" data-id=\"728373\" src=\"https:\/\/www.monitoruldevrancea.ro\/wp-content\/uploads\/2026\/08\/31831-1024x768.jpg\" alt class=\"wp-image-728373\"><\/figure>\n<figure class=\"wp-block-image size-large\"><img decoding=\"async\" loading=\"lazy\" width=\"1024\" height=\"768\" data-id=\"728376\" src=\"https:\/\/www.monitoruldevrancea.ro\/wp-content\/uploads\/2026\/08\/31847-1024x768.jpg\" alt class=\"wp-image-728376\"><\/figure>\n<figure class=\"wp-block-image size-large\"><img decoding=\"async\" loading=\"lazy\" width=\"1024\" height=\"768\" data-id=\"728372\" src=\"https:\/\/www.monitoruldevrancea.ro\/wp-content\/uploads\/2026\/08\/31835-1024x768.jpg\" alt class=\"wp-image-728372\"><\/figure>\n<figure class=\"wp-block-image size-large\"><img decoding=\"async\" loading=\"lazy\" width=\"1024\" height=\"768\" data-id=\"728370\" src=\"https:\/\/www.monitoruldevrancea.ro\/wp-content\/uploads\/2026\/08\/31839-1024x768.jpg\" alt class=\"wp-image-728370\"><\/figure>\n<figure class=\"wp-block-image size-large\"><img decoding=\"async\" loading=\"lazy\" width=\"1024\" height=\"599\" data-id=\"728378\" src=\"https:\/\/www.monitoruldevrancea.ro\/wp-content\/uploads\/2026\/08\/31855-1024x599.jpg\" alt class=\"wp-image-728378\"><\/figure>\n<figure class=\"wp-block-image size-large\"><img decoding=\"async\" loading=\"lazy\" width=\"1024\" height=\"768\" data-id=\"728374\" src=\"https:\/\/www.monitoruldevrancea.ro\/wp-content\/uploads\/2026\/08\/31842-1024x768.jpg\" alt class=\"wp-image-728374\"><\/figure>\n<figure class=\"wp-block-image size-large\"><img decoding=\"async\" loading=\"lazy\" width=\"1024\" height=\"768\" data-id=\"728371\" src=\"https:\/\/www.monitoruldevrancea.ro\/wp-content\/uploads\/2026\/08\/31837-1024x768.jpg\" alt class=\"wp-image-728371\"><\/figure>\n<figure class=\"wp-block-image size-large\"><img decoding=\"async\" loading=\"lazy\" width=\"1024\" height=\"768\" data-id=\"728375\" src=\"https:\/\/www.monitoruldevrancea.ro\/wp-content\/uploads\/2026\/08\/31844-1024x768.jpg\" alt class=\"wp-image-728375\"><\/figure>\n<figure class=\"wp-block-image size-large\"><img decoding=\"async\" loading=\"lazy\" width=\"1024\" height=\"768\" data-id=\"728369\" src=\"https:\/\/www.monitoruldevrancea.ro\/wp-content\/uploads\/2026\/08\/31840-1024x768.jpg\" alt class=\"wp-image-728369\"><\/figure>\n<figure class=\"wp-block-image size-large\"><img decoding=\"async\" loading=\"lazy\" width=\"1024\" height=\"768\" data-id=\"728368\" src=\"https:\/\/www.monitoruldevrancea.ro\/wp-content\/uploads\/2026\/08\/31817-1024x768.jpg\" alt class=\"wp-image-728368\"><\/figure>\n<figure class=\"wp-block-image size-large\"><img decoding=\"async\" loading=\"lazy\" width=\"1024\" height=\"576\" data-id=\"728379\" src=\"https:\/\/www.monitoruldevrancea.ro\/wp-content\/uploads\/2026\/08\/31850-1024x576.jpg\" alt class=\"wp-image-728379\"><\/figure>\n<figure class=\"wp-block-image size-large\"><img decoding=\"async\" loading=\"lazy\" width=\"1024\" height=\"768\" data-id=\"728382\" src=\"https:\/\/www.monitoruldevrancea.ro\/wp-content\/uploads\/2026\/08\/31859-1024x768.jpg\" alt class=\"wp-image-728382\"><\/figure>\n<figure class=\"wp-block-image size-large\"><img decoding=\"async\" loading=\"lazy\" width=\"768\" height=\"1024\" data-id=\"728381\" src=\"https:\/\/www.monitoruldevrancea.ro\/wp-content\/uploads\/2026\/08\/31863-768x1024.jpg\" alt class=\"wp-image-728381\"><\/figure>\n<figure class=\"wp-block-image size-large\"><img decoding=\"async\" loading=\"lazy\" width=\"1024\" height=\"768\" data-id=\"728380\" src=\"https:\/\/www.monitoruldevrancea.ro\/wp-content\/uploads\/2026\/08\/31857-1024x768.jpg\" alt class=\"wp-image-728380\"><\/figure>\n<\/figure>\n<\/div>\n<\/div>\n<p>[analyse_source url=&#8221;https:\/\/www.monitoruldevrancea.ro\/2026\/08\/25\/video-foto-centura-de-nord-a-focsaniului-deschisa-circulatiei-legatura-dintre-dn2d-e85-si-autostrada-a7-este-in-sfarsit-functionala\/&#8221;]<\/p>\n","protected":false},"excerpt":{"rendered":"<p>[analyse_image type=&#8221;featured&#8221; src=&#8221;https:\/\/www.monitoruldevrancea.ro\/wp-content\/uploads\/2026\/08\/2026-08-25_15.20.04.jpg&#8221;] Centura de Nord a municipiului Foc\u0219ani a fost deschis\u0103 circula\u021biei mar\u021bi, 25 august, la ora 14.00, moment a\u0219teptat de mult timp de \u0219oferii vr\u00e2nceni \u0219i de autorit\u0103\u021bile locale. La eveniment au fost prezen\u021bi numero\u0219i conduc\u0103tori auto care au dorit s\u0103 fie printre primii care folosesc noua rut\u0103. Drumul de leg\u0103tur\u0103 dintre DN2D [&hellip;]<\/p>\n","protected":false},"author":1,"featured_media":0,"comment_status":"open","ping_status":"","sticky":false,"template":"","format":"standard","meta":{"footnotes":""},"categories":[89],"tags":[226,209],"class_list":["post-2111539","post","type-post","status-publish","format-standard","hentry","category-romania","tag-crawlmanager","tag-monitoruldevrancea-ro"],"_links":{"self":[{"href":"https:\/\/analyse.optim.biz\/index.php?rest_route=\/wp\/v2\/posts\/2111539","targetHints":{"allow":["GET"]}}],"collection":[{"href":"https:\/\/analyse.optim.biz\/index.php?rest_route=\/wp\/v2\/posts"}],"about":[{"href":"https:\/\/analyse.optim.biz\/index.php?rest_route=\/wp\/v2\/types\/post"}],"author":[{"embeddable":true,"href":"https:\/\/analyse.optim.biz\/index.php?rest_route=\/wp\/v2\/users\/1"}],"replies":[{"embeddable":true,"href":"https:\/\/analyse.optim.biz\/index.php?rest_route=%2Fwp%2Fv2%2Fcomments&post=2111539"}],"version-history":[{"count":0,"href":"https:\/\/analyse.optim.biz\/index.php?rest_route=\/wp\/v2\/posts\/2111539\/revisions"}],"wp:attachment":[{"href":"https:\/\/analyse.optim.biz\/index.php?rest_route=%2Fwp%2Fv2%2Fmedia&parent=2111539"}],"wp:term":[{"taxonomy":"category","embeddable":true,"href":"https:\/\/analyse.optim.biz\/index.php?rest_route=%2Fwp%2Fv2%2Fcategories&post=2111539"},{"taxonomy":"post_tag","embeddable":true,"href":"https:\/\/analyse.optim.biz\/index.php?rest_route=%2Fwp%2Fv2%2Ftags&post=2111539"}],"curies":[{"name":"wp","href":"https:\/\/api.w.org\/{rel}","templated":true}]}}