{"id":2111537,"date":"2026-08-25T17:51:17","date_gmt":"2026-08-25T14:51:17","guid":{"rendered":"https:\/\/analyse.optim.biz\/?p=2111537"},"modified":"2026-08-25T17:51:17","modified_gmt":"2026-08-25T14:51:17","slug":"32-de-milioane-de-euro-pentru-valcea-constantin-radulescu-aducem-bani-europeni-in-judet-si-nu-putini-investitii-majore-in-11-localitati","status":"publish","type":"post","link":"https:\/\/analyse.optim.biz\/?p=2111537","title":{"rendered":"32 de milioane de euro pentru V\u00e2lcea! Constantin R\u0103dulescu: \u201eAducem bani europeni \u00een jude\u021b \u0219i nu pu\u021bini\u201d. Investi\u021bii majore \u00een 11 localit\u0103\u021bi"},"content":{"rendered":"<p>[analyse_image type=&#8221;featured&#8221; src=&#8221;https:\/\/www.impactreal.ro\/wp-content\/uploads\/2026\/08\/colaj-fonduri-europene-valcea.jpg&#8221;]<\/p>\n<div class=\"single-news-content\">\n<div class=\"news-image\"><img loading=\"lazy\" decoding=\"async\" width=\"1616\" height=\"1016\" src=\"https:\/\/www.impactreal.ro\/wp-content\/uploads\/2026\/08\/colaj-fonduri-europene-valcea.jpg\" class=\"img-responsive wp-post-image\" alt=\"32 de milioane de euro pentru V\u00e2lcea! Constantin R\u0103dulescu: \u201eAducem bani europeni \u00een jude\u021b \u0219i nu pu\u021bini\u201d. Investi\u021bii majore \u00een 11 localit\u0103\u021bi\"><\/div>\n<div class=\"news-detail clearfix\">\n<div class=\"entry-meta\"><span class=\"posted-date\"><a href=\"https:\/\/www.impactreal.ro\/2026\/08\/25\/32-de-milioane-de-euro-pentru-valcea-constantin-radulescu-aducem-bani-europeni-in-judet-si-nu-putini-investitii-majore-in-11-localitati\/\" rel=\"bookmark\"><time class=\"entry-date published updated\" datetime=\"2026-08-25T20:51:17+03:00\">25 august 2026<\/time><\/a><\/span><span class=\"author vcard\"><a href=\"https:\/\/www.impactreal.ro\/author\/claudia-schiopu\/\">Claudia Schiopu<\/a><\/span><span class=\"cat-links\"><a href=\"https:\/\/www.impactreal.ro\/category\/actualitate\/\" rel=\"category tag\">Actual<\/a><a href=\"https:\/\/www.impactreal.ro\/category\/administratie\/\" rel=\"category tag\">Administra\u0163ie<\/a><\/span><\/div>\n<div class=\"news-content editor-content-entry\">\n<p><strong><em>La Consiliul Jude\u021bean V\u00e2lcea au fost semnate 14 contracte de finan\u021bare prin Programul Regional Sud-Vest Oltenia. Cele 32 de milioane de euro vor ajunge \u00een proiecte pentru \u0219coli, gr\u0103dini\u021be, licee, c\u0103mine culturale \u0219i alte cl\u0103diri publice. Din aceast\u0103 sum\u0103, 6,4 milioane de euro sunt alocate reabilit\u0103rii sediului Consiliului Jude\u021bean<\/em><\/strong>.<\/p>\n<p><em>\u00a0<\/em>\u201dAst\u0103zi, la Consiliul Jude\u021bean V\u00e2lcea, s-au semnat 14 contracte de finan\u021bare prin Programul Regional SV Oltenia, cu o valoare total\u0103 de 32 de milioane de euro.Am g\u0103zduit aceast\u0103 \u00eent\u00e2lnire \u00een calitate de pre\u0219edinte al Consiliului pentru Dezvoltare Regional\u0103 (CDR) Sud-Vest Oltenia \u0219i m\u0103 bucur c\u0103 11 localit\u0103\u021bi v\u00e2lcene vor beneficia de fonduri europene pentru investi\u021bii \u00een sprijinul oamenilor.\u0218i noi, Consiliul Jude\u021bean V\u00e2lcea, suntem beneficiarii unui proiect \u00een valoare de 6,4 milioane de euro, ce prevede reabilitarea sediului nostru. Cl\u0103direa avea neap\u0103rat\u0103 nevoie de o astfel de interven\u021bie pentru c\u0103, dup\u0103 cum se poate vedea, este una dintre cele mai ur\u00e2te \u0219i comuniste \u2013 a\u0219 putea spune \u2013 cl\u0103diri din centrul R\u00e2mnicului.\u00cen ceea ce prive\u0219te celelalte localit\u0103\u021bi \u2013 R\u00e2mnicu V\u00e2lcea, M\u0103ld\u0103re\u0219ti, Boi\u0219oara, Cop\u0103ceni, Coste\u0219ti, B\u0103rb\u0103te\u0219ti, Dr\u0103g\u0103\u0219ani, F\u00e2rt\u0103\u021be\u0219ti, C\u00e2ineni, Vaideeni, D\u0103e\u0219ti \u2013 proiectele prev\u0103d \u00een special reabilit\u0103ri \u0219i moderniz\u0103ri de \u0219coli, licee, gr\u0103dini\u021be, c\u0103mine culturale \u0219i alte cl\u0103diri publice, asigur\u00e2nd condi\u021bii mult mai bune pentru oameni.\u00cei felicit pe domnii primari pentru implicarea \u0219i determinarea de a atrage fonduri europene pentru modernizarea localit\u0103\u021bilor!Apreciez colaborarea foarte bun\u0103 pe care o avem cu reprezentan\u021bii ADR SV Oltenia \u0219i suntem preg\u0103ti\u021bi s\u0103 muncim \u00een continuare, cu bun\u0103-credin\u021b\u0103, pentru a atrage fonduri europene destinate dezvolt\u0103rii jude\u021bului V\u00e2lcea!\u201d a precizat pre\u0219edintele Consiliului Jude\u021bean V\u00e2lcea, Constantin R\u0103dulescu<\/p>\n<p>\u00a0<\/p>\n<\/div>\n<\/div>\n<\/div>\n<div class=\"news-content editor-content-entry\">\n<p><strong><em>La Consiliul Jude\u021bean V\u00e2lcea au fost semnate 14 contracte de finan\u021bare prin Programul Regional Sud-Vest Oltenia. Cele 32 de milioane de euro vor ajunge \u00een proiecte pentru \u0219coli, gr\u0103dini\u021be, licee, c\u0103mine culturale \u0219i alte cl\u0103diri publice. Din aceast\u0103 sum\u0103, 6,4 milioane de euro sunt alocate reabilit\u0103rii sediului Consiliului Jude\u021bean<\/em><\/strong>.<\/p>\n<p><em>\u00a0<\/em>\u201dAst\u0103zi, la Consiliul Jude\u021bean V\u00e2lcea, s-au semnat 14 contracte de finan\u021bare prin Programul Regional SV Oltenia, cu o valoare total\u0103 de 32 de milioane de euro.Am g\u0103zduit aceast\u0103 \u00eent\u00e2lnire \u00een calitate de pre\u0219edinte al Consiliului pentru Dezvoltare Regional\u0103 (CDR) Sud-Vest Oltenia \u0219i m\u0103 bucur c\u0103 11 localit\u0103\u021bi v\u00e2lcene vor beneficia de fonduri europene pentru investi\u021bii \u00een sprijinul oamenilor.\u0218i noi, Consiliul Jude\u021bean V\u00e2lcea, suntem beneficiarii unui proiect \u00een valoare de 6,4 milioane de euro, ce prevede reabilitarea sediului nostru. Cl\u0103direa avea neap\u0103rat\u0103 nevoie de o astfel de interven\u021bie pentru c\u0103, dup\u0103 cum se poate vedea, este una dintre cele mai ur\u00e2te \u0219i comuniste \u2013 a\u0219 putea spune \u2013 cl\u0103diri din centrul R\u00e2mnicului.\u00cen ceea ce prive\u0219te celelalte localit\u0103\u021bi \u2013 R\u00e2mnicu V\u00e2lcea, M\u0103ld\u0103re\u0219ti, Boi\u0219oara, Cop\u0103ceni, Coste\u0219ti, B\u0103rb\u0103te\u0219ti, Dr\u0103g\u0103\u0219ani, F\u00e2rt\u0103\u021be\u0219ti, C\u00e2ineni, Vaideeni, D\u0103e\u0219ti \u2013 proiectele prev\u0103d \u00een special reabilit\u0103ri \u0219i moderniz\u0103ri de \u0219coli, licee, gr\u0103dini\u021be, c\u0103mine culturale \u0219i alte cl\u0103diri publice, asigur\u00e2nd condi\u021bii mult mai bune pentru oameni.\u00cei felicit pe domnii primari pentru implicarea \u0219i determinarea de a atrage fonduri europene pentru modernizarea localit\u0103\u021bilor!Apreciez colaborarea foarte bun\u0103 pe care o avem cu reprezentan\u021bii ADR SV Oltenia \u0219i suntem preg\u0103ti\u021bi s\u0103 muncim \u00een continuare, cu bun\u0103-credin\u021b\u0103, pentru a atrage fonduri europene destinate dezvolt\u0103rii jude\u021bului V\u00e2lcea!\u201d a precizat pre\u0219edintele Consiliului Jude\u021bean V\u00e2lcea, Constantin R\u0103dulescu<\/p>\n<p>\u00a0<\/p>\n<\/div>\n<div class=\"news-content editor-content-entry\">\n<p><strong><em>La Consiliul Jude\u021bean V\u00e2lcea au fost semnate 14 contracte de finan\u021bare prin Programul Regional Sud-Vest Oltenia. Cele 32 de milioane de euro vor ajunge \u00een proiecte pentru \u0219coli, gr\u0103dini\u021be, licee, c\u0103mine culturale \u0219i alte cl\u0103diri publice. Din aceast\u0103 sum\u0103, 6,4 milioane de euro sunt alocate reabilit\u0103rii sediului Consiliului Jude\u021bean<\/em><\/strong>.<\/p>\n<p><em>\u00a0<\/em>\u201dAst\u0103zi, la Consiliul Jude\u021bean V\u00e2lcea, s-au semnat 14 contracte de finan\u021bare prin Programul Regional SV Oltenia, cu o valoare total\u0103 de 32 de milioane de euro.Am g\u0103zduit aceast\u0103 \u00eent\u00e2lnire \u00een calitate de pre\u0219edinte al Consiliului pentru Dezvoltare Regional\u0103 (CDR) Sud-Vest Oltenia \u0219i m\u0103 bucur c\u0103 11 localit\u0103\u021bi v\u00e2lcene vor beneficia de fonduri europene pentru investi\u021bii \u00een sprijinul oamenilor.\u0218i noi, Consiliul Jude\u021bean V\u00e2lcea, suntem beneficiarii unui proiect \u00een valoare de 6,4 milioane de euro, ce prevede reabilitarea sediului nostru. Cl\u0103direa avea neap\u0103rat\u0103 nevoie de o astfel de interven\u021bie pentru c\u0103, dup\u0103 cum se poate vedea, este una dintre cele mai ur\u00e2te \u0219i comuniste \u2013 a\u0219 putea spune \u2013 cl\u0103diri din centrul R\u00e2mnicului.\u00cen ceea ce prive\u0219te celelalte localit\u0103\u021bi \u2013 R\u00e2mnicu V\u00e2lcea, M\u0103ld\u0103re\u0219ti, Boi\u0219oara, Cop\u0103ceni, Coste\u0219ti, B\u0103rb\u0103te\u0219ti, Dr\u0103g\u0103\u0219ani, F\u00e2rt\u0103\u021be\u0219ti, C\u00e2ineni, Vaideeni, D\u0103e\u0219ti \u2013 proiectele prev\u0103d \u00een special reabilit\u0103ri \u0219i moderniz\u0103ri de \u0219coli, licee, gr\u0103dini\u021be, c\u0103mine culturale \u0219i alte cl\u0103diri publice, asigur\u00e2nd condi\u021bii mult mai bune pentru oameni.\u00cei felicit pe domnii primari pentru implicarea \u0219i determinarea de a atrage fonduri europene pentru modernizarea localit\u0103\u021bilor!Apreciez colaborarea foarte bun\u0103 pe care o avem cu reprezentan\u021bii ADR SV Oltenia \u0219i suntem preg\u0103ti\u021bi s\u0103 muncim \u00een continuare, cu bun\u0103-credin\u021b\u0103, pentru a atrage fonduri europene destinate dezvolt\u0103rii jude\u021bului V\u00e2lcea!\u201d a precizat pre\u0219edintele Consiliului Jude\u021bean V\u00e2lcea, Constantin R\u0103dulescu<\/p>\n<p>\u00a0<\/p>\n<\/div>\n<p>[analyse_source url=&#8221;https:\/\/www.impactreal.ro\/2026\/08\/25\/32-de-milioane-de-euro-pentru-valcea-constantin-radulescu-aducem-bani-europeni-in-judet-si-nu-putini-investitii-majore-in-11-localitati\/&#8221;]<\/p>\n","protected":false},"excerpt":{"rendered":"<p>[analyse_image type=&#8221;featured&#8221; src=&#8221;https:\/\/www.impactreal.ro\/wp-content\/uploads\/2026\/08\/colaj-fonduri-europene-valcea.jpg&#8221;] 25 august 2026Claudia SchiopuActualAdministra\u0163ie La Consiliul Jude\u021bean V\u00e2lcea au fost semnate 14 contracte de finan\u021bare prin Programul Regional Sud-Vest Oltenia. Cele 32 de milioane de euro vor ajunge \u00een proiecte pentru \u0219coli, gr\u0103dini\u021be, licee, c\u0103mine culturale \u0219i alte cl\u0103diri publice. Din aceast\u0103 sum\u0103, 6,4 milioane de euro sunt alocate reabilit\u0103rii sediului Consiliului [&hellip;]<\/p>\n","protected":false},"author":1,"featured_media":0,"comment_status":"open","ping_status":"","sticky":false,"template":"","format":"standard","meta":{"footnotes":""},"categories":[89],"tags":[226,212],"class_list":["post-2111537","post","type-post","status-publish","format-standard","hentry","category-romania","tag-crawlmanager","tag-impactreal-ro"],"_links":{"self":[{"href":"https:\/\/analyse.optim.biz\/index.php?rest_route=\/wp\/v2\/posts\/2111537","targetHints":{"allow":["GET"]}}],"collection":[{"href":"https:\/\/analyse.optim.biz\/index.php?rest_route=\/wp\/v2\/posts"}],"about":[{"href":"https:\/\/analyse.optim.biz\/index.php?rest_route=\/wp\/v2\/types\/post"}],"author":[{"embeddable":true,"href":"https:\/\/analyse.optim.biz\/index.php?rest_route=\/wp\/v2\/users\/1"}],"replies":[{"embeddable":true,"href":"https:\/\/analyse.optim.biz\/index.php?rest_route=%2Fwp%2Fv2%2Fcomments&post=2111537"}],"version-history":[{"count":0,"href":"https:\/\/analyse.optim.biz\/index.php?rest_route=\/wp\/v2\/posts\/2111537\/revisions"}],"wp:attachment":[{"href":"https:\/\/analyse.optim.biz\/index.php?rest_route=%2Fwp%2Fv2%2Fmedia&parent=2111537"}],"wp:term":[{"taxonomy":"category","embeddable":true,"href":"https:\/\/analyse.optim.biz\/index.php?rest_route=%2Fwp%2Fv2%2Fcategories&post=2111537"},{"taxonomy":"post_tag","embeddable":true,"href":"https:\/\/analyse.optim.biz\/index.php?rest_route=%2Fwp%2Fv2%2Ftags&post=2111537"}],"curies":[{"name":"wp","href":"https:\/\/api.w.org\/{rel}","templated":true}]}}