{"id":2111535,"date":"2026-08-20T15:46:59","date_gmt":"2026-08-20T12:46:59","guid":{"rendered":"https:\/\/analyse.optim.biz\/?p=2111535"},"modified":"2026-08-20T15:46:59","modified_gmt":"2026-08-20T12:46:59","slug":"eveniment-artistic-la-tulcea-expozitie-de-arta-fotografica-autor-regizorul-dan-mihalcea","status":"publish","type":"post","link":"https:\/\/analyse.optim.biz\/?p=2111535","title":{"rendered":"EVENIMENT ARTISTIC LA TULCEA \u2013 EXPOZI\u021aIE DE ART\u0102 FOTOGRAFIC\u0102 AUTOR, REGIZORUL DAN MIHALCEA"},"content":{"rendered":"<p>[analyse_image type=&#8221;featured&#8221; src=&#8221;https:\/\/infotulcea.ro\/wp-content\/uploads\/2026\/08\/Afis_Cum-respira-pamantul_Dan-Mihalcea_resized.jpghttps:\/\/infotulcea.ro\/wp-content\/uploads\/2026\/08\/Afis_Cum-respira-pamantul_Dan-Mihalcea_resized.jpg&#8221;]<\/p>\n<div id=\"content\" class=\"site-content container\">\n<div id=\"main-content-row\" class=\"tie-row main-content-row\">\n<div class=\"main-content tie-col-md-8 tie-col-xs-12\" role=\"main\">\n<article id=\"the-post\" class=\"container-wrapper post-content tie-standard\">\n<header class=\"entry-header-outer\">\n<nav id=\"breadcrumb\"><a href=\"https:\/\/infotulcea.ro\/\"> Home<\/a><em class=\"delimiter\">\/<\/em><a href=\"https:\/\/infotulcea.ro\/categorie\/spectacole\/\">Evenimente<\/a><em class=\"delimiter\">\/<\/em><span class=\"current\">EVENIMENT ARTISTIC LA TULCEA \u2013 EXPOZI\u021aIE DE ART\u0102 FOTOGRAFIC\u0102  AUTOR, REGIZORUL DAN MIHALCEA<\/span><\/nav>\n<div class=\"entry-header\"><span class=\"post-cat-wrap\"><a class=\"post-cat tie-cat-68\" href=\"https:\/\/infotulcea.ro\/categorie\/spectacole\/\">Evenimente<\/a><\/span><\/p>\n<h1 class=\"post-title entry-title\">\n\t\t\tEVENIMENT ARTISTIC LA TULCEA \u2013 EXPOZI\u021aIE DE ART\u0102 FOTOGRAFIC\u0102  AUTOR, REGIZORUL DAN MIHALCEA\t\t<\/h1>\n<div class=\"single-post-meta post-meta clearfix\"><span class=\"author-meta single-author no-avatars\"><span class=\"meta-item meta-author-wrapper meta-author-9\"><span class=\"meta-author\"><a href=\"https:\/\/infotulcea.ro\/author\/redactia-2\/\" class=\"author-name tie-icon\" title=\"Redactia\">Redactia<\/a><\/span><\/span><\/span><span class=\"date meta-item tie-icon\">20 august 2026<\/span><\/p>\n<div class=\"tie-alignright\"><span class=\"meta-comment tie-icon meta-item fa-before\">0<\/span><span class=\"meta-views meta-item \"> 507 <\/span><span class=\"meta-reading-time meta-item\"> 4 minutes read<\/span><\/div>\n<\/div>\n<\/div>\n<\/header>\n<div class=\"entry-content entry clearfix\">\n<p><strong>Al 44-lea vernisaj al expozi\u021biei itinerante de fotografie CUM RESPIR\u0102 P\u0102M\u00c2NTUL<\/strong><\/p>\n<p><strong>Expozi\u021bia personal\u0103 itinerant\u0103 de fotografie CUM RESPIR\u0102 P\u0102M\u00c2NTUL a regizorului<\/strong><br \/><strong>Dan Mihalcea va fi vernisat\u0103 la Institutul de Cercet\u0103ri Eco-Muzeale Gavril\u0103 Simion<\/strong><br \/><strong>Tulcea, Casa Avramide, \u00een data de 01.09.2026 la ora 12:00. Expozi\u021bia este deschis\u0103<\/strong><br \/><strong>publicului \u00een perioada 1 \u2013 15 septembrie 2026.<\/strong><\/p>\n<p>CUM RESPIR\u0102 P\u0102M\u00c2NTUL este un proiect artistic itinerant inaugurat \u00een aprilie 2023,<br \/>\nvernisat \u00een fiecare lun\u0103 \u00een alt mare ora\u0219 din Rom\u00e2nia \u0219i din str\u0103in\u0103tate \u00een institu\u021bii prestigioase<br \/>\nde cultur\u0103 \u0219i art\u0103, av\u00e2nd dimensiune artistic\u0103, reflexiv\u0103 \u0219i ecologic\u0103, construit \u00een jurul rela\u021biei<br \/>\ndintre corp, natur\u0103 \u0219i materie vie. Expozi\u021bia investigheaz\u0103 vizual ideea de respira\u021bie simbolic\u0103<br \/>\na p\u0103m\u00e2ntului, pun\u00e2nd \u00een discu\u021bie fragilitatea mediului, memoria locului \u0219i urmele prezen\u021bei<br \/>\numane \u00een natur\u0103. Fotografiile propun o estetic\u0103 a t\u0103cerii, a sediment\u0103rii \u0219i a timpului lent,<br \/>\ninvit\u00e2nd privitorul la contemplare \u0219i la o rela\u021bie empatic\u0103 cu mediul natural.<br \/>\nExpozi\u021bia CUM RESPIR\u0102 P\u0102M\u00c2NTUL este alc\u0103tuit\u0103 din 20 de fotografii, 84\/60<br \/>\ncentimetri, pe care regizorul Dan Mihalcea le-a realizat la Vulcanii Noroio\u0219i din jude\u021bul<br \/>\nBuz\u0103u.<br \/>\nAutorul afirm\u0103: \u201eInten\u021bionat nu am pus niciun semn de punctua\u021bie la finalul titlului pentru ca<br \/>\nfiecare privitor s\u0103 \u00ee\u0219i imagineze semnul pe care \u00eel consider\u0103 potrivit din punctul lui de vedere.<br \/>\nPoate s\u0103 fie semnul \u00eentreb\u0103rii, poate s\u0103 fie semnul exclam\u0103rii, poate s\u0103 r\u0103m\u00e2n\u0103 a\u0219a cum este,<br \/>\nsau poate fi inserat\u0103 o virgul\u0103 dup\u0103 primul cuv\u00e2nt \u0219i, la fel, pot s\u0103 existe din nou dou\u0103 situa\u021bii<br \/>\ncu semnele de punctua\u021bie aduse \u00een discu\u021bie. Fiecare variant\u0103 se configureaz\u0103 ca un c\u00e2mp<br \/>\nsemantic autonom a c\u0103rui interpretare este activat\u0103 de privitor.\u201d<\/p>\n<p>*<\/p>\n<p>Dan Mihalcea este n\u0103scut \u00een R\u00e2mnicu V\u00e2lcea \u0219i locuie\u0219te \u00een Bucure\u0219ti. Este doctor \u00een \u0219tiin\u021be<br \/>\n\u00een domeniul Cinematografie \u0219i Media, regizor de film \u0219i televiziune, director de imagine \u0219i<source sizes=\"(max-width: 295px) 100vw, 295px\" type=\"image\/webp\" data-srcset=\"https:\/\/infotulcea.ro\/wp-content\/uploads\/2026\/08\/Afis_Cum-respira-pamantul_Dan-Mihalcea_resized-333x500.jpg.webp 333w, https:\/\/infotulcea.ro\/wp-content\/uploads\/2026\/08\/Afis_Cum-respira-pamantul_Dan-Mihalcea_resized-683x1024.jpg.webp 683w, https:\/\/infotulcea.ro\/wp-content\/uploads\/2026\/08\/Afis_Cum-respira-pamantul_Dan-Mihalcea_resized-768x1152.jpg.webp 768w, https:\/\/infotulcea.ro\/wp-content\/uploads\/2026\/08\/Afis_Cum-respira-pamantul_Dan-Mihalcea_resized-1024x1536.jpg.webp 1024w, https:\/\/infotulcea.ro\/wp-content\/uploads\/2026\/08\/Afis_Cum-respira-pamantul_Dan-Mihalcea_resized.jpg.webp 1080w\" \/><\/p>\n<p><img loading=\"lazy\" decoding=\"async\" class=\" wp-image-40441 alignright\" src=\"https:\/\/infotulcea.ro\/wp-content\/uploads\/2026\/08\/Afis_Cum-respira-pamantul_Dan-Mihalcea_resized-333x500.jpg\" alt width=\"295\" height=\"443\"><br \/>\nartist fotograf. Din 1995 activeaz\u0103 profesional \u00een domeniul audiovizualului, ocup\u00e2nd de-a<br \/>\nlungul timpului diverse func\u021bii at\u00e2t \u00een televiziune, c\u00e2t \u0219i \u00een alte structuri de produc\u021bie media.<br \/>\n\u00cen calitate de regizor, a fost distins cu premii la festivaluri na\u021bionale \u0219i interna\u021bionale de film<br \/>\ndocumentar. Activitatea sa artistic\u0103 se desf\u0103\u0219oar\u0103 la intersec\u021bia dintre film \u0219i fotografia de<br \/>\nautor.<br \/>\nEste autorul lucr\u0103rilor reunite \u00een expozi\u021bia itinerant\u0103 de fotografie religioas\u0103 CANONICON,<br \/>\nvernisat\u0103 \u00een perioada 2012\u20132014 \u00een 12 ora\u0219e din Rom\u00e2nia, \u00een galerii de art\u0103, muzee de art\u0103 \u0219i<br \/>\nde istorie, biblioteci jude\u021bene \u0219i centre culturale. La Bucure\u0219ti, expozi\u021bia a fost prezentat\u0103 \u00een<br \/>\n2014, la sediul Institutul Cultural Rom\u00e2n.<br \/>\n*<\/p>\n<p>2<\/p>\n<p>Itinerarul expozi\u021biei a fost \u0219i este stabilit \u00een acest moment dup\u0103 cum urmeaz\u0103:<br \/>\n\u2013 aprilie 2023 \u00een Bucure\u0219ti la Centrul Cultural Mihai Eminescu<br \/>\n\u2013 mai 2023 \u00een T\u00e2rgovi\u0219te la Muzeul de Istorie<br \/>\n\u2013 iunie 2023 \u00een Ploie\u0219ti la Muzeul de Art\u0103 Ion Ionescu-Quintus<br \/>\n\u2013 iulie 2023 \u00een Pite\u0219ti la Biblioteca Jude\u021bean\u0103 Arge\u0219 Dinicu Golescu<br \/>\n\u2013 august 2023 \u00een T\u00e2rgu Jiu la Muzeul de Art\u0103 Constantin Br\u00e2ncu\u0219i<br \/>\n\u2013 septembrie 2023 \u00een Gura Humorului la Casa de Cultur\u0103<br \/>\n\u2013 octombrie 2023 \u00een Ia\u0219i la Palatul Culturii, Muzeul \u0218tiin\u021bei \u0219i Tehnicii \u0218tefan Procopiu<br \/>\n\u2013 noiembrie 2023 \u00een Bra\u0219ov la Galeria 9 \u2013 Asocia\u021bia Cultural\u0103 Epithet \u0219i Asocia\u021bia Cultural\u0103<br \/>\nArtessentia<br \/>\n\u2013 decembrie 2023 \u00een T\u00e2rgu Mure\u0219 la Centrul de Cultur\u0103 \u0219i Art\u0103<br \/>\n\u2013 ianuarie 2024 \u00een R\u00e2mnicu V\u00e2lcea la Galeria de Art\u0103 Cozia a Uniunii Arti\u0219tilor Plastici<br \/>\n\u2013 februarie 2024 \u00een Cluj-Napoca la Muzeul de Art\u0103<br \/>\n\u2013 martie 2024 \u00een Re\u0219i\u021ba la Muzeul Banatului Montan<br \/>\n\u2013 aprilie 2024 \u00een Vaslui la Muzeul \u0218tefan cel Mare<br \/>\n\u2013 mai 2024 \u00een Bac\u0103u la Complexul Muzeal de \u0218tiin\u021bele Naturii Ion Borcea<br \/>\n\u2013 iunie 2024 \u00een Foc\u0219ani la Galeria de Art\u0103<br \/>\n\u2013 iulie 2024 \u00een Alexandria la Muzeul Jude\u021bean Teleorman<br \/>\n\u2013 august 2024 \u00een Giurgiu la Muzeul Jude\u021bean Teohari Antonescu<br \/>\n\u2013 septembrie 2024 \u00een Br\u0103ila la Muzeul Br\u0103ilei Carol I<br \/>\n\u2013 octombrie 2024 \u00een Buz\u0103u la Muzeul Jude\u021bean<br \/>\n\u2013 noiembrie 2024 \u00een Deva la Muzeul Civiliza\u021biei Dacice \u0219i Romane<br \/>\n\u2013 decembrie 2024 \u00een Craiova la Muzeul Olteniei Craiova<br \/>\n\u2013 ianuarie 2025 \u00een Chi\u0219in\u0103u la Muzeul Na\u021bional de Istorie a Moldovei<br \/>\n\u2013 februarie 2025 \u00een Cahul la Universitatea de Stat Bogdan Petriceicu Ha\u0219deu<br \/>\n\u2013 martie 2025 \u00een Sibiu la Muzeul Na\u021bional Brukenthal<br \/>\n\u2013 aprilie 2025 \u00een Ankara la Rahmi M. Ko\u00e7 Museum Exhibition Hall prin Ambasada Rom\u00e2niei<br \/>\n\u00een Turcia<br \/>\n\u2013 mai 2025 \u00een Madrid la Institutul Cultural Rom\u00e2n<br \/>\n\u2013 iunie 2025 \u00een Constan\u021ba la Complexul Muzeal de \u0218tiin\u021bele Naturii<br \/>\n\u2013 iulie 2025 \u00een Ruse la Muzeul Regional de Istorie<br \/>\n\u2013 august 2025 \u00een Suceava la Muzeul Na\u021bional al Bucovinei<br \/>\n\u2013 septembrie 2025 \u00een Slobozia la Muzeul Jude\u021bean Ialomi\u021ba<br \/>\n\u2013 octombrie 2025 \u00een Bistri\u021ba la Complexul Muzeal Bistri\u021ba-N\u0103s\u0103ud<br \/>\n\u2013 noiembrie 2025 \u00een Sf\u00e2ntu Gheorghe la Centrul Cultural Arcu\u0219<br \/>\n\u2013 decembrie 2025 \u00een Slatina la Muzeul Jude\u021bean Olt<br \/>\n\u2013 decembrie 2025 \u00een Beijing la Academia de Film la a 6-a Trienal\u0103 Interna\u021bional\u0103 de Art\u0103 a<br \/>\nNoilor Media<br \/>\n\u2013 ianuarie 2026 \u00een Satu Mare la Muzeul Jude\u021bean<br \/>\n\u2013 februarie 2026 \u00een Alba Iulia la Muzeul Na\u021bional al Unirii<br \/>\n\u2013 martie 2026 \u00een Piatra-Neam\u021b la Complexul Muzeal Na\u021bional<br \/>\n\u2013 martie 2026 \u00een Beijing la Muzeul X<br \/>\n\u2013 aprilie 2026 \u00een Boto\u0219ani la Direc\u021bia Jude\u021bean\u0103 pentru Cultur\u0103<br \/>\n\u2013 mai 2026 \u00een Sighetu Marma\u021biei la Muzeul Maramure\u0219an<br \/>\n\u2013 iunie 2026 \u00een Arad la Complexul Muzeal<br \/>\n\u2013 iulie 2026 \u00een Gala\u021bi la Muzeul de \u0218tiin\u021bele Naturii R\u0103svan Anghelu\u021b\u0103<\/p>\n<p>3<br \/>\n\u2013 august 2026 \u00een C\u0103l\u0103ra\u0219i la Muzeul Dun\u0103rii de Jos<br \/>\n\u2013 septembrie 2026 \u00een Tulcea la Institutul de Cercet\u0103ri Eco-Muzeale Gavril\u0103 Simion<br \/>\n\u2013 octombrie 2026 \u00een Drobeta-Turnu Severin la Muzeul Regiunii Por\u021bilor de Fier<br \/>\n\u2013 noiembrie 2026 \u00een Bucure\u0219ti la Institutul Cultural Rom\u00e2n.<\/p>\n<\/div>\n<div id=\"post-extra-info\">\n<div class=\"theiaStickySidebar\">\n<div class=\"single-post-meta post-meta clearfix\"><span class=\"author-meta single-author no-avatars\"><span class=\"meta-item meta-author-wrapper meta-author-9\"><span class=\"meta-author\"><a href=\"https:\/\/infotulcea.ro\/author\/redactia-2\/\" class=\"author-name tie-icon\" title=\"Redactia\">Redactia<\/a><\/span><\/span><\/span><span class=\"date meta-item tie-icon\">20 august 2026<\/span><\/p>\n<div class=\"tie-alignright\"><span class=\"meta-comment tie-icon meta-item fa-before\">0<\/span><span class=\"meta-views meta-item \"> 507 <\/span><span class=\"meta-reading-time meta-item\"> 4 minutes read<\/span><\/div>\n<\/div>\n<\/div>\n<\/div>\n<div id=\"share-buttons-bottom\" class=\"share-buttons share-buttons-bottom\">\n<div class=\"share-links  icons-only\">\n<div class=\"share-title\"><span> Share<\/span><\/div>\n<p><a href=\"https:\/\/www.facebook.com\/sharer.php?u=https:\/\/infotulcea.ro\/eveniment-artistic-la-tulcea-expozitie-de-arta-fotografica-autor-regizorul-dan-mihalcea\/\" rel=\"external noopener nofollow\" title=\"Facebook\" target=\"_blank\" class=\"facebook-share-btn \" data-raw=\"https:\/\/www.facebook.com\/sharer.php?u={post_link}\"><span class=\"screen-reader-text\">Facebook<\/span><\/a><a href=\"https:\/\/twitter.com\/intent\/tweet?text=EVENIMENT%20ARTISTIC%20LA%20TULCEA%20%E2%80%93%20EXPOZI%C8%9AIE%20DE%20ART%C4%82%20FOTOGRAFIC%C4%82%20%20AUTOR%2C%20REGIZORUL%20DAN%20MIHALCEA&amp;url=https:\/\/infotulcea.ro\/eveniment-artistic-la-tulcea-expozitie-de-arta-fotografica-autor-regizorul-dan-mihalcea\/\" rel=\"external noopener nofollow\" title=\"X\" target=\"_blank\" class=\"twitter-share-btn \" data-raw=\"https:\/\/twitter.com\/intent\/tweet?text={post_title}&amp;url={post_link}\"><span class=\"screen-reader-text\">X<\/span><\/a><a href=\"https:\/\/api.whatsapp.com\/send?text=EVENIMENT%20ARTISTIC%20LA%20TULCEA%20%E2%80%93%20EXPOZI%C8%9AIE%20DE%20ART%C4%82%20FOTOGRAFIC%C4%82%20%20AUTOR%2C%20REGIZORUL%20DAN%20MIHALCEA%20https:\/\/infotulcea.ro\/eveniment-artistic-la-tulcea-expozitie-de-arta-fotografica-autor-regizorul-dan-mihalcea\/\" rel=\"external noopener nofollow\" title=\"WhatsApp\" target=\"_blank\" class=\"whatsapp-share-btn \" data-raw=\"https:\/\/api.whatsapp.com\/send?text={post_title}%20{post_link}\"><span class=\"screen-reader-text\">WhatsApp<\/span><\/a><a href=\"https:\/\/telegram.me\/share\/url?url=https:\/\/infotulcea.ro\/eveniment-artistic-la-tulcea-expozitie-de-arta-fotografica-autor-regizorul-dan-mihalcea\/&amp;text=EVENIMENT%20ARTISTIC%20LA%20TULCEA%20%E2%80%93%20EXPOZI%C8%9AIE%20DE%20ART%C4%82%20FOTOGRAFIC%C4%82%20%20AUTOR%2C%20REGIZORUL%20DAN%20MIHALCEA\" rel=\"external noopener nofollow\" title=\"Telegram\" target=\"_blank\" class=\"telegram-share-btn \" data-raw=\"https:\/\/telegram.me\/share\/url?url={post_link}&amp;text={post_title}\"><span class=\"screen-reader-text\">Telegram<\/span><\/a><a href=\"mailto:?subject=EVENIMENT%20ARTISTIC%20LA%20TULCEA%20%E2%80%93%20EXPOZI%C8%9AIE%20DE%20ART%C4%82%20FOTOGRAFIC%C4%82%20%20AUTOR%2C%20REGIZORUL%20DAN%20MIHALCEA&amp;body=https:\/\/infotulcea.ro\/eveniment-artistic-la-tulcea-expozitie-de-arta-fotografica-autor-regizorul-dan-mihalcea\/\" rel=\"external noopener nofollow\" title=\"Share via Email\" target=\"_blank\" class=\"email-share-btn \" data-raw=\"mailto:?subject={post_title}&amp;body={post_link}\"><span class=\"screen-reader-text\">Share via Email<\/span><\/a><a href=\"https:\/\/infotulcea.ro\/eveniment-artistic-la-tulcea-expozitie-de-arta-fotografica-autor-regizorul-dan-mihalcea\/\" rel=\"external noopener nofollow\" title=\"Print\" target=\"_blank\" class=\"print-share-btn \" data-raw=\"#\"><span class=\"screen-reader-text\">Print<\/span><\/a><\/div>\n<\/div>\n<\/article>\n<div class=\"post-components\">\n<div id=\"related-posts\" class=\"container-wrapper has-extra-post\">\n<div class=\"mag-box-title the-global-title\">\n<h3>Related Articles<\/h3>\n<\/div>\n<div class=\"related-posts-list\">\n<div class=\"related-item tie-standard\"><a aria-label=\"S\u00e2mb\u0103t\u0103 sera e Bere Gratis la Zilele Ora\u0219ului Babadag!\" href=\"https:\/\/infotulcea.ro\/sambata-sera-e-bere-gratis-la-zilele-orasului-babadag\/\" class=\"post-thumb\"><source type=\"image\/webp\" data-srcset=\"https:\/\/infotulcea.ro\/wp-content\/uploads\/2024\/10\/p1-390x220.jpg.webp\" \/><img loading=\"lazy\" decoding=\"async\" width=\"390\" height=\"220\" src=\"https:\/\/infotulcea.ro\/wp-content\/uploads\/2024\/10\/p1-390x220.jpg\" class=\"attachment-jannah-image-large size-jannah-image-large wp-post-image\" alt><\/a><\/p>\n<h3 class=\"post-title\"><a href=\"https:\/\/infotulcea.ro\/sambata-sera-e-bere-gratis-la-zilele-orasului-babadag\/\">S\u00e2mb\u0103t\u0103 sera e Bere Gratis la Zilele Ora\u0219ului Babadag!<\/a><\/h3>\n<div class=\"post-meta clearfix\"><span class=\"date meta-item tie-icon\">21 octombrie 2024<\/span><\/div>\n<\/div>\n<div class=\"related-item tie-standard\"><a aria-label=\"Ajunul Cr\u0103ciunului pe rit vechi la hotel Select: Familie, tradi\u021bie \u0219i voie bun\u0103!\" href=\"https:\/\/infotulcea.ro\/ajunul-craciunului-pe-rit-vechi-la-hotel-select-familie-traditie-si-voie-buna\/\" class=\"post-thumb\"><source type=\"image\/webp\" data-srcset=\"https:\/\/infotulcea.ro\/wp-content\/uploads\/2024\/01\/familie-select-390x220.jpg.webp\" \/><img loading=\"lazy\" decoding=\"async\" width=\"390\" height=\"220\" src=\"https:\/\/infotulcea.ro\/wp-content\/uploads\/2024\/01\/familie-select-390x220.jpg\" class=\"attachment-jannah-image-large size-jannah-image-large wp-post-image\" alt><\/a><\/p>\n<h3 class=\"post-title\"><a href=\"https:\/\/infotulcea.ro\/ajunul-craciunului-pe-rit-vechi-la-hotel-select-familie-traditie-si-voie-buna\/\">Ajunul Cr\u0103ciunului pe rit vechi la hotel Select: Familie, tradi\u021bie \u0219i voie bun\u0103!<\/a><\/h3>\n<div class=\"post-meta clearfix\"><span class=\"date meta-item tie-icon\">7 ianuarie 2024<\/span><\/div>\n<\/div>\n<div class=\"related-item tie-standard\"><a aria-label=\"Aproape o sut\u0103 de permise de conducere re\u0163inute \u00een ultima s\u0103pt\u0103m\u00e2n\u0103 din luna mai\" href=\"https:\/\/infotulcea.ro\/aproape-o-suta-de-permise-de-conducere-retinute-in-ultima-saptamana-din-luna-mai\/\" class=\"post-thumb\"><source type=\"image\/webp\" data-srcset=\"https:\/\/infotulcea.ro\/wp-content\/uploads\/2020\/06\/politie-390x220.jpg.webp\" \/><img loading=\"lazy\" decoding=\"async\" width=\"390\" height=\"220\" src=\"https:\/\/infotulcea.ro\/wp-content\/uploads\/2020\/06\/politie-390x220.jpg\" class=\"attachment-jannah-image-large size-jannah-image-large wp-post-image\" alt><\/a><\/p>\n<h3 class=\"post-title\"><a href=\"https:\/\/infotulcea.ro\/aproape-o-suta-de-permise-de-conducere-retinute-in-ultima-saptamana-din-luna-mai\/\">Aproape o sut\u0103 de permise de conducere re\u0163inute \u00een ultima s\u0103pt\u0103m\u00e2n\u0103 din luna mai<\/a><\/h3>\n<div class=\"post-meta clearfix\"><span class=\"date meta-item tie-icon\">2 iunie 2020<\/span><\/div>\n<\/div>\n<div class=\"related-item tie-standard\"><a aria-label=\"Jador, Lora, Raluka \u0219i Alex Velea, capetele de afi\u0219 de la S\u0103rb\u0103toarea Teilor de la Luncavi\u021ba!\" href=\"https:\/\/infotulcea.ro\/jador-lora-raluka-si-alex-velea-capetele-de-afis-de-la-sarbatoarea-teilor-de-la-luncavita\/\" class=\"post-thumb\"><source type=\"image\/webp\" data-srcset=\"https:\/\/infotulcea.ro\/wp-content\/uploads\/2023\/06\/afis-sarbatoarea-teilor-390x220.jpg.webp\" \/><img loading=\"lazy\" decoding=\"async\" width=\"390\" height=\"220\" src=\"https:\/\/infotulcea.ro\/wp-content\/uploads\/2023\/06\/afis-sarbatoarea-teilor-390x220.jpg\" class=\"attachment-jannah-image-large size-jannah-image-large wp-post-image\" alt><\/a><\/p>\n<h3 class=\"post-title\"><a href=\"https:\/\/infotulcea.ro\/jador-lora-raluka-si-alex-velea-capetele-de-afis-de-la-sarbatoarea-teilor-de-la-luncavita\/\">Jador, Lora, Raluka \u0219i Alex Velea, capetele de afi\u0219 de la S\u0103rb\u0103toarea Teilor de la Luncavi\u021ba!<\/a><\/h3>\n<div class=\"post-meta clearfix\"><span class=\"date meta-item tie-icon\">30 iunie 2023<\/span><\/div>\n<\/div>\n<\/div>\n<\/div>\n<div id=\"comments\" class=\"comments-area\">\n<div id=\"add-comment-block\" class=\"container-wrapper\">\n<div id=\"respond\" class=\"comment-respond\">\n<h3 id=\"reply-title\" class=\"comment-reply-title the-global-title\">Las\u0103 un r\u0103spuns <small><a rel=\"nofollow\" id=\"cancel-comment-reply-link\" href=\"https:\/\/infotulcea.ro\/eveniment-artistic-la-tulcea-expozitie-de-arta-fotografica-autor-regizorul-dan-mihalcea\/#respond\">Anuleaz\u0103 r\u0103spunsul<\/a><\/small><\/h3>\n<p class=\"comment-notes\"><span id=\"email-notes\">Adresa ta de email nu va fi publicat\u0103.<\/span><span class=\"required-field-message\">C\u00e2mpurile obligatorii sunt marcate cu <span class=\"required\">*<\/span><\/span><\/p>\n<\/div>\n<\/div>\n<\/div>\n<\/div>\n<\/div>\n<div id=\"check-also-box\" class=\"container-wrapper check-also-right\">\n<div class=\"widget-title the-global-title\">\n<div class=\"the-subtitle\">Check Also<\/div>\n<p><a href=\"https:\/\/infotulcea.ro\/eveniment-artistic-la-tulcea-expozitie-de-arta-fotografica-autor-regizorul-dan-mihalcea\/\" id=\"check-also-close\" class=\"remove\"><span class=\"screen-reader-text\">Close<\/span><\/a><\/div>\n<div class=\"widget posts-list-big-first has-first-big-post\">\n<ul class=\"posts-list-items\">\n<li class=\"widget-single-post-item widget-post-list tie-standard\">\n<div class=\"post-widget-thumbnail\"><a aria-label=\"Jador, Lora, Raluka \u0219i Alex Velea, capetele de afi\u0219 de la S\u0103rb\u0103toarea Teilor de la Luncavi\u021ba!\" href=\"https:\/\/infotulcea.ro\/jador-lora-raluka-si-alex-velea-capetele-de-afis-de-la-sarbatoarea-teilor-de-la-luncavita\/\" class=\"post-thumb\"><span class=\"post-cat-wrap\"><span class=\"post-cat tie-cat-68\">Evenimente<\/span><\/span><source type=\"image\/webp\" data-srcset=\"https:\/\/infotulcea.ro\/wp-content\/uploads\/2023\/06\/afis-sarbatoarea-teilor-390x220.jpg.webp\" \/><img loading=\"lazy\" decoding=\"async\" width=\"390\" height=\"220\" src=\"https:\/\/infotulcea.ro\/wp-content\/uploads\/2023\/06\/afis-sarbatoarea-teilor-390x220.jpg\" class=\"attachment-jannah-image-large size-jannah-image-large wp-post-image\" alt><\/a><\/div>\n<div class=\"post-widget-body \"><a class=\"post-title the-subtitle\" href=\"https:\/\/infotulcea.ro\/jador-lora-raluka-si-alex-velea-capetele-de-afis-de-la-sarbatoarea-teilor-de-la-luncavita\/\">Jador, Lora, Raluka \u0219i Alex Velea, capetele de afi\u0219 de la S\u0103rb\u0103toarea Teilor de la Luncavi\u021ba!<\/a><\/p>\n<div class=\"post-meta\"><span class=\"date meta-item tie-icon\">30 iunie 2023<\/span><\/div>\n<\/div>\n<\/li>\n<\/ul>\n<\/div>\n<\/div>\n<aside class=\"sidebar tie-col-md-4 tie-col-xs-12 normal-side is-sticky\" aria-label=\"Primary Sidebar\">\n<div class=\"theiaStickySidebar\">\n<div id=\"media_image-19\" class=\"container-wrapper widget widget_media_image\"><a href=\"https:\/\/infotulcea.ro\/delta-dunarii-mai-accesibila-navrom-delta-creste-numarul-curselor-regulate-de-la-1-mai-2025\/\"><source sizes=\"(max-width: 500px) 100vw, 500px\" type=\"image\/webp\" data-srcset=\"https:\/\/infotulcea.ro\/wp-content\/uploads\/2025\/04\/navrom-delta-500x271.jpg.webp 500w, https:\/\/infotulcea.ro\/wp-content\/uploads\/2025\/04\/navrom-delta-1024x555.jpg.webp 1024w, https:\/\/infotulcea.ro\/wp-content\/uploads\/2025\/04\/navrom-delta-768x416.jpg.webp 768w, https:\/\/infotulcea.ro\/wp-content\/uploads\/2025\/04\/navrom-delta.jpg.webp 1080w\" \/><img loading=\"lazy\" decoding=\"async\" width=\"500\" height=\"271\" src=\"https:\/\/infotulcea.ro\/wp-content\/uploads\/2025\/04\/navrom-delta-500x271.jpg\" class=\"image wp-image-34487  attachment-medium size-medium\" alt><\/a><\/div>\n<div id=\"media_image-17\" class=\"container-wrapper widget widget_media_image\"><a href=\"https:\/\/www.facebook.com\/share\/p\/1DGAD1tLWN\/?mibextid=wwXIfr\" target=\"_blank\"><source sizes=\"(max-width: 500px) 100vw, 500px\" type=\"image\/webp\" data-srcset=\"https:\/\/infotulcea.ro\/wp-content\/uploads\/2026\/01\/IMG_1563-500x500.jpeg.webp 500w, https:\/\/infotulcea.ro\/wp-content\/uploads\/2026\/01\/IMG_1563-1024x1024.jpeg.webp 1024w, https:\/\/infotulcea.ro\/wp-content\/uploads\/2026\/01\/IMG_1563-250x250.jpeg.webp 250w, https:\/\/infotulcea.ro\/wp-content\/uploads\/2026\/01\/IMG_1563-768x768.jpeg.webp 768w, https:\/\/infotulcea.ro\/wp-content\/uploads\/2026\/01\/IMG_1563.jpeg.webp 1080w\" \/><img loading=\"lazy\" decoding=\"async\" width=\"500\" height=\"500\" src=\"https:\/\/infotulcea.ro\/wp-content\/uploads\/2026\/01\/IMG_1563-500x500.jpeg\" class=\"image wp-image-37932  attachment-medium size-medium\" alt title=\"Centrale pe lemne\"><\/a><\/div>\n<div id=\"media_image-18\" class=\"container-wrapper widget widget_media_image\"><a href=\"https:\/\/www.licitatia.ro\/site\/index-guest\"><img loading=\"lazy\" decoding=\"async\" width=\"500\" height=\"262\" src=\"https:\/\/infotulcea.ro\/wp-content\/uploads\/2025\/09\/licitatia-500x262.png\" class=\"image wp-image-36670  attachment-medium size-medium lazyload\" alt data-max-width=\"500\"><img loading=\"lazy\" decoding=\"async\" width=\"500\" height=\"262\" src=\"https:\/\/infotulcea.ro\/wp-content\/uploads\/2025\/09\/licitatia-500x262.png\" class=\"image wp-image-36670  attachment-medium size-medium\" alt><\/a><\/div>\n<div id=\"media_image-27\" class=\"container-wrapper widget widget_media_image\"><a href=\"https:\/\/www.centrale-lemne-liepsnele.ro\/\"><img loading=\"lazy\" decoding=\"async\" width=\"500\" height=\"500\" src=\"https:\/\/infotulcea.ro\/wp-content\/uploads\/2025\/09\/Centrale-pe-Lemne-Liepsnele-500x500.png\" class=\"image wp-image-36541  attachment-medium size-medium lazyload\" alt=\"Centrala pe lemne\" data-max-width=\"500\"><img loading=\"lazy\" decoding=\"async\" width=\"500\" height=\"500\" src=\"https:\/\/infotulcea.ro\/wp-content\/uploads\/2025\/09\/Centrale-pe-Lemne-Liepsnele-500x500.png\" class=\"image wp-image-36541  attachment-medium size-medium\" alt=\"Centrala pe lemne\"><\/a><\/div>\n<div id=\"media_image-28\" class=\"container-wrapper widget widget_media_image\"><a href=\"https:\/\/infotulcea.ro\/angajeaza-te-ro-platforma-ta-online-de-angajari-si-forta-de-munca\/\"><source sizes=\"(max-width: 500px) 100vw, 500px\" type=\"image\/webp\" data-srcset=\"https:\/\/infotulcea.ro\/wp-content\/uploads\/2025\/04\/banner-angajazate-1-500x305.jpg.webp 500w, https:\/\/infotulcea.ro\/wp-content\/uploads\/2025\/04\/banner-angajazate-1-1024x625.jpg.webp 1024w, https:\/\/infotulcea.ro\/wp-content\/uploads\/2025\/04\/banner-angajazate-1-768x469.jpg.webp 768w, https:\/\/infotulcea.ro\/wp-content\/uploads\/2025\/04\/banner-angajazate-1.jpg.webp 1080w\" \/><img loading=\"lazy\" decoding=\"async\" width=\"500\" height=\"305\" src=\"https:\/\/infotulcea.ro\/wp-content\/uploads\/2025\/04\/banner-angajazate-1-500x305.jpg\" class=\"image wp-image-34317  attachment-medium size-medium\" alt><\/a><\/div>\n<\/div>\n<\/aside>\n<\/div>\n<\/div>\n<div class=\"entry-content entry clearfix\">\n<p><strong>Al 44-lea vernisaj al expozi\u021biei itinerante de fotografie CUM RESPIR\u0102 P\u0102M\u00c2NTUL<\/strong><\/p>\n<p><strong>Expozi\u021bia personal\u0103 itinerant\u0103 de fotografie CUM RESPIR\u0102 P\u0102M\u00c2NTUL a regizorului<\/strong><br \/><strong>Dan Mihalcea va fi vernisat\u0103 la Institutul de Cercet\u0103ri Eco-Muzeale Gavril\u0103 Simion<\/strong><br \/><strong>Tulcea, Casa Avramide, \u00een data de 01.09.2026 la ora 12:00. Expozi\u021bia este deschis\u0103<\/strong><br \/><strong>publicului \u00een perioada 1 \u2013 15 septembrie 2026.<\/strong><\/p>\n<p>CUM RESPIR\u0102 P\u0102M\u00c2NTUL este un proiect artistic itinerant inaugurat \u00een aprilie 2023,<br \/>\nvernisat \u00een fiecare lun\u0103 \u00een alt mare ora\u0219 din Rom\u00e2nia \u0219i din str\u0103in\u0103tate \u00een institu\u021bii prestigioase<br \/>\nde cultur\u0103 \u0219i art\u0103, av\u00e2nd dimensiune artistic\u0103, reflexiv\u0103 \u0219i ecologic\u0103, construit \u00een jurul rela\u021biei<br \/>\ndintre corp, natur\u0103 \u0219i materie vie. Expozi\u021bia investigheaz\u0103 vizual ideea de respira\u021bie simbolic\u0103<br \/>\na p\u0103m\u00e2ntului, pun\u00e2nd \u00een discu\u021bie fragilitatea mediului, memoria locului \u0219i urmele prezen\u021bei<br \/>\numane \u00een natur\u0103. Fotografiile propun o estetic\u0103 a t\u0103cerii, a sediment\u0103rii \u0219i a timpului lent,<br \/>\ninvit\u00e2nd privitorul la contemplare \u0219i la o rela\u021bie empatic\u0103 cu mediul natural.<br \/>\nExpozi\u021bia CUM RESPIR\u0102 P\u0102M\u00c2NTUL este alc\u0103tuit\u0103 din 20 de fotografii, 84\/60<br \/>\ncentimetri, pe care regizorul Dan Mihalcea le-a realizat la Vulcanii Noroio\u0219i din jude\u021bul<br \/>\nBuz\u0103u.<br \/>\nAutorul afirm\u0103: \u201eInten\u021bionat nu am pus niciun semn de punctua\u021bie la finalul titlului pentru ca<br \/>\nfiecare privitor s\u0103 \u00ee\u0219i imagineze semnul pe care \u00eel consider\u0103 potrivit din punctul lui de vedere.<br \/>\nPoate s\u0103 fie semnul \u00eentreb\u0103rii, poate s\u0103 fie semnul exclam\u0103rii, poate s\u0103 r\u0103m\u00e2n\u0103 a\u0219a cum este,<br \/>\nsau poate fi inserat\u0103 o virgul\u0103 dup\u0103 primul cuv\u00e2nt \u0219i, la fel, pot s\u0103 existe din nou dou\u0103 situa\u021bii<br \/>\ncu semnele de punctua\u021bie aduse \u00een discu\u021bie. Fiecare variant\u0103 se configureaz\u0103 ca un c\u00e2mp<br \/>\nsemantic autonom a c\u0103rui interpretare este activat\u0103 de privitor.\u201d<\/p>\n<p>*<\/p>\n<p>Dan Mihalcea este n\u0103scut \u00een R\u00e2mnicu V\u00e2lcea \u0219i locuie\u0219te \u00een Bucure\u0219ti. Este doctor \u00een \u0219tiin\u021be<br \/>\n\u00een domeniul Cinematografie \u0219i Media, regizor de film \u0219i televiziune, director de imagine \u0219i<source sizes=\"(max-width: 295px) 100vw, 295px\" type=\"image\/webp\" data-srcset=\"https:\/\/infotulcea.ro\/wp-content\/uploads\/2026\/08\/Afis_Cum-respira-pamantul_Dan-Mihalcea_resized-333x500.jpg.webp 333w, https:\/\/infotulcea.ro\/wp-content\/uploads\/2026\/08\/Afis_Cum-respira-pamantul_Dan-Mihalcea_resized-683x1024.jpg.webp 683w, https:\/\/infotulcea.ro\/wp-content\/uploads\/2026\/08\/Afis_Cum-respira-pamantul_Dan-Mihalcea_resized-768x1152.jpg.webp 768w, https:\/\/infotulcea.ro\/wp-content\/uploads\/2026\/08\/Afis_Cum-respira-pamantul_Dan-Mihalcea_resized-1024x1536.jpg.webp 1024w, https:\/\/infotulcea.ro\/wp-content\/uploads\/2026\/08\/Afis_Cum-respira-pamantul_Dan-Mihalcea_resized.jpg.webp 1080w\" \/><\/p>\n<p><img loading=\"lazy\" decoding=\"async\" class=\" wp-image-40441 alignright\" src=\"https:\/\/infotulcea.ro\/wp-content\/uploads\/2026\/08\/Afis_Cum-respira-pamantul_Dan-Mihalcea_resized-333x500.jpg\" alt width=\"295\" height=\"443\"><br \/>\nartist fotograf. Din 1995 activeaz\u0103 profesional \u00een domeniul audiovizualului, ocup\u00e2nd de-a<br \/>\nlungul timpului diverse func\u021bii at\u00e2t \u00een televiziune, c\u00e2t \u0219i \u00een alte structuri de produc\u021bie media.<br \/>\n\u00cen calitate de regizor, a fost distins cu premii la festivaluri na\u021bionale \u0219i interna\u021bionale de film<br \/>\ndocumentar. Activitatea sa artistic\u0103 se desf\u0103\u0219oar\u0103 la intersec\u021bia dintre film \u0219i fotografia de<br \/>\nautor.<br \/>\nEste autorul lucr\u0103rilor reunite \u00een expozi\u021bia itinerant\u0103 de fotografie religioas\u0103 CANONICON,<br \/>\nvernisat\u0103 \u00een perioada 2012\u20132014 \u00een 12 ora\u0219e din Rom\u00e2nia, \u00een galerii de art\u0103, muzee de art\u0103 \u0219i<br \/>\nde istorie, biblioteci jude\u021bene \u0219i centre culturale. La Bucure\u0219ti, expozi\u021bia a fost prezentat\u0103 \u00een<br \/>\n2014, la sediul Institutul Cultural Rom\u00e2n.<br \/>\n*<\/p>\n<p>2<\/p>\n<p>Itinerarul expozi\u021biei a fost \u0219i este stabilit \u00een acest moment dup\u0103 cum urmeaz\u0103:<br \/>\n\u2013 aprilie 2023 \u00een Bucure\u0219ti la Centrul Cultural Mihai Eminescu<br \/>\n\u2013 mai 2023 \u00een T\u00e2rgovi\u0219te la Muzeul de Istorie<br \/>\n\u2013 iunie 2023 \u00een Ploie\u0219ti la Muzeul de Art\u0103 Ion Ionescu-Quintus<br \/>\n\u2013 iulie 2023 \u00een Pite\u0219ti la Biblioteca Jude\u021bean\u0103 Arge\u0219 Dinicu Golescu<br \/>\n\u2013 august 2023 \u00een T\u00e2rgu Jiu la Muzeul de Art\u0103 Constantin Br\u00e2ncu\u0219i<br \/>\n\u2013 septembrie 2023 \u00een Gura Humorului la Casa de Cultur\u0103<br \/>\n\u2013 octombrie 2023 \u00een Ia\u0219i la Palatul Culturii, Muzeul \u0218tiin\u021bei \u0219i Tehnicii \u0218tefan Procopiu<br \/>\n\u2013 noiembrie 2023 \u00een Bra\u0219ov la Galeria 9 \u2013 Asocia\u021bia Cultural\u0103 Epithet \u0219i Asocia\u021bia Cultural\u0103<br \/>\nArtessentia<br \/>\n\u2013 decembrie 2023 \u00een T\u00e2rgu Mure\u0219 la Centrul de Cultur\u0103 \u0219i Art\u0103<br \/>\n\u2013 ianuarie 2024 \u00een R\u00e2mnicu V\u00e2lcea la Galeria de Art\u0103 Cozia a Uniunii Arti\u0219tilor Plastici<br \/>\n\u2013 februarie 2024 \u00een Cluj-Napoca la Muzeul de Art\u0103<br \/>\n\u2013 martie 2024 \u00een Re\u0219i\u021ba la Muzeul Banatului Montan<br \/>\n\u2013 aprilie 2024 \u00een Vaslui la Muzeul \u0218tefan cel Mare<br \/>\n\u2013 mai 2024 \u00een Bac\u0103u la Complexul Muzeal de \u0218tiin\u021bele Naturii Ion Borcea<br \/>\n\u2013 iunie 2024 \u00een Foc\u0219ani la Galeria de Art\u0103<br \/>\n\u2013 iulie 2024 \u00een Alexandria la Muzeul Jude\u021bean Teleorman<br \/>\n\u2013 august 2024 \u00een Giurgiu la Muzeul Jude\u021bean Teohari Antonescu<br \/>\n\u2013 septembrie 2024 \u00een Br\u0103ila la Muzeul Br\u0103ilei Carol I<br \/>\n\u2013 octombrie 2024 \u00een Buz\u0103u la Muzeul Jude\u021bean<br \/>\n\u2013 noiembrie 2024 \u00een Deva la Muzeul Civiliza\u021biei Dacice \u0219i Romane<br \/>\n\u2013 decembrie 2024 \u00een Craiova la Muzeul Olteniei Craiova<br \/>\n\u2013 ianuarie 2025 \u00een Chi\u0219in\u0103u la Muzeul Na\u021bional de Istorie a Moldovei<br \/>\n\u2013 februarie 2025 \u00een Cahul la Universitatea de Stat Bogdan Petriceicu Ha\u0219deu<br \/>\n\u2013 martie 2025 \u00een Sibiu la Muzeul Na\u021bional Brukenthal<br \/>\n\u2013 aprilie 2025 \u00een Ankara la Rahmi M. Ko\u00e7 Museum Exhibition Hall prin Ambasada Rom\u00e2niei<br \/>\n\u00een Turcia<br \/>\n\u2013 mai 2025 \u00een Madrid la Institutul Cultural Rom\u00e2n<br \/>\n\u2013 iunie 2025 \u00een Constan\u021ba la Complexul Muzeal de \u0218tiin\u021bele Naturii<br \/>\n\u2013 iulie 2025 \u00een Ruse la Muzeul Regional de Istorie<br \/>\n\u2013 august 2025 \u00een Suceava la Muzeul Na\u021bional al Bucovinei<br \/>\n\u2013 septembrie 2025 \u00een Slobozia la Muzeul Jude\u021bean Ialomi\u021ba<br \/>\n\u2013 octombrie 2025 \u00een Bistri\u021ba la Complexul Muzeal Bistri\u021ba-N\u0103s\u0103ud<br \/>\n\u2013 noiembrie 2025 \u00een Sf\u00e2ntu Gheorghe la Centrul Cultural Arcu\u0219<br \/>\n\u2013 decembrie 2025 \u00een Slatina la Muzeul Jude\u021bean Olt<br \/>\n\u2013 decembrie 2025 \u00een Beijing la Academia de Film la a 6-a Trienal\u0103 Interna\u021bional\u0103 de Art\u0103 a<br \/>\nNoilor Media<br \/>\n\u2013 ianuarie 2026 \u00een Satu Mare la Muzeul Jude\u021bean<br \/>\n\u2013 februarie 2026 \u00een Alba Iulia la Muzeul Na\u021bional al Unirii<br \/>\n\u2013 martie 2026 \u00een Piatra-Neam\u021b la Complexul Muzeal Na\u021bional<br \/>\n\u2013 martie 2026 \u00een Beijing la Muzeul X<br \/>\n\u2013 aprilie 2026 \u00een Boto\u0219ani la Direc\u021bia Jude\u021bean\u0103 pentru Cultur\u0103<br \/>\n\u2013 mai 2026 \u00een Sighetu Marma\u021biei la Muzeul Maramure\u0219an<br \/>\n\u2013 iunie 2026 \u00een Arad la Complexul Muzeal<br \/>\n\u2013 iulie 2026 \u00een Gala\u021bi la Muzeul de \u0218tiin\u021bele Naturii R\u0103svan Anghelu\u021b\u0103<\/p>\n<p>3<br \/>\n\u2013 august 2026 \u00een C\u0103l\u0103ra\u0219i la Muzeul Dun\u0103rii de Jos<br \/>\n\u2013 septembrie 2026 \u00een Tulcea la Institutul de Cercet\u0103ri Eco-Muzeale Gavril\u0103 Simion<br \/>\n\u2013 octombrie 2026 \u00een Drobeta-Turnu Severin la Muzeul Regiunii Por\u021bilor de Fier<br \/>\n\u2013 noiembrie 2026 \u00een Bucure\u0219ti la Institutul Cultural Rom\u00e2n.<\/p>\n<\/div>\n<div class=\"articleBody\" data-key=\"articleBody\">Al 44-lea vernisaj al expozi\u021biei itinerante de fotografie CUM RESPIR\u0102 P\u0102M\u00c2NTUL<\/p>\n<p>Expozi\u021bia personal\u0103 itinerant\u0103 de fotografie CUM RESPIR\u0102 P\u0102M\u00c2NTUL a regizorului<br \/>\nDan Mihalcea va fi vernisat\u0103 la Institutul de Cercet\u0103ri Eco-Muzeale Gavril\u0103 Simion<br \/>\nTulcea, Casa Avramide, \u00een data de 01.09.2026 la ora 12:00. Expozi\u021bia este deschis\u0103<br \/>\npublicului \u00een perioada 1 \u2013 15 septembrie 2026.<\/p>\n<p>CUM RESPIR\u0102 P\u0102M\u00c2NTUL este un proiect artistic itinerant inaugurat \u00een aprilie 2023,<br \/>\nvernisat \u00een fiecare lun\u0103 \u00een alt mare ora\u0219 din Rom\u00e2nia \u0219i din str\u0103in\u0103tate \u00een institu\u021bii prestigioase<br \/>\nde cultur\u0103 \u0219i art\u0103, av\u00e2nd dimensiune artistic\u0103, reflexiv\u0103 \u0219i ecologic\u0103, construit \u00een jurul rela\u021biei<br \/>\ndintre corp, natur\u0103 \u0219i materie vie. Expozi\u021bia investigheaz\u0103 vizual ideea de respira\u021bie simbolic\u0103<br \/>\na p\u0103m\u00e2ntului, pun\u00e2nd \u00een discu\u021bie fragilitatea mediului, memoria locului \u0219i urmele prezen\u021bei<br \/>\numane \u00een natur\u0103. Fotografiile propun o estetic\u0103 a t\u0103cerii, a sediment\u0103rii \u0219i a timpului lent,<br \/>\ninvit\u00e2nd privitorul la contemplare \u0219i la o rela\u021bie empatic\u0103 cu mediul natural.<br \/>\nExpozi\u021bia CUM RESPIR\u0102 P\u0102M\u00c2NTUL este alc\u0103tuit\u0103 din 20 de fotografii, 84\/60<br \/>\ncentimetri, pe care regizorul Dan Mihalcea le-a realizat la Vulcanii Noroio\u0219i din jude\u021bul<br \/>\nBuz\u0103u.<br \/>\nAutorul afirm\u0103: \u201eInten\u021bionat nu am pus niciun semn de punctua\u021bie la finalul titlului pentru ca<br \/>\nfiecare privitor s\u0103 \u00ee\u0219i imagineze semnul pe care \u00eel consider\u0103 potrivit din punctul lui de vedere.<br \/>\nPoate s\u0103 fie semnul \u00eentreb\u0103rii, poate s\u0103 fie semnul exclam\u0103rii, poate s\u0103 r\u0103m\u00e2n\u0103 a\u0219a cum este,<br \/>\nsau poate fi inserat\u0103 o virgul\u0103 dup\u0103 primul cuv\u00e2nt \u0219i, la fel, pot s\u0103 existe din nou dou\u0103 situa\u021bii<br \/>\ncu semnele de punctua\u021bie aduse \u00een discu\u021bie. Fiecare variant\u0103 se configureaz\u0103 ca un c\u00e2mp<br \/>\nsemantic autonom a c\u0103rui interpretare este activat\u0103 de privitor.\u201d<\/p>\n<p>*<\/p>\n<p>Dan Mihalcea este n\u0103scut \u00een R\u00e2mnicu V\u00e2lcea \u0219i locuie\u0219te \u00een Bucure\u0219ti. Este doctor \u00een \u0219tiin\u021be<br \/>\n\u00een domeniul Cinematografie \u0219i Media, regizor de film \u0219i televiziune, director de imagine \u0219i<br \/>\nartist fotograf. Din 1995 activeaz\u0103 profesional \u00een domeniul audiovizualului, ocup\u00e2nd de-a<br \/>\nlungul timpului diverse func\u021bii at\u00e2t \u00een televiziune, c\u00e2t \u0219i \u00een alte structuri de produc\u021bie media.<br \/>\n\u00cen calitate de regizor, a fost distins cu premii la festivaluri na\u021bionale \u0219i interna\u021bionale de film<br \/>\ndocumentar. Activitatea sa artistic\u0103 se desf\u0103\u0219oar\u0103 la intersec\u021bia dintre film \u0219i fotografia de<br \/>\nautor.<br \/>\nEste autorul lucr\u0103rilor reunite \u00een expozi\u021bia itinerant\u0103 de fotografie religioas\u0103 CANONICON,<br \/>\nvernisat\u0103 \u00een perioada 2012\u20132014 \u00een 12 ora\u0219e din Rom\u00e2nia, \u00een galerii de art\u0103, muzee de art\u0103 \u0219i<br \/>\nde istorie, biblioteci jude\u021bene \u0219i centre culturale. La Bucure\u0219ti, expozi\u021bia a fost prezentat\u0103 \u00een<br \/>\n2014, la sediul Institutul Cultural Rom\u00e2n.<br \/>\n*<\/p>\n<p>2<\/p>\n<p>Itinerarul expozi\u021biei a fost \u0219i este stabilit \u00een acest moment dup\u0103 cum urmeaz\u0103:<br \/>\n\u2013 aprilie 2023 \u00een Bucure\u0219ti la Centrul Cultural Mihai Eminescu<br \/>\n\u2013 mai 2023 \u00een T\u00e2rgovi\u0219te la Muzeul de Istorie<br \/>\n\u2013 iunie 2023 \u00een Ploie\u0219ti la Muzeul de Art\u0103 Ion Ionescu-Quintus<br \/>\n\u2013 iulie 2023 \u00een Pite\u0219ti la Biblioteca Jude\u021bean\u0103 Arge\u0219 Dinicu Golescu<br \/>\n\u2013 august 2023 \u00een T\u00e2rgu Jiu la Muzeul de Art\u0103 Constantin Br\u00e2ncu\u0219i<br \/>\n\u2013 septembrie 2023 \u00een Gura Humorului la Casa de Cultur\u0103<br \/>\n\u2013 octombrie 2023 \u00een Ia\u0219i la Palatul Culturii, Muzeul \u0218tiin\u021bei \u0219i Tehnicii \u0218tefan Procopiu<br \/>\n\u2013 noiembrie 2023 \u00een Bra\u0219ov la Galeria 9 &#8211; Asocia\u021bia Cultural\u0103 Epithet \u0219i Asocia\u021bia Cultural\u0103<br \/>\nArtessentia<br \/>\n\u2013 decembrie 2023 \u00een T\u00e2rgu Mure\u0219 la Centrul de Cultur\u0103 \u0219i Art\u0103<br \/>\n\u2013 ianuarie 2024 \u00een R\u00e2mnicu V\u00e2lcea la Galeria de Art\u0103 Cozia a Uniunii Arti\u0219tilor Plastici<br \/>\n\u2013 februarie 2024 \u00een Cluj-Napoca la Muzeul de Art\u0103<br \/>\n\u2013 martie 2024 \u00een Re\u0219i\u021ba la Muzeul Banatului Montan<br \/>\n\u2013 aprilie 2024 \u00een Vaslui la Muzeul \u0218tefan cel Mare<br \/>\n\u2013 mai 2024 \u00een Bac\u0103u la Complexul Muzeal de \u0218tiin\u021bele Naturii Ion Borcea<br \/>\n\u2013 iunie 2024 \u00een Foc\u0219ani la Galeria de Art\u0103<br \/>\n\u2013 iulie 2024 \u00een Alexandria la Muzeul Jude\u021bean Teleorman<br \/>\n\u2013 august 2024 \u00een Giurgiu la Muzeul Jude\u021bean Teohari Antonescu<br \/>\n\u2013 septembrie 2024 \u00een Br\u0103ila la Muzeul Br\u0103ilei Carol I<br \/>\n\u2013 octombrie 2024 \u00een Buz\u0103u la Muzeul Jude\u021bean<br \/>\n\u2013 noiembrie 2024 \u00een Deva la Muzeul Civiliza\u021biei Dacice \u0219i Romane<br \/>\n\u2013 decembrie 2024 \u00een Craiova la Muzeul Olteniei Craiova<br \/>\n\u2013 ianuarie 2025 \u00een Chi\u0219in\u0103u la Muzeul Na\u021bional de Istorie a Moldovei<br \/>\n\u2013 februarie 2025 \u00een Cahul la Universitatea de Stat Bogdan Petriceicu Ha\u0219deu<br \/>\n\u2013 martie 2025 \u00een Sibiu la Muzeul Na\u021bional Brukenthal<br \/>\n\u2013 aprilie 2025 \u00een Ankara la Rahmi M. Ko\u00e7 Museum Exhibition Hall prin Ambasada Rom\u00e2niei<br \/>\n\u00een Turcia<br \/>\n\u2013 mai 2025 \u00een Madrid la Institutul Cultural Rom\u00e2n<br \/>\n\u2013 iunie 2025 \u00een Constan\u021ba la Complexul Muzeal de \u0218tiin\u021bele Naturii<br \/>\n\u2013 iulie 2025 \u00een Ruse la Muzeul Regional de Istorie<br \/>\n\u2013 august 2025 \u00een Suceava la Muzeul Na\u021bional al Bucovinei<br \/>\n\u2013 septembrie 2025 \u00een Slobozia la Muzeul Jude\u021bean Ialomi\u021ba<br \/>\n\u2013 octombrie 2025 \u00een Bistri\u021ba la Complexul Muzeal Bistri\u021ba-N\u0103s\u0103ud<br \/>\n\u2013 noiembrie 2025 \u00een Sf\u00e2ntu Gheorghe la Centrul Cultural Arcu\u0219<br \/>\n\u2013 decembrie 2025 \u00een Slatina la Muzeul Jude\u021bean Olt<br \/>\n\u2013 decembrie 2025 \u00een Beijing la Academia de Film la a 6-a Trienal\u0103 Interna\u021bional\u0103 de Art\u0103 a<br \/>\nNoilor Media<br \/>\n\u2013 ianuarie 2026 \u00een Satu Mare la Muzeul Jude\u021bean<br \/>\n\u2013 februarie 2026 \u00een Alba Iulia la Muzeul Na\u021bional al Unirii<br \/>\n\u2013 martie 2026 \u00een Piatra-Neam\u021b la Complexul Muzeal Na\u021bional<br \/>\n\u2013 martie 2026 \u00een Beijing la Muzeul X<br \/>\n\u2013 aprilie 2026 \u00een Boto\u0219ani la Direc\u021bia Jude\u021bean\u0103 pentru Cultur\u0103<br \/>\n\u2013 mai 2026 \u00een Sighetu Marma\u021biei la Muzeul Maramure\u0219an<br \/>\n\u2013 iunie 2026 \u00een Arad la Complexul Muzeal<br \/>\n\u2013 iulie 2026 \u00een Gala\u021bi la Muzeul de \u0218tiin\u021bele Naturii R\u0103svan Anghelu\u021b\u0103<\/p>\n<p>3<br \/>\n\u2013 august 2026 \u00een C\u0103l\u0103ra\u0219i la Muzeul Dun\u0103rii de Jos<br \/>\n\u2013 septembrie 2026 \u00een Tulcea la Institutul de Cercet\u0103ri Eco-Muzeale Gavril\u0103 Simion<br \/>\n\u2013 octombrie 2026 \u00een Drobeta-Turnu Severin la Muzeul Regiunii Por\u021bilor de Fier<br \/>\n\u2013 noiembrie 2026 \u00een Bucure\u0219ti la Institutul Cultural Rom\u00e2n.<\/p><\/div>\n<p>[analyse_source url=&#8221;https:\/\/infotulcea.ro\/eveniment-artistic-la-tulcea-expozitie-de-arta-fotografica-autor-regizorul-dan-mihalcea\/&#8221;]<\/p>\n","protected":false},"excerpt":{"rendered":"<p>[analyse_image type=&#8221;featured&#8221; src=&#8221;https:\/\/infotulcea.ro\/wp-content\/uploads\/2026\/08\/Afis_Cum-respira-pamantul_Dan-Mihalcea_resized.jpghttps:\/\/infotulcea.ro\/wp-content\/uploads\/2026\/08\/Afis_Cum-respira-pamantul_Dan-Mihalcea_resized.jpg&#8221;] Home\/Evenimente\/EVENIMENT ARTISTIC LA TULCEA \u2013 EXPOZI\u021aIE DE ART\u0102 FOTOGRAFIC\u0102 AUTOR, REGIZORUL DAN MIHALCEA Evenimente EVENIMENT ARTISTIC LA TULCEA \u2013 EXPOZI\u021aIE DE ART\u0102 FOTOGRAFIC\u0102 AUTOR, REGIZORUL DAN MIHALCEA Redactia20 august 2026 0 507 4 minutes read Al 44-lea vernisaj al expozi\u021biei itinerante de fotografie CUM RESPIR\u0102 P\u0102M\u00c2NTUL Expozi\u021bia personal\u0103 itinerant\u0103 de fotografie CUM [&hellip;]<\/p>\n","protected":false},"author":1,"featured_media":0,"comment_status":"open","ping_status":"","sticky":false,"template":"","format":"standard","meta":{"footnotes":""},"categories":[89],"tags":[226,221],"class_list":["post-2111535","post","type-post","status-publish","format-standard","hentry","category-romania","tag-crawlmanager","tag-infotulcea-ro"],"_links":{"self":[{"href":"https:\/\/analyse.optim.biz\/index.php?rest_route=\/wp\/v2\/posts\/2111535","targetHints":{"allow":["GET"]}}],"collection":[{"href":"https:\/\/analyse.optim.biz\/index.php?rest_route=\/wp\/v2\/posts"}],"about":[{"href":"https:\/\/analyse.optim.biz\/index.php?rest_route=\/wp\/v2\/types\/post"}],"author":[{"embeddable":true,"href":"https:\/\/analyse.optim.biz\/index.php?rest_route=\/wp\/v2\/users\/1"}],"replies":[{"embeddable":true,"href":"https:\/\/analyse.optim.biz\/index.php?rest_route=%2Fwp%2Fv2%2Fcomments&post=2111535"}],"version-history":[{"count":0,"href":"https:\/\/analyse.optim.biz\/index.php?rest_route=\/wp\/v2\/posts\/2111535\/revisions"}],"wp:attachment":[{"href":"https:\/\/analyse.optim.biz\/index.php?rest_route=%2Fwp%2Fv2%2Fmedia&parent=2111535"}],"wp:term":[{"taxonomy":"category","embeddable":true,"href":"https:\/\/analyse.optim.biz\/index.php?rest_route=%2Fwp%2Fv2%2Fcategories&post=2111535"},{"taxonomy":"post_tag","embeddable":true,"href":"https:\/\/analyse.optim.biz\/index.php?rest_route=%2Fwp%2Fv2%2Ftags&post=2111535"}],"curies":[{"name":"wp","href":"https:\/\/api.w.org\/{rel}","templated":true}]}}