{"id":2111534,"date":"2026-08-18T11:05:19","date_gmt":"2026-08-18T08:05:19","guid":{"rendered":"https:\/\/analyse.optim.biz\/?p=2111534"},"modified":"2026-08-18T11:05:19","modified_gmt":"2026-08-18T08:05:19","slug":"noaptea-campionilor-vine-la-tulcea","status":"publish","type":"post","link":"https:\/\/analyse.optim.biz\/?p=2111534","title":{"rendered":"Noaptea Campionilor! vine la Tulcea!"},"content":{"rendered":"<p>[analyse_image type=&#8221;featured&#8221; src=&#8221;https:\/\/infotulcea.ro\/wp-content\/uploads\/2026\/08\/afis-efc.jpeghttps:\/\/infotulcea.ro\/wp-content\/uploads\/2026\/08\/afis-efc.jpeg&#8221;]<\/p>\n<div id=\"content\" class=\"site-content container\">\n<div id=\"main-content-row\" class=\"tie-row main-content-row\">\n<div class=\"main-content tie-col-md-8 tie-col-xs-12\" role=\"main\">\n<article id=\"the-post\" class=\"container-wrapper post-content tie-standard\">\n<header class=\"entry-header-outer\">\n<nav id=\"breadcrumb\"><a href=\"https:\/\/infotulcea.ro\/\"> Home<\/a><em class=\"delimiter\">\/<\/em><a href=\"https:\/\/infotulcea.ro\/categorie\/spectacole\/\">Evenimente<\/a><em class=\"delimiter\">\/<\/em><span class=\"current\">Noaptea Campionilor! vine la Tulcea!<\/span><\/nav>\n<div class=\"entry-header\"><span class=\"post-cat-wrap\"><a class=\"post-cat tie-cat-68\" href=\"https:\/\/infotulcea.ro\/categorie\/spectacole\/\">Evenimente<\/a><\/span><\/p>\n<h1 class=\"post-title entry-title\">\n\t\t\tNoaptea Campionilor! vine la Tulcea!\t\t<\/h1>\n<div class=\"single-post-meta post-meta clearfix\"><span class=\"author-meta single-author no-avatars\"><span class=\"meta-item meta-author-wrapper meta-author-9\"><span class=\"meta-author\"><a href=\"https:\/\/infotulcea.ro\/author\/redactia-2\/\" class=\"author-name tie-icon\" title=\"Redactia\">Redactia<\/a><\/span><\/span><\/span><span class=\"date meta-item tie-icon\">18 august 2026<\/span><\/p>\n<div class=\"tie-alignright\"><span class=\"meta-comment tie-icon meta-item fa-before\">0<\/span><span class=\"meta-views meta-item \"> 313 <\/span><span class=\"meta-reading-time meta-item\"> 1 minute read<\/span><\/div>\n<\/div>\n<\/div>\n<\/header>\n<div class=\"entry-content entry clearfix\">\n<p><strong>\u00a0Dup\u0103 ce am f\u0103cut istorie cu baschetul, nu l\u0103s\u0103m Danubius Arena s\u0103 se<\/strong><br \/><strong>odihneasc\u0103! Astfel, cea mai nou\u0103 \u0219i frumoas\u0103 aren\u0103 polivalent\u0103 din estul<\/strong><br \/><strong>Rom\u00e2niei va g\u0103zdui, pe data de 2 octombrie 2026, cea de-a patra edi\u021bie a Elite<\/strong><br \/><strong>Fighting Championship | Noaptea Campionilor!. Evenimentul va reuni<\/strong><br \/><strong>lupt\u0103tori din Spania, Brazilia, Maroc, Bulgaria \u0219i Rom\u00e2nia.<\/strong><br \/>\nCa o premier\u0103, PRIMA CENTUR\u0102 E.F.C. va fi pus\u0103 \u00een joc \u00eentr-o<br \/>\npiramid\u0103 spectaculoas\u0103 de patru lupt\u0103tori: Vlad Trif \u2013 Deva. \u0218tefan Vr\u00e2nceanu \u2013<br \/>\nBr\u0103ila, David Iordache \u2013 Constan\u021ba \u0219i Cezar Mihalcu\u021b \u2013 Ia\u0219i.<br \/>\nEvenimentul principal \u00eel constituie evolu\u021bia la E.F.C. a lui Cosmin<source sizes=\"(max-width: 319px) 100vw, 319px\" type=\"image\/webp\" data-srcset=\"https:\/\/infotulcea.ro\/wp-content\/uploads\/2026\/08\/afis-efc-376x500.jpeg.webp 376w, https:\/\/infotulcea.ro\/wp-content\/uploads\/2026\/08\/afis-efc-770x1024.jpeg.webp 770w, https:\/\/infotulcea.ro\/wp-content\/uploads\/2026\/08\/afis-efc-768x1022.jpeg.webp 768w, https:\/\/infotulcea.ro\/wp-content\/uploads\/2026\/08\/afis-efc.jpeg.webp 1080w\" \/><\/p>\n<p><img loading=\"lazy\" decoding=\"async\" class=\" wp-image-40419 alignright\" src=\"https:\/\/infotulcea.ro\/wp-content\/uploads\/2026\/08\/afis-efc-376x500.jpeg\" alt width=\"319\" height=\"424\"><br \/>\nBrum\u0103, campion mondial Fight Clubbing \u0219i campion european WKN!<br \/>\nPe card \u00eei vom vedea \u0219i pe Marian L\u0103pu\u0219neanu, Rodrigo Mineiro, Radu<br \/>\nMedeleanu, Paul Danci, \u0218erban Teodor \u0219i mul\u021bi al\u021bi lupt\u0103tori, plus dou\u0103 meciuri<br \/>\nde calificare Road to Fight Clubbing.<br \/>\nCu acela\u0219i prilej, pe arena din Tulcea revin meciurile de Kyokushin<br \/>\nKarate, iar \u00een ring intr\u0103 \u0219i Albert P\u0103nu\u021b\u0103, de patru ori campion european, de<br \/>\ndou\u0103 ori campion balcanic, vicecampion mondial la Kumite \u0219i campion mondial<br \/>\nla Kata, multiplu medaliat na\u021bional \u0219i interna\u021bional. Sportivul care a dus Tulcea<br \/>\npe cele mai \u00eenalte podumiuri revine \u00een ring, av\u00e2nd deja o victorie \u00een promo\u021bia<br \/>\nE.F.C.<br \/>\nElite Fighting Championship este o promo\u021bie de arte mar\u021biale \u0219i<br \/>\nkickboxing, fondat\u0103 de lupt\u0103torul const\u0103n\u021bean Alex Filip. Promo\u021bia const\u0103n\u021bean\u0103<br \/>\norganizeaz\u0103 gale profesoniste de kickboxing \u0219i concursuri pentru amatori.<br \/>\nCompeti\u021bia din 2 octombrie de la Tulcea va fi transmis\u0103 live pe Digi<br \/>\nSport \u0219i Sporteo TV.<br \/>\nBiletele sunt disponibile pe www.elitefc.ro\n<\/div>\n<div id=\"post-extra-info\">\n<div class=\"theiaStickySidebar\">\n<div class=\"single-post-meta post-meta clearfix\"><span class=\"author-meta single-author no-avatars\"><span class=\"meta-item meta-author-wrapper meta-author-9\"><span class=\"meta-author\"><a href=\"https:\/\/infotulcea.ro\/author\/redactia-2\/\" class=\"author-name tie-icon\" title=\"Redactia\">Redactia<\/a><\/span><\/span><\/span><span class=\"date meta-item tie-icon\">18 august 2026<\/span><\/p>\n<div class=\"tie-alignright\"><span class=\"meta-comment tie-icon meta-item fa-before\">0<\/span><span class=\"meta-views meta-item \"> 313 <\/span><span class=\"meta-reading-time meta-item\"> 1 minute read<\/span><\/div>\n<\/div>\n<\/div>\n<\/div>\n<div id=\"share-buttons-bottom\" class=\"share-buttons share-buttons-bottom\">\n<div class=\"share-links  icons-only\">\n<div class=\"share-title\"><span> Share<\/span><\/div>\n<p><a href=\"https:\/\/www.facebook.com\/sharer.php?u=https:\/\/infotulcea.ro\/noaptea-campionilor-vine-la-tulcea\/\" rel=\"external noopener nofollow\" title=\"Facebook\" target=\"_blank\" class=\"facebook-share-btn \" data-raw=\"https:\/\/www.facebook.com\/sharer.php?u={post_link}\"><span class=\"screen-reader-text\">Facebook<\/span><\/a><a href=\"https:\/\/twitter.com\/intent\/tweet?text=Noaptea%20Campionilor%21%20vine%20la%20Tulcea%21&amp;url=https:\/\/infotulcea.ro\/noaptea-campionilor-vine-la-tulcea\/\" rel=\"external noopener nofollow\" title=\"X\" target=\"_blank\" class=\"twitter-share-btn \" data-raw=\"https:\/\/twitter.com\/intent\/tweet?text={post_title}&amp;url={post_link}\"><span class=\"screen-reader-text\">X<\/span><\/a><a href=\"https:\/\/api.whatsapp.com\/send?text=Noaptea%20Campionilor%21%20vine%20la%20Tulcea%21%20https:\/\/infotulcea.ro\/noaptea-campionilor-vine-la-tulcea\/\" rel=\"external noopener nofollow\" title=\"WhatsApp\" target=\"_blank\" class=\"whatsapp-share-btn \" data-raw=\"https:\/\/api.whatsapp.com\/send?text={post_title}%20{post_link}\"><span class=\"screen-reader-text\">WhatsApp<\/span><\/a><a href=\"https:\/\/telegram.me\/share\/url?url=https:\/\/infotulcea.ro\/noaptea-campionilor-vine-la-tulcea\/&amp;text=Noaptea%20Campionilor%21%20vine%20la%20Tulcea%21\" rel=\"external noopener nofollow\" title=\"Telegram\" target=\"_blank\" class=\"telegram-share-btn \" data-raw=\"https:\/\/telegram.me\/share\/url?url={post_link}&amp;text={post_title}\"><span class=\"screen-reader-text\">Telegram<\/span><\/a><a href=\"mailto:?subject=Noaptea%20Campionilor%21%20vine%20la%20Tulcea%21&amp;body=https:\/\/infotulcea.ro\/noaptea-campionilor-vine-la-tulcea\/\" rel=\"external noopener nofollow\" title=\"Share via Email\" target=\"_blank\" class=\"email-share-btn \" data-raw=\"mailto:?subject={post_title}&amp;body={post_link}\"><span class=\"screen-reader-text\">Share via Email<\/span><\/a><a href=\"https:\/\/infotulcea.ro\/noaptea-campionilor-vine-la-tulcea\/\" rel=\"external noopener nofollow\" title=\"Print\" target=\"_blank\" class=\"print-share-btn \" data-raw=\"#\"><span class=\"screen-reader-text\">Print<\/span><\/a><\/div>\n<\/div>\n<\/article>\n<div class=\"post-components\">\n<div id=\"related-posts\" class=\"container-wrapper has-extra-post\">\n<div class=\"mag-box-title the-global-title\">\n<h3>Related Articles<\/h3>\n<\/div>\n<div class=\"related-posts-list\">\n<div class=\"related-item tie-standard\"><a aria-label=\"Focus Ucraina: \u201eMARIUPOLIS 2\u201d deschide Festivalul ANONIMUL 2022!\" href=\"https:\/\/infotulcea.ro\/focus-ucraina-mariupolis-2-deschide-festivalul-anonimul-2022\/\" class=\"post-thumb\"><img loading=\"lazy\" decoding=\"async\" width=\"390\" height=\"220\" src=\"https:\/\/infotulcea.ro\/wp-content\/uploads\/2022\/08\/afis-mariupolis-390x220.jpg\" class=\"attachment-jannah-image-large size-jannah-image-large wp-post-image lazyload\" alt><img loading=\"lazy\" decoding=\"async\" width=\"390\" height=\"220\" src=\"https:\/\/infotulcea.ro\/wp-content\/uploads\/2022\/08\/afis-mariupolis-390x220.jpg\" class=\"attachment-jannah-image-large size-jannah-image-large wp-post-image\" alt><\/a><\/p>\n<h3 class=\"post-title\"><a href=\"https:\/\/infotulcea.ro\/focus-ucraina-mariupolis-2-deschide-festivalul-anonimul-2022\/\">Focus Ucraina: \u201eMARIUPOLIS 2\u201d deschide Festivalul ANONIMUL 2022!<\/a><\/h3>\n<div class=\"post-meta clearfix\"><span class=\"date meta-item tie-icon\">1 august 2022<\/span><\/div>\n<\/div>\n<div class=\"related-item tie-standard\"><a aria-label=\"C\u0103ru\u021b\u0103 f\u0103cut\u0103 praf pe un drum jude\u021bean aproape de Niculi\u021bel\" href=\"https:\/\/infotulcea.ro\/caruta-facuta-praf-pe-un-drum-judetean-aproape-de-niculitel\/\" class=\"post-thumb\"><source type=\"image\/webp\" data-srcset=\"https:\/\/infotulcea.ro\/wp-content\/uploads\/2020\/06\/foto-Niculitel-390x220.jpg.webp\" \/><img loading=\"lazy\" decoding=\"async\" width=\"390\" height=\"220\" src=\"https:\/\/infotulcea.ro\/wp-content\/uploads\/2020\/06\/foto-Niculitel-390x220.jpg\" class=\"attachment-jannah-image-large size-jannah-image-large wp-post-image\" alt><\/a><\/p>\n<h3 class=\"post-title\"><a href=\"https:\/\/infotulcea.ro\/caruta-facuta-praf-pe-un-drum-judetean-aproape-de-niculitel\/\">C\u0103ru\u021b\u0103 f\u0103cut\u0103 praf pe un drum jude\u021bean aproape de Niculi\u021bel<\/a><\/h3>\n<div class=\"post-meta clearfix\"><span class=\"date meta-item tie-icon\">4 iunie 2020<\/span><\/div>\n<\/div>\n<div class=\"related-item tie-standard\"><a aria-label=\"Festivalul Bor\u0219ului Lipovenesc de Jurilovca:  De la Gipsy Kings la Irina Rimes \u0219i Damian &amp; Brothers, c\u0103l\u0103torie muzical\u0103 din sudul Fran\u021bei \u00een sud-estul Rom\u00e2niei\" href=\"https:\/\/infotulcea.ro\/festivalul-borsului-lipovenesc-de-jurilovca-de-la-gipsy-kings-la-irina-rimes-si-damian-brothers-calatorie-muzicala-din-sudul-frantei-in-sud-estul-romaniei\/\" class=\"post-thumb\"><source type=\"image\/webp\" data-srcset=\"https:\/\/infotulcea.ro\/wp-content\/uploads\/2024\/09\/Afis_1080-390x220.jpg.webp\" \/><img loading=\"lazy\" decoding=\"async\" width=\"390\" height=\"220\" src=\"https:\/\/infotulcea.ro\/wp-content\/uploads\/2024\/09\/Afis_1080-390x220.jpg\" class=\"attachment-jannah-image-large size-jannah-image-large wp-post-image\" alt><\/a><\/p>\n<h3 class=\"post-title\"><a href=\"https:\/\/infotulcea.ro\/festivalul-borsului-lipovenesc-de-jurilovca-de-la-gipsy-kings-la-irina-rimes-si-damian-brothers-calatorie-muzicala-din-sudul-frantei-in-sud-estul-romaniei\/\">Festivalul Bor\u0219ului Lipovenesc de Jurilovca:  De la Gipsy Kings la Irina Rimes \u0219i Damian &amp; Brothers, c\u0103l\u0103torie muzical\u0103 din sudul Fran\u021bei \u00een sud-estul Rom\u00e2niei<\/a><\/h3>\n<div class=\"post-meta clearfix\"><span class=\"date meta-item tie-icon\">17 septembrie 2024<\/span><\/div>\n<\/div>\n<div class=\"related-item tie-standard\"><a aria-label=\"Stand-up cu patru nume puternice la Teatrul Jean Bart din Tulcea\" href=\"https:\/\/infotulcea.ro\/stand-up-cu-patru-nume-puternice-la-teatrul-jean-bart-din-tulcea\/\" class=\"post-thumb\"><source sizes=\"(max-width: 390px) 100vw, 390px\" type=\"image\/webp\" data-srcset=\"https:\/\/infotulcea.ro\/wp-content\/uploads\/2025\/12\/scos-din-minti-390x220.jpg.webp 390w, https:\/\/infotulcea.ro\/wp-content\/uploads\/2025\/12\/scos-din-minti-500x282.jpg.webp 500w, https:\/\/infotulcea.ro\/wp-content\/uploads\/2025\/12\/scos-din-minti-768x432.jpg.webp 768w, https:\/\/infotulcea.ro\/wp-content\/uploads\/2025\/12\/scos-din-minti.jpg.webp 1000w\" \/><img loading=\"lazy\" decoding=\"async\" width=\"390\" height=\"220\" src=\"https:\/\/infotulcea.ro\/wp-content\/uploads\/2025\/12\/scos-din-minti-390x220.jpg\" class=\"attachment-jannah-image-large size-jannah-image-large wp-post-image\" alt><\/a><\/p>\n<h3 class=\"post-title\"><a href=\"https:\/\/infotulcea.ro\/stand-up-cu-patru-nume-puternice-la-teatrul-jean-bart-din-tulcea\/\">Stand-up cu patru nume puternice la Teatrul Jean Bart din Tulcea<\/a><\/h3>\n<div class=\"post-meta clearfix\"><span class=\"date meta-item tie-icon\">3 decembrie 2025<\/span><\/div>\n<\/div>\n<\/div>\n<\/div>\n<div id=\"comments\" class=\"comments-area\">\n<div id=\"add-comment-block\" class=\"container-wrapper\">\n<div id=\"respond\" class=\"comment-respond\">\n<h3 id=\"reply-title\" class=\"comment-reply-title the-global-title\">Las\u0103 un r\u0103spuns <small><a rel=\"nofollow\" id=\"cancel-comment-reply-link\" href=\"https:\/\/infotulcea.ro\/noaptea-campionilor-vine-la-tulcea\/#respond\">Anuleaz\u0103 r\u0103spunsul<\/a><\/small><\/h3>\n<p class=\"comment-notes\"><span id=\"email-notes\">Adresa ta de email nu va fi publicat\u0103.<\/span><span class=\"required-field-message\">C\u00e2mpurile obligatorii sunt marcate cu <span class=\"required\">*<\/span><\/span><\/p>\n<\/div>\n<\/div>\n<\/div>\n<\/div>\n<\/div>\n<div id=\"check-also-box\" class=\"container-wrapper check-also-right\">\n<div class=\"widget-title the-global-title\">\n<div class=\"the-subtitle\">Check Also<\/div>\n<p><a href=\"https:\/\/infotulcea.ro\/noaptea-campionilor-vine-la-tulcea\/\" id=\"check-also-close\" class=\"remove\"><span class=\"screen-reader-text\">Close<\/span><\/a><\/div>\n<div class=\"widget posts-list-big-first has-first-big-post\">\n<ul class=\"posts-list-items\">\n<li class=\"widget-single-post-item widget-post-list tie-standard\">\n<div class=\"post-widget-thumbnail\"><a aria-label=\"INCDDD Tulcea a fost gazda celui de-al 32 \u2013 lea Simpozion Interna\u0163ional \u201cDeltas &amp; Wetlands\u201d!\" href=\"https:\/\/infotulcea.ro\/incddd-tulcea-a-fost-gazda-celui-de-al-32-lea-simpozion-international-deltas-wetlands\/\" class=\"post-thumb\"><span class=\"post-cat-wrap\"><span class=\"post-cat tie-cat-68\">Evenimente<\/span><\/span><source type=\"image\/webp\" data-srcset=\"https:\/\/infotulcea.ro\/wp-content\/uploads\/2025\/05\/ReBORN1-390x220.jpg.webp\" \/><img loading=\"lazy\" decoding=\"async\" width=\"390\" height=\"220\" src=\"https:\/\/infotulcea.ro\/wp-content\/uploads\/2025\/05\/ReBORN1-390x220.jpg\" class=\"attachment-jannah-image-large size-jannah-image-large wp-post-image\" alt><\/a><\/div>\n<div class=\"post-widget-body \"><a class=\"post-title the-subtitle\" href=\"https:\/\/infotulcea.ro\/incddd-tulcea-a-fost-gazda-celui-de-al-32-lea-simpozion-international-deltas-wetlands\/\">INCDDD Tulcea a fost gazda celui de-al 32 \u2013 lea Simpozion Interna\u0163ional \u201cDeltas &amp; Wetlands\u201d!<\/a><\/p>\n<div class=\"post-meta\"><span class=\"date meta-item tie-icon\">19 mai 2025<\/span><\/div>\n<\/div>\n<\/li>\n<\/ul>\n<\/div>\n<\/div>\n<aside class=\"sidebar tie-col-md-4 tie-col-xs-12 normal-side is-sticky\" aria-label=\"Primary Sidebar\">\n<div class=\"theiaStickySidebar\">\n<div id=\"media_image-19\" class=\"container-wrapper widget widget_media_image\"><a href=\"https:\/\/infotulcea.ro\/delta-dunarii-mai-accesibila-navrom-delta-creste-numarul-curselor-regulate-de-la-1-mai-2025\/\"><source sizes=\"(max-width: 500px) 100vw, 500px\" type=\"image\/webp\" data-srcset=\"https:\/\/infotulcea.ro\/wp-content\/uploads\/2025\/04\/navrom-delta-500x271.jpg.webp 500w, https:\/\/infotulcea.ro\/wp-content\/uploads\/2025\/04\/navrom-delta-1024x555.jpg.webp 1024w, https:\/\/infotulcea.ro\/wp-content\/uploads\/2025\/04\/navrom-delta-768x416.jpg.webp 768w, https:\/\/infotulcea.ro\/wp-content\/uploads\/2025\/04\/navrom-delta.jpg.webp 1080w\" \/><img loading=\"lazy\" decoding=\"async\" width=\"500\" height=\"271\" src=\"https:\/\/infotulcea.ro\/wp-content\/uploads\/2025\/04\/navrom-delta-500x271.jpg\" class=\"image wp-image-34487  attachment-medium size-medium\" alt><\/a><\/div>\n<div id=\"media_image-17\" class=\"container-wrapper widget widget_media_image\"><a href=\"https:\/\/www.facebook.com\/share\/p\/1DGAD1tLWN\/?mibextid=wwXIfr\" target=\"_blank\"><source sizes=\"(max-width: 500px) 100vw, 500px\" type=\"image\/webp\" data-srcset=\"https:\/\/infotulcea.ro\/wp-content\/uploads\/2026\/01\/IMG_1563-500x500.jpeg.webp 500w, https:\/\/infotulcea.ro\/wp-content\/uploads\/2026\/01\/IMG_1563-1024x1024.jpeg.webp 1024w, https:\/\/infotulcea.ro\/wp-content\/uploads\/2026\/01\/IMG_1563-250x250.jpeg.webp 250w, https:\/\/infotulcea.ro\/wp-content\/uploads\/2026\/01\/IMG_1563-768x768.jpeg.webp 768w, https:\/\/infotulcea.ro\/wp-content\/uploads\/2026\/01\/IMG_1563.jpeg.webp 1080w\" \/><img loading=\"lazy\" decoding=\"async\" width=\"500\" height=\"500\" src=\"https:\/\/infotulcea.ro\/wp-content\/uploads\/2026\/01\/IMG_1563-500x500.jpeg\" class=\"image wp-image-37932  attachment-medium size-medium\" alt title=\"Centrale pe lemne\"><\/a><\/div>\n<div id=\"media_image-18\" class=\"container-wrapper widget widget_media_image\"><a href=\"https:\/\/www.licitatia.ro\/site\/index-guest\"><img loading=\"lazy\" decoding=\"async\" width=\"500\" height=\"262\" src=\"https:\/\/infotulcea.ro\/wp-content\/uploads\/2025\/09\/licitatia-500x262.png\" class=\"image wp-image-36670  attachment-medium size-medium lazyload\" alt data-max-width=\"500\"><img loading=\"lazy\" decoding=\"async\" width=\"500\" height=\"262\" src=\"https:\/\/infotulcea.ro\/wp-content\/uploads\/2025\/09\/licitatia-500x262.png\" class=\"image wp-image-36670  attachment-medium size-medium\" alt><\/a><\/div>\n<div id=\"media_image-27\" class=\"container-wrapper widget widget_media_image\"><a href=\"https:\/\/www.centrale-lemne-liepsnele.ro\/\"><img loading=\"lazy\" decoding=\"async\" width=\"500\" height=\"500\" src=\"https:\/\/infotulcea.ro\/wp-content\/uploads\/2025\/09\/Centrale-pe-Lemne-Liepsnele-500x500.png\" class=\"image wp-image-36541  attachment-medium size-medium lazyload\" alt=\"Centrala pe lemne\" data-max-width=\"500\"><img loading=\"lazy\" decoding=\"async\" width=\"500\" height=\"500\" src=\"https:\/\/infotulcea.ro\/wp-content\/uploads\/2025\/09\/Centrale-pe-Lemne-Liepsnele-500x500.png\" class=\"image wp-image-36541  attachment-medium size-medium\" alt=\"Centrala pe lemne\"><\/a><\/div>\n<div id=\"media_image-28\" class=\"container-wrapper widget widget_media_image\"><a href=\"https:\/\/infotulcea.ro\/angajeaza-te-ro-platforma-ta-online-de-angajari-si-forta-de-munca\/\"><source sizes=\"(max-width: 500px) 100vw, 500px\" type=\"image\/webp\" data-srcset=\"https:\/\/infotulcea.ro\/wp-content\/uploads\/2025\/04\/banner-angajazate-1-500x305.jpg.webp 500w, https:\/\/infotulcea.ro\/wp-content\/uploads\/2025\/04\/banner-angajazate-1-1024x625.jpg.webp 1024w, https:\/\/infotulcea.ro\/wp-content\/uploads\/2025\/04\/banner-angajazate-1-768x469.jpg.webp 768w, https:\/\/infotulcea.ro\/wp-content\/uploads\/2025\/04\/banner-angajazate-1.jpg.webp 1080w\" \/><img loading=\"lazy\" decoding=\"async\" width=\"500\" height=\"305\" src=\"https:\/\/infotulcea.ro\/wp-content\/uploads\/2025\/04\/banner-angajazate-1-500x305.jpg\" class=\"image wp-image-34317  attachment-medium size-medium\" alt><\/a><\/div>\n<\/div>\n<\/aside>\n<\/div>\n<\/div>\n<div class=\"entry-content entry clearfix\">\n<p><strong>\u00a0Dup\u0103 ce am f\u0103cut istorie cu baschetul, nu l\u0103s\u0103m Danubius Arena s\u0103 se<\/strong><br \/><strong>odihneasc\u0103! Astfel, cea mai nou\u0103 \u0219i frumoas\u0103 aren\u0103 polivalent\u0103 din estul<\/strong><br \/><strong>Rom\u00e2niei va g\u0103zdui, pe data de 2 octombrie 2026, cea de-a patra edi\u021bie a Elite<\/strong><br \/><strong>Fighting Championship | Noaptea Campionilor!. Evenimentul va reuni<\/strong><br \/><strong>lupt\u0103tori din Spania, Brazilia, Maroc, Bulgaria \u0219i Rom\u00e2nia.<\/strong><br \/>\nCa o premier\u0103, PRIMA CENTUR\u0102 E.F.C. va fi pus\u0103 \u00een joc \u00eentr-o<br \/>\npiramid\u0103 spectaculoas\u0103 de patru lupt\u0103tori: Vlad Trif \u2013 Deva. \u0218tefan Vr\u00e2nceanu \u2013<br \/>\nBr\u0103ila, David Iordache \u2013 Constan\u021ba \u0219i Cezar Mihalcu\u021b \u2013 Ia\u0219i.<br \/>\nEvenimentul principal \u00eel constituie evolu\u021bia la E.F.C. a lui Cosmin<source sizes=\"(max-width: 319px) 100vw, 319px\" type=\"image\/webp\" data-srcset=\"https:\/\/infotulcea.ro\/wp-content\/uploads\/2026\/08\/afis-efc-376x500.jpeg.webp 376w, https:\/\/infotulcea.ro\/wp-content\/uploads\/2026\/08\/afis-efc-770x1024.jpeg.webp 770w, https:\/\/infotulcea.ro\/wp-content\/uploads\/2026\/08\/afis-efc-768x1022.jpeg.webp 768w, https:\/\/infotulcea.ro\/wp-content\/uploads\/2026\/08\/afis-efc.jpeg.webp 1080w\" \/><\/p>\n<p><img loading=\"lazy\" decoding=\"async\" class=\" wp-image-40419 alignright\" src=\"https:\/\/infotulcea.ro\/wp-content\/uploads\/2026\/08\/afis-efc-376x500.jpeg\" alt width=\"319\" height=\"424\"><br \/>\nBrum\u0103, campion mondial Fight Clubbing \u0219i campion european WKN!<br \/>\nPe card \u00eei vom vedea \u0219i pe Marian L\u0103pu\u0219neanu, Rodrigo Mineiro, Radu<br \/>\nMedeleanu, Paul Danci, \u0218erban Teodor \u0219i mul\u021bi al\u021bi lupt\u0103tori, plus dou\u0103 meciuri<br \/>\nde calificare Road to Fight Clubbing.<br \/>\nCu acela\u0219i prilej, pe arena din Tulcea revin meciurile de Kyokushin<br \/>\nKarate, iar \u00een ring intr\u0103 \u0219i Albert P\u0103nu\u021b\u0103, de patru ori campion european, de<br \/>\ndou\u0103 ori campion balcanic, vicecampion mondial la Kumite \u0219i campion mondial<br \/>\nla Kata, multiplu medaliat na\u021bional \u0219i interna\u021bional. Sportivul care a dus Tulcea<br \/>\npe cele mai \u00eenalte podumiuri revine \u00een ring, av\u00e2nd deja o victorie \u00een promo\u021bia<br \/>\nE.F.C.<br \/>\nElite Fighting Championship este o promo\u021bie de arte mar\u021biale \u0219i<br \/>\nkickboxing, fondat\u0103 de lupt\u0103torul const\u0103n\u021bean Alex Filip. Promo\u021bia const\u0103n\u021bean\u0103<br \/>\norganizeaz\u0103 gale profesoniste de kickboxing \u0219i concursuri pentru amatori.<br \/>\nCompeti\u021bia din 2 octombrie de la Tulcea va fi transmis\u0103 live pe Digi<br \/>\nSport \u0219i Sporteo TV.<br \/>\nBiletele sunt disponibile pe www.elitefc.ro\n<\/div>\n<div class=\"articleBody\" data-key=\"articleBody\">\u00a0Dup\u0103 ce am f\u0103cut istorie cu baschetul, nu l\u0103s\u0103m Danubius Arena s\u0103 se<br \/>\nodihneasc\u0103! Astfel, cea mai nou\u0103 \u0219i frumoas\u0103 aren\u0103 polivalent\u0103 din estul<br \/>\nRom\u00e2niei va g\u0103zdui, pe data de 2 octombrie 2026, cea de-a patra edi\u021bie a Elite<br \/>\nFighting Championship | Noaptea Campionilor!. Evenimentul va reuni<br \/>\nlupt\u0103tori din Spania, Brazilia, Maroc, Bulgaria \u0219i Rom\u00e2nia.<br \/>\nCa o premier\u0103, PRIMA CENTUR\u0102 E.F.C. va fi pus\u0103 \u00een joc \u00eentr-o<br \/>\npiramid\u0103 spectaculoas\u0103 de patru lupt\u0103tori: Vlad Trif \u2013 Deva. \u0218tefan Vr\u00e2nceanu \u2013<br \/>\nBr\u0103ila, David Iordache \u2013 Constan\u021ba \u0219i Cezar Mihalcu\u021b \u2013 Ia\u0219i.<br \/>\nEvenimentul principal \u00eel constituie evolu\u021bia la E.F.C. a lui Cosmin<br \/>\nBrum\u0103, campion mondial Fight Clubbing \u0219i campion european WKN!<br \/>\nPe card \u00eei vom vedea \u0219i pe Marian L\u0103pu\u0219neanu, Rodrigo Mineiro, Radu<br \/>\nMedeleanu, Paul Danci, \u0218erban Teodor \u0219i mul\u021bi al\u021bi lupt\u0103tori, plus dou\u0103 meciuri<br \/>\nde calificare Road to Fight Clubbing.<br \/>\nCu acela\u0219i prilej, pe arena din Tulcea revin meciurile de Kyokushin<br \/>\nKarate, iar \u00een ring intr\u0103 \u0219i Albert P\u0103nu\u021b\u0103, de patru ori campion european, de<br \/>\ndou\u0103 ori campion balcanic, vicecampion mondial la Kumite \u0219i campion mondial<br \/>\nla Kata, multiplu medaliat na\u021bional \u0219i interna\u021bional. Sportivul care a dus Tulcea<br \/>\npe cele mai \u00eenalte podumiuri revine \u00een ring, av\u00e2nd deja o victorie \u00een promo\u021bia<br \/>\nE.F.C.<br \/>\nElite Fighting Championship este o promo\u021bie de arte mar\u021biale \u0219i<br \/>\nkickboxing, fondat\u0103 de lupt\u0103torul const\u0103n\u021bean Alex Filip. Promo\u021bia const\u0103n\u021bean\u0103<br \/>\norganizeaz\u0103 gale profesoniste de kickboxing \u0219i concursuri pentru amatori.<br \/>\nCompeti\u021bia din 2 octombrie de la Tulcea va fi transmis\u0103 live pe Digi<br \/>\nSport \u0219i Sporteo TV.<br \/>\nBiletele sunt disponibile pe www.elitefc.ro<\/div>\n<p>[analyse_source url=&#8221;https:\/\/infotulcea.ro\/noaptea-campionilor-vine-la-tulcea\/&#8221;]<\/p>\n","protected":false},"excerpt":{"rendered":"<p>[analyse_image type=&#8221;featured&#8221; src=&#8221;https:\/\/infotulcea.ro\/wp-content\/uploads\/2026\/08\/afis-efc.jpeghttps:\/\/infotulcea.ro\/wp-content\/uploads\/2026\/08\/afis-efc.jpeg&#8221;] Home\/Evenimente\/Noaptea Campionilor! vine la Tulcea! Evenimente Noaptea Campionilor! vine la Tulcea! Redactia18 august 2026 0 313 1 minute read \u00a0Dup\u0103 ce am f\u0103cut istorie cu baschetul, nu l\u0103s\u0103m Danubius Arena s\u0103 seodihneasc\u0103! Astfel, cea mai nou\u0103 \u0219i frumoas\u0103 aren\u0103 polivalent\u0103 din estulRom\u00e2niei va g\u0103zdui, pe data de 2 octombrie 2026, cea de-a [&hellip;]<\/p>\n","protected":false},"author":1,"featured_media":0,"comment_status":"open","ping_status":"","sticky":false,"template":"","format":"standard","meta":{"footnotes":""},"categories":[89],"tags":[226,221],"class_list":["post-2111534","post","type-post","status-publish","format-standard","hentry","category-romania","tag-crawlmanager","tag-infotulcea-ro"],"_links":{"self":[{"href":"https:\/\/analyse.optim.biz\/index.php?rest_route=\/wp\/v2\/posts\/2111534","targetHints":{"allow":["GET"]}}],"collection":[{"href":"https:\/\/analyse.optim.biz\/index.php?rest_route=\/wp\/v2\/posts"}],"about":[{"href":"https:\/\/analyse.optim.biz\/index.php?rest_route=\/wp\/v2\/types\/post"}],"author":[{"embeddable":true,"href":"https:\/\/analyse.optim.biz\/index.php?rest_route=\/wp\/v2\/users\/1"}],"replies":[{"embeddable":true,"href":"https:\/\/analyse.optim.biz\/index.php?rest_route=%2Fwp%2Fv2%2Fcomments&post=2111534"}],"version-history":[{"count":0,"href":"https:\/\/analyse.optim.biz\/index.php?rest_route=\/wp\/v2\/posts\/2111534\/revisions"}],"wp:attachment":[{"href":"https:\/\/analyse.optim.biz\/index.php?rest_route=%2Fwp%2Fv2%2Fmedia&parent=2111534"}],"wp:term":[{"taxonomy":"category","embeddable":true,"href":"https:\/\/analyse.optim.biz\/index.php?rest_route=%2Fwp%2Fv2%2Fcategories&post=2111534"},{"taxonomy":"post_tag","embeddable":true,"href":"https:\/\/analyse.optim.biz\/index.php?rest_route=%2Fwp%2Fv2%2Ftags&post=2111534"}],"curies":[{"name":"wp","href":"https:\/\/api.w.org\/{rel}","templated":true}]}}