{"id":2111526,"date":"2026-08-25T07:34:46","date_gmt":"2026-08-25T04:34:46","guid":{"rendered":"https:\/\/analyse.optim.biz\/?p=2111526"},"modified":"2026-08-25T07:34:46","modified_gmt":"2026-08-25T04:34:46","slug":"dezastru-in-sudul-frantei-o-tornada-a-maturat-mai-multe-localitati-si-a-provocat-pagube-majore","status":"publish","type":"post","link":"https:\/\/analyse.optim.biz\/?p=2111526","title":{"rendered":"Dezastru \u00een sudul Fran\u021bei: o tornad\u0103 a m\u0103turat mai multe localit\u0103\u021bi \u0219i a provocat pagube majore"},"content":{"rendered":"<p>[analyse_image type=&#8221;featured&#8221; src=&#8221;https:\/\/renasterea.ro\/ro\/wp-content\/uploads\/2026\/08\/tornada.jpghttps:\/\/renasterea.ro\/ro\/wp-content\/uploads\/2026\/08\/tornada.jpg&#8221;]<\/p>\n<div class=\"entry-content\"><img loading=\"lazy\" decoding=\"async\" width=\"650\" height=\"432\" src=\"https:\/\/renasterea.ro\/ro\/wp-content\/uploads\/2026\/08\/tornada.jpg\" class=\"attachment-medium size-medium wp-post-image\" alt=\"Dezastru \u00een sudul Fran\u021bei: o tornad\u0103 a m\u0103turat mai multe localit\u0103\u021bi \u0219i a provocat pagube majore\" title=\"Dezastru \u00een sudul Fran\u021bei: o tornad\u0103 a m\u0103turat mai multe localit\u0103\u021bi \u0219i a provocat pagube majore 1\"><\/p>\n<h4>O tornad\u0103 puternic\u0103 a lovit luni dup\u0103-amiaz\u0103 departamentul Aude, \u00een sudul Fran\u021bei, provoc\u00e2nd r\u0103ni\u021bi \u0219i distrugeri importante. Localitatea Pomas, situat\u0103 \u00eentre Carcassonne \u0219i Limoux, se num\u0103r\u0103 printre cele mai grav afectate.<\/h4>\n<p>Fenomenul s-a produs \u00een jurul orei locale 17:20, \u00eentr-un moment \u00een care mai multe zone din sud-vestul Fran\u021bei se aflau sub avertizare portocalie de furtuni, relateaz\u0103 publica\u021bia Le Monde. Potrivit celui mai recent bilan\u021b transmis de autorit\u0103\u021bile locale, 41 de persoane au fost r\u0103nite, dintre care 15 au necesitat spitalizare. Aproximativ 300 de locuin\u021be au fost avariate.<\/p>\n<p>Printre victime se afl\u0103 \u0219i o femeie \u00eens\u0103rcinat\u0103, surprins\u0103 de pr\u0103bu\u0219irea unui zid al casei sale. Ea a fost scoas\u0103 dintre d\u0103r\u00e2m\u0103turi \u0219i transportat\u0103 la spital. Autorit\u0103\u021bile nu au oferit informa\u021bii privind starea f\u0103tului. Imaginile realizate dup\u0103 trecerea tornadei arat\u0103 numeroase cl\u0103diri cu acoperi\u0219urile smulse, copaci dobor\u00e2\u021bi \u0219i locuin\u021be grav afectate.<\/p>\n<h3>Peste 120 de pompieri, mobiliza\u021bi \u00een zon\u0103<\/h3>\n<p>Autorit\u0103\u021bile franceze au desf\u0103\u0219urat peste 120 de pompieri, iar echipe suplimentare din departamentele vecine urmau s\u0103 soseasc\u0103 pentru opera\u021biunile de interven\u021bie \u0219i securizare. Dou\u0103 centre de cazare temporar\u0103 au fost deschise pentru persoanele care nu se mai pot \u00eentoarce \u00een locuin\u021be, unul \u00een Pomas \u0219i altul \u00een Limoux.<\/p>\n<p>Jandarmeria a anun\u021bat patrule pe durata nop\u021bii, at\u00e2t pentru securizarea zonelor afectate, c\u00e2t \u0219i pentru prevenirea furturilor din casele r\u0103mase f\u0103r\u0103 acoperi\u0219uri sau cu pere\u021bii distru\u0219i.<\/p>\n<h3>Mii de gospod\u0103rii au r\u0103mas f\u0103r\u0103 electricitate<\/h3>\n<p>Furtunile severe au afectat \u0219i infrastructura din regiune. Mai multe drumuri departamentale au fost \u00eenchise dup\u0103 c\u0103derea copacilor, pentru a permite interven\u021bia echipelor de urgen\u021b\u0103. La ora 19:30, aproximativ 2.800 de gospod\u0103rii din mai multe localit\u0103\u021bi erau f\u0103r\u0103 energie electric\u0103. Operatorul Enedis a mobilizat echipe pentru remedierea avariilor.<\/p>\n<p>\u00cen Narbonne, alte imagini distribuite online au surprins str\u0103zi inundate dup\u0103 precipita\u021biile abundente.<\/p>\n<h3>Rafale de p\u00e2n\u0103 la 117 km\/h<\/h3>\n<p>M\u00e9t\u00e9o-France avertizase asupra riscului unor furtuni violente \u00een mai multe departamente. \u00cen intervalul 16:00-18:00, la Castelnaudary au fost \u00eenregistra\u021bi peste 30 de litri de precipita\u021bii pe metrul p\u0103trat \u00eentr-o singur\u0103 or\u0103. La Arquettes-en-Val, rafalele de v\u00e2nt au ajuns la 117 km\/h, iar la L\u00e9zignan-Corbi\u00e8res au fost m\u0103surate viteze de 106 km\/h.<\/p>\n<h2>CITE\u015eTE \u015eI: <span><a href=\"https:\/\/renasterea.ro\/toamna-cu-gust-de-vara-in-vestul-tarii-estimarile-anm-pentru-urmatoarele-patru-saptamani\/\">Toamn\u0103 cu gust de var\u0103 \u00een vestul \u021b\u0103rii. Estim\u0103rile ANM pentru urm\u0103toarele patru s\u0103pt\u0103m\u00e2ni<\/a><\/span><\/h2>\n<p>Vremea extrem\u0103 a afectat \u0219i Turul Spaniei. Etapa a treia, care pornise din Gruissan, \u00een Aude, a fost oprit\u0103 definitiv dup\u0103 o furtun\u0103 puternic\u0103 de grindin\u0103, care i-a obligat pe cicli\u0219ti s\u0103 se ad\u0103posteasc\u0103 \u00eenainte de sosire.<\/p>\n<p><em>(sursa:\u00a0<a href=\"https:\/\/mediafax.ro\/\" target=\"_blank\" rel=\"noopener\">Mediafax<\/a>)<\/em><\/p>\n<p><em>Sursa foto: NY Post<\/em><\/p>\n<\/div>\n<p>[analyse_source url=&#8221;https:\/\/renasterea.ro\/dezastru-in-sudul-frantei-o-tornada-a-maturat-mai-multe-localitati-si-a-provocat-pagube-majore\/&#8221;]<\/p>\n","protected":false},"excerpt":{"rendered":"<p>[analyse_image type=&#8221;featured&#8221; src=&#8221;https:\/\/renasterea.ro\/ro\/wp-content\/uploads\/2026\/08\/tornada.jpghttps:\/\/renasterea.ro\/ro\/wp-content\/uploads\/2026\/08\/tornada.jpg&#8221;] O tornad\u0103 puternic\u0103 a lovit luni dup\u0103-amiaz\u0103 departamentul Aude, \u00een sudul Fran\u021bei, provoc\u00e2nd r\u0103ni\u021bi \u0219i distrugeri importante. Localitatea Pomas, situat\u0103 \u00eentre Carcassonne \u0219i Limoux, se num\u0103r\u0103 printre cele mai grav afectate. Fenomenul s-a produs \u00een jurul orei locale 17:20, \u00eentr-un moment \u00een care mai multe zone din sud-vestul Fran\u021bei se aflau sub [&hellip;]<\/p>\n","protected":false},"author":1,"featured_media":0,"comment_status":"open","ping_status":"","sticky":false,"template":"","format":"standard","meta":{"footnotes":""},"categories":[89],"tags":[226,188],"class_list":["post-2111526","post","type-post","status-publish","format-standard","hentry","category-romania","tag-crawlmanager","tag-renasterea-ro"],"_links":{"self":[{"href":"https:\/\/analyse.optim.biz\/index.php?rest_route=\/wp\/v2\/posts\/2111526","targetHints":{"allow":["GET"]}}],"collection":[{"href":"https:\/\/analyse.optim.biz\/index.php?rest_route=\/wp\/v2\/posts"}],"about":[{"href":"https:\/\/analyse.optim.biz\/index.php?rest_route=\/wp\/v2\/types\/post"}],"author":[{"embeddable":true,"href":"https:\/\/analyse.optim.biz\/index.php?rest_route=\/wp\/v2\/users\/1"}],"replies":[{"embeddable":true,"href":"https:\/\/analyse.optim.biz\/index.php?rest_route=%2Fwp%2Fv2%2Fcomments&post=2111526"}],"version-history":[{"count":0,"href":"https:\/\/analyse.optim.biz\/index.php?rest_route=\/wp\/v2\/posts\/2111526\/revisions"}],"wp:attachment":[{"href":"https:\/\/analyse.optim.biz\/index.php?rest_route=%2Fwp%2Fv2%2Fmedia&parent=2111526"}],"wp:term":[{"taxonomy":"category","embeddable":true,"href":"https:\/\/analyse.optim.biz\/index.php?rest_route=%2Fwp%2Fv2%2Fcategories&post=2111526"},{"taxonomy":"post_tag","embeddable":true,"href":"https:\/\/analyse.optim.biz\/index.php?rest_route=%2Fwp%2Fv2%2Ftags&post=2111526"}],"curies":[{"name":"wp","href":"https:\/\/api.w.org\/{rel}","templated":true}]}}