{"id":2111509,"date":"2026-08-25T08:27:00","date_gmt":"2026-08-25T05:27:00","guid":{"rendered":"https:\/\/analyse.optim.biz\/?p=2111509"},"modified":"2026-08-25T08:27:00","modified_gmt":"2026-08-25T05:27:00","slug":"activismul-asociatiei-miscarea-pentru-pace","status":"publish","type":"post","link":"https:\/\/analyse.optim.biz\/?p=2111509","title":{"rendered":"Activismul Asocia\u021biei Mi\u0219carea pentru Pace"},"content":{"rendered":"<p>[analyse_image type=&#8221;featured&#8221; src=&#8221;https:\/\/www.incorectpolitic.com\/wp-content\/uploads\/2026\/08\/mars_rez.jpeg&#8221;]<\/p>\n<div class=\"entry\">\n<p>Sterie Ciumetti<br \/><strong>Incorect Politic<\/strong><br \/>\nAugust 24, 2026<\/p>\n<p><a href=\"https:\/\/www.incorectpolitic.com\/activismul-asociatiei-miscarea-pentru-pace\/mars_rez-2\/\" rel=\"attachment wp-att-82321\"><img loading=\"lazy\" decoding=\"async\" class=\"size-full wp-image-82321 aligncenter\" src=\"https:\/\/www.incorectpolitic.com\/wp-content\/uploads\/2026\/08\/mars_rez.jpeg\" alt width=\"1024\" height=\"768\"><\/a><\/p>\n<h1><strong>Activismul Asocia\u021biei Mi\u0219carea pentru Pace<\/strong><\/h1>\n<p>Am primit pe email o list\u0103 cu activitatea recent\u0103 a asocia\u021biei Mi\u0219carea Pentru Pace \u0219i sesiz\u0103rile pe care asocia\u021bia le-a trimis institu\u021biilor de stat. Le voi prezenta mai jos, cu o not\u0103 la final:<\/p>\n<p>\u00a0<\/p>\n<h2><span class><strong>1. Blocajul g<\/strong>uvernamental \u0219i interimatul prelungit<\/span><\/h2>\n<p class=\"ds-markdown-paragraph\"><strong><span class>Context:<\/span><\/strong><span class>\u00a0Rom\u00e2nia este condus\u0103 de un Guvern demis din 5 mai 2026, care \u00eendepline\u0219te doar actele necesare administr\u0103rii treburilor publice (art. 110 alin. 4 din Constitu\u021bie).<\/span><\/p>\n<p class=\"ds-markdown-paragraph\"><strong><span class>Solicit\u0103ri principale:<\/span><\/strong><\/p>\n<ul>\n<li>\n<p class=\"ds-markdown-paragraph\"><span class>Ce consult\u0103ri a avut Pre\u0219edintele cu partidele dup\u0103 demiterea Guvernului?<\/span><\/p>\n<\/li>\n<li>\n<p class=\"ds-markdown-paragraph\"><span class>A fost desemnat un candidat pentru func\u021bia de prim-ministru? Dac\u0103 nu, de ce?<\/span><\/p>\n<\/li>\n<li>\n<p class=\"ds-markdown-paragraph\"><span class>Publicarea unui calendar concret pentru \u00eenvestirea unui nou Guvern.<\/span><\/p>\n<\/li>\n<li>\n<p class=\"ds-markdown-paragraph\"><span class>Clarificarea situa\u021biei mini\u0219trilor interimari \u2013 se respect\u0103 termenul constitu\u021bional de 45 de zile?<\/span><\/p>\n<\/li>\n<li>\n<p class=\"ds-markdown-paragraph\"><span class>Publicarea indemniza\u021biilor prim-ministrului \u0219i mini\u0219trilor \u00een perioada de interimat.<\/span><\/p>\n<\/li>\n<\/ul>\n<p class=\"ds-markdown-paragraph\"><strong><span class>Semnale de alarm\u0103:<\/span><\/strong><span class>\u00a0Exist\u0103 informa\u021bii c\u0103 mai multe ministere ar fi conduse de interimari cu mandat expirat, iar Guvernul demis a declarat stare de alert\u0103 \u00een sectorul energetic \u2013 m\u0103sur\u0103 a c\u0103rei transparen\u021b\u0103 este contestat\u0103.<\/span><\/p>\n<p>*<\/p>\n<h2><strong><span class>2. Anularea alegerilor preziden\u021biale din 2024 \u2013 transparen\u021b\u0103 cerut\u0103<\/span><\/strong><\/h2>\n<p class=\"ds-markdown-paragraph\"><strong><span class>Context:<\/span><\/strong><span class>\u00a0Curtea Constitu\u021bional\u0103 a anulat procesul electoral prin Hot\u0103r\u00e2rea nr. 32\/2024, iar asocia\u021bia solicit\u0103 explica\u021bii suplimentare.<\/span><\/p>\n<p class=\"ds-markdown-paragraph\"><strong><span class>Solicit\u0103ri principale:<\/span><\/strong><\/p>\n<ul>\n<li>\n<p class=\"ds-markdown-paragraph\"><span class>Desecretizarea documentelor care au stat la baza anul\u0103rii.<\/span><\/p>\n<\/li>\n<li>\n<p class=\"ds-markdown-paragraph\"><span class>Ce investiga\u021bii au fost efectuate? Cine sunt responsabili? Au existat consecin\u021be juridice?<\/span><\/p>\n<\/li>\n<li>\n<p class=\"ds-markdown-paragraph\"><span class>Exist\u0103 vreo procedur\u0103 prin care legalitatea anul\u0103rii mai poate fi examinat\u0103?<\/span><\/p>\n<\/li>\n<li>\n<p class=\"ds-markdown-paragraph\"><span class>Sus\u021binerea \u00eembun\u0103t\u0103\u021birii legisla\u021biei electorale pentru viitor.<\/span><\/p>\n<\/li>\n<\/ul>\n<p class=\"ds-markdown-paragraph\"><strong><span class>Observa\u021bie:<\/span><\/strong><span class>\u00a0Asocia\u021bia recunoa\u0219te c\u0103 hot\u0103r\u00e2rea CCR este definitiv\u0103, dar cere explica\u021bii verificabile pentru prevenirea unor situa\u021bii similare.<\/span><\/p>\n<p>\u00a0<\/p>\n<h2><span class><strong>3. Neimp<\/strong>licarea Rom\u00e2niei \u00een r\u0103zboiul din Ucraina \u2013 apel pentru pace<\/span><\/h2>\n<p class=\"ds-markdown-paragraph\"><strong><span class>Context:<\/span><\/strong><span class>\u00a0Acordul Rom\u00e2nia\u2013Ucraina din 10 iulie 2024, documentele bilaterale din martie 2026, prezen\u021ba militar\u0103 american\u0103 \u00een Rom\u00e2nia (inclusiv opera\u021biuni legate de Iran) \u0219i incidente cu drone pe teritoriul na\u021bional.<\/span><\/p>\n<p class=\"ds-markdown-paragraph\"><strong><span class>Solicit\u0103ri principale:<\/span><\/strong><\/p>\n<ul>\n<li>\n<p class=\"ds-markdown-paragraph\"><span class>Clarificare oficial\u0103: exist\u0103 planuri de trimitere a militarilor rom\u00e2ni \u00een Ucraina?<\/span><\/p>\n<\/li>\n<li>\n<p class=\"ds-markdown-paragraph\"><span class>Respingerii oric\u0103rei particip\u0103ri militare directe a Rom\u00e2niei la r\u0103zboi.<\/span><\/p>\n<\/li>\n<li>\n<p class=\"ds-markdown-paragraph\"><span class>Transparen\u021ba angajamentelor asumate prin acordurile bilaterale.<\/span><\/p>\n<\/li>\n<li>\n<p class=\"ds-markdown-paragraph\"><span class>Sus\u021binerea relu\u0103rii negocierilor de pace \u0219i a \u00eencet\u0103rii focului.<\/span><\/p>\n<\/li>\n<li>\n<p class=\"ds-markdown-paragraph\"><span class>Expertize publice pentru fiecare incident cu drone \u2013 inclusiv provenien\u021ba acestora (at\u00e2t ruse\u0219ti, c\u00e2t \u0219i ucrainene).<\/span><\/p>\n<\/li>\n<li>\n<p class=\"ds-markdown-paragraph\"><span class>Clarificarea rolului Rom\u00e2niei \u00een opera\u021biunile americane privind Iranul.<\/span><\/p>\n<\/li>\n<li>\n<p class=\"ds-markdown-paragraph\"><span class>Situa\u021bia complet\u0103 a prezen\u021bei militare str\u0103ine pe teritoriul Rom\u00e2niei.<\/span><\/p>\n<\/li>\n<\/ul>\n<p class=\"ds-markdown-paragraph\"><strong><span class>Apel:<\/span><\/strong><span class=\"skip-quote-patch\">\u00a0\u201eRom\u00e2nia trebuie s\u0103 fie o voce a p\u0103cii, nu un nou participant la r\u0103zboi!\u201d<\/span><\/p>\n<p>\u00a0<\/p>\n<h2><strong><span class>4. Legea nr. 156\/2023 \u2013 prevenirea separ\u0103rii copilului de familie<\/span><\/strong><\/h2>\n<p class=\"ds-markdown-paragraph\"><strong><span class>Context:<\/span><\/strong><span class=\"skip-quote-patch\">\u00a0Legea privind prevenirea separ\u0103rii copilului de familie con\u021bine no\u021biuni vagi (\u201es\u0103r\u0103cie extrem\u0103\u201d, \u201evenituri reduse\u201d) care pot duce la aplic\u0103ri arbitrare.<\/span><\/p>\n<p class=\"ds-markdown-paragraph\"><strong><span class>Solicit\u0103ri principale:<\/span><\/strong><\/p>\n<ul>\n<li>\n<p class=\"ds-markdown-paragraph\"><span class>Definirea \u0219i cuantificarea termenilor economici \u2013 praguri clare, actualizate periodic.<\/span><\/p>\n<\/li>\n<li>\n<p class=\"ds-markdown-paragraph\"><span class>Principiu expres: s\u0103r\u0103cia nu poate fi singurul temei pentru separarea copilului de p\u0103rin\u021bi.<\/span><\/p>\n<\/li>\n<li>\n<p class=\"ds-markdown-paragraph\"><span class>Statul trebuie s\u0103 dovedeasc\u0103 sprijinul concret oferit familiei \u00eenaintea unei m\u0103suri de separare.<\/span><\/p>\n<\/li>\n<li>\n<p class=\"ds-markdown-paragraph\"><span class>Elaborarea unei grile na\u021bionale unitare \u0219i publice de evaluare.<\/span><\/p>\n<\/li>\n<li>\n<p class=\"ds-markdown-paragraph\"><span class>Dreptul p\u0103rin\u021bilor de a contesta evaluarea.<\/span><\/p>\n<\/li>\n<li>\n<p class=\"ds-markdown-paragraph\"><span class>Reglementarea transparent\u0103 a datelor din Observatorul na\u021bional al copilului.<\/span><\/p>\n<\/li>\n<li>\n<p class=\"ds-markdown-paragraph\"><span class>Raport public privind aplicarea legii.<\/span><\/p>\n<\/li>\n<\/ul>\n<p class=\"ds-markdown-paragraph\"><strong><span class>Mesaj central:<\/span><\/strong><span class=\"skip-quote-patch\">\u00a0\u201eO lege pentru sprijinirea familiei, nu pentru sanc\u021bionarea s\u0103r\u0103ciei.\u201d<\/span><\/p>\n<p>*<\/p>\n<h2><strong><span class>5. PL-x nr. 168\/2025 (Legea Vexler) \u2013 amendamente transmise, dar nevizualizate?<\/span><\/strong><\/h2>\n<p class=\"ds-markdown-paragraph\"><strong><span class>Context:<\/span><\/strong><span class>\u00a0Asocia\u021bia a transmis amendamente la proiectul de lege privind combaterea antisemitismului, xenofobiei \u0219i a discursului instigator la ur\u0103. Termenul era 10 iunie 2025. Comisia juridic\u0103 a depus raportul pe 11 iunie, iar proiectul a fost adoptat \u00een aceea\u0219i zi.<\/span><\/p>\n<p class=\"ds-markdown-paragraph\"><strong><span class>Problema:<\/span><\/strong><span class>\u00a0Asocia\u021bia nu a primit confirmarea primirii, num\u0103r de \u00eenregistrare sau vreun r\u0103spuns. Nu \u0219tie dac\u0103 propunerile au fost analizate.<\/span><\/p>\n<p class=\"ds-markdown-paragraph\"><strong><span class>Solicit\u0103ri principale:<\/span><\/strong><\/p>\n<ul>\n<li>\n<p class=\"ds-markdown-paragraph\"><span class>Confirmarea primirii documentelor.<\/span><\/p>\n<\/li>\n<li>\n<p class=\"ds-markdown-paragraph\"><span class>Precizarea dac\u0103 amendamentele au fost introduse \u00een mapa proiectului.<\/span><\/p>\n<\/li>\n<li>\n<p class=\"ds-markdown-paragraph\"><span class>Dac\u0103 propunerile se reg\u0103sesc printre cele 22 de amendamente respinse.<\/span><\/p>\n<\/li>\n<li>\n<p class=\"ds-markdown-paragraph\"><span class>Dac\u0103 nu, motivul pentru care nu au fost analizate.<\/span><\/p>\n<\/li>\n<li>\n<p class=\"ds-markdown-paragraph\"><span class>Reanalizarea argumentelor \u0219i posibilitatea modific\u0103rii Legii nr. 241\/2025.<\/span><\/p>\n<\/li>\n<\/ul>\n<p class=\"ds-markdown-paragraph\"><strong><span class>Aten\u021bie:<\/span><\/strong><span class=\"skip-quote-patch\">\u00a0Asocia\u021bia sus\u021bine c\u0103 forma actual\u0103 a legii incrimineaz\u0103 termeni vagi (\u201eur\u0103\u201d, \u201ecult\u201d, \u201edistribuire\u201d), pedepsele sunt dispropor\u021bionate (p\u00e2n\u0103 la 10 ani pentru opinii) \u0219i exist\u0103 riscul de cenzur\u0103 a cercet\u0103rii istorice, artei \u0219i jurnalismului.<\/span><\/p>\n<p>*<\/p>\n<h1><strong>APEL<\/strong><\/h1>\n<p>Trebuie specificat aici \u0219i sper c\u0103 nu se sup\u0103r\u0103 pe mine doamna Georgeta, \u00eens\u0103 oricine dore\u0219te s\u0103 ia taurul de coarne cu privire la legisla\u021bia delictului de opinie este DATOR s\u0103 o fac\u0103 P\u00c2N\u0102 LA CAP\u0102T, f\u0103r\u0103 jum\u0103t\u0103\u021bi de m\u0103sur\u0103, f\u0103r\u0103 compromisuri cu libertatea noastr\u0103 \u0219i f\u0103r\u0103 concesii.<\/p>\n<p>A spune <em><span class=\"skip-quote-patch\">\u201eNu contest\u0103m necesitatea combaterii antisemitismului.\u201d <\/span><\/em><span class=\"skip-quote-patch\">este o t\u00e2mpenie \u0219i o pozi\u021bie extrem de slab\u0103 ca na\u021bionalist rom\u00e2n. Exist\u0103 legi de combatere a antirom\u00e2nismului \u00een Israel sau \u00een \u021b\u0103ri semite?<\/span><span class=\"skip-quote-patch\"> Textul continu\u0103 cu<\/span><em><span class=\"skip-quote-patch\"> \u201cDar o lege care pedepse\u0219te mai aspru o opinie dec\u00e2t un viol nu este o lege just\u0103. Fiecare cet\u0103\u021bean are dreptul la propriile opinii \u2013 c\u00e2t\u0103 vreme sunt exprimate pa\u0219nic. Altfel, s\u0103 nu ne mai numim democra\u021bie.\u201d \u2013<\/span><\/em><span class=\"skip-quote-patch\"> ceea ce este corect, tocmai din acest motiv nu ar trebui s\u0103 existe DIN START legi de genul.<\/span><\/p>\n<p>Orice patriot, orice activist civic pentru libertate are datoria s\u0103 cear\u0103 ABROGAREA TOTAL\u0102 a legisla\u021biei delictului de opinie, DESFIIN\u021aAREA OUG 31\/2002, ANULAREA articolului din Codul Penal privind instigarea la ur\u0103 \u0219i ELIMINAREA fiec\u0103rei lege care incrimineaz\u0103 opinii.<\/p>\n<p>Combaterea antisemitismului este o himer\u0103 \u0219i un pretext pentru a b\u0103ga pumnul \u00een gura patrio\u021bilor. Institutul terorist Elie Wiesel trebuie desfiin\u021bat, FCER sub Silviu Vexler trebuie declarat\u0103 organiza\u021bie subversiv\u0103, pensiile speciale acordate pentru holocaust trebuie anulate \u0219i trebuie de urgen\u021b\u0103 acordate desp\u0103gubiri pentru patrio\u021bii care au fost h\u0103r\u021bui\u021bi pe baza acestor legi. Grupurile minoritare din Parlament trebuie desfiin\u021bate, iar cet\u0103\u021benii care candideaz\u0103 trebuie s\u0103 o fac\u0103 \u00een mod egal, f\u0103r\u0103 locuri speciale acordate minorit\u0103\u021bilor.<\/p>\n<p class=\"ds-markdown-paragraph\"><span class>Lupta \u00eempotriva antisemitismului nu este legitim\u0103 \u0219i nu a fost niciodat\u0103 legitim\u0103, cei care iau legea ca atare, \u00een bun\u0103 credin\u021b\u0103, se afl\u0103 \u00eentr-o mare eroare. Cei care adopt\u0103 pozi\u021bia amend\u0103rii legii, nu abrog\u0103rii lor, adopt\u0103 o strategie falimentar\u0103. \u201cNu po\u021bi combate ura interzic\u00e2nd opiniile\u201d? Nu po\u021bi combate ura \u0219i punct, oamenii vor iubi \u0219i vor ur\u00ee, cum este firesc. Nu ar trebui s\u0103 existe legi \u00eempotriva urii, a accepta c\u0103 o asemenea lege ar putea fi benefic\u0103 \u00eenseamn\u0103 sacrificarea voluntar\u0103 a libert\u0103\u021bii. Pe aceast\u0103 cale fac un apel tuturor celor destul de curajo\u0219i s\u0103 critice \u0219i s\u0103 conteste aceste legi ale delictului de opinie \u2013 <span><strong>merge\u021bi p\u00e2n\u0103 la cap\u0103t. Nu v\u0103 opri\u021bi la jum\u0103tatea drumului.<\/strong><\/span><\/span><\/p>\n<p>*<\/p>\n<p>Felicit Asocia\u021bia Mi\u0219carea pentru Pace pentru implicarea ei \u00een via\u021ba cet\u0103\u021bii \u0219i pentru cei care doresc s\u0103 urm\u0103reasc\u0103 activitatea lor:<\/p>\n<p>Emisiuni, ac\u021biuni:<a href=\"https:\/\/www.youtube.com\/@Miscareapentrupace\"> miscarea\u00a0pentru pace youtube<\/a><br \/>\nziarul:\u00a0<a href=\"http:\/\/reporterifaravoie.ro\/\" target=\"_blank\" rel=\"noopener noreferrer\">reporterifaravoie.ro<\/a><br \/>\nPreg\u0103tim lansarea proiectului: Unitatea poporului \u2013 Solutii la probleme<br \/><a href=\"https:\/\/www.facebook.com\/profile.php?id=61592222554551\" target=\"_blank\" rel=\"noopener noreferrer\">https:\/\/www.facebook.com\/profile.php?id=61592222554551<\/a><br \/><a href=\"https:\/\/unitateapoporului.ro\/\" target=\"_blank\" rel=\"noopener noreferrer\">https:\/\/unitateapoporului.ro\/<\/a><\/p>\n<\/div>\n<div class=\"entry\">\n<p>Sterie Ciumetti<br \/><strong>Incorect Politic<\/strong><br \/>\nAugust 24, 2026<\/p>\n<p><a href=\"https:\/\/www.incorectpolitic.com\/activismul-asociatiei-miscarea-pentru-pace\/mars_rez-2\/\" rel=\"attachment wp-att-82321\"><img loading=\"lazy\" decoding=\"async\" class=\"size-full wp-image-82321 aligncenter\" src=\"https:\/\/www.incorectpolitic.com\/wp-content\/uploads\/2026\/08\/mars_rez.jpeg\" alt width=\"1024\" height=\"768\"><\/a><\/p>\n<h1><strong>Activismul Asocia\u021biei Mi\u0219carea pentru Pace<\/strong><\/h1>\n<p>Am primit pe email o list\u0103 cu activitatea recent\u0103 a asocia\u021biei Mi\u0219carea Pentru Pace \u0219i sesiz\u0103rile pe care asocia\u021bia le-a trimis institu\u021biilor de stat. Le voi prezenta mai jos, cu o not\u0103 la final:<\/p>\n<p>\u00a0<\/p>\n<h2><span class><strong>1. Blocajul g<\/strong>uvernamental \u0219i interimatul prelungit<\/span><\/h2>\n<p class=\"ds-markdown-paragraph\"><strong><span class>Context:<\/span><\/strong><span class>\u00a0Rom\u00e2nia este condus\u0103 de un Guvern demis din 5 mai 2026, care \u00eendepline\u0219te doar actele necesare administr\u0103rii treburilor publice (art. 110 alin. 4 din Constitu\u021bie).<\/span><\/p>\n<p class=\"ds-markdown-paragraph\"><strong><span class>Solicit\u0103ri principale:<\/span><\/strong><\/p>\n<ul>\n<li>\n<p class=\"ds-markdown-paragraph\"><span class>Ce consult\u0103ri a avut Pre\u0219edintele cu partidele dup\u0103 demiterea Guvernului?<\/span><\/p>\n<\/li>\n<li>\n<p class=\"ds-markdown-paragraph\"><span class>A fost desemnat un candidat pentru func\u021bia de prim-ministru? Dac\u0103 nu, de ce?<\/span><\/p>\n<\/li>\n<li>\n<p class=\"ds-markdown-paragraph\"><span class>Publicarea unui calendar concret pentru \u00eenvestirea unui nou Guvern.<\/span><\/p>\n<\/li>\n<li>\n<p class=\"ds-markdown-paragraph\"><span class>Clarificarea situa\u021biei mini\u0219trilor interimari \u2013 se respect\u0103 termenul constitu\u021bional de 45 de zile?<\/span><\/p>\n<\/li>\n<li>\n<p class=\"ds-markdown-paragraph\"><span class>Publicarea indemniza\u021biilor prim-ministrului \u0219i mini\u0219trilor \u00een perioada de interimat.<\/span><\/p>\n<\/li>\n<\/ul>\n<p class=\"ds-markdown-paragraph\"><strong><span class>Semnale de alarm\u0103:<\/span><\/strong><span class>\u00a0Exist\u0103 informa\u021bii c\u0103 mai multe ministere ar fi conduse de interimari cu mandat expirat, iar Guvernul demis a declarat stare de alert\u0103 \u00een sectorul energetic \u2013 m\u0103sur\u0103 a c\u0103rei transparen\u021b\u0103 este contestat\u0103.<\/span><\/p>\n<p>*<\/p>\n<h2><strong><span class>2. Anularea alegerilor preziden\u021biale din 2024 \u2013 transparen\u021b\u0103 cerut\u0103<\/span><\/strong><\/h2>\n<p class=\"ds-markdown-paragraph\"><strong><span class>Context:<\/span><\/strong><span class>\u00a0Curtea Constitu\u021bional\u0103 a anulat procesul electoral prin Hot\u0103r\u00e2rea nr. 32\/2024, iar asocia\u021bia solicit\u0103 explica\u021bii suplimentare.<\/span><\/p>\n<p class=\"ds-markdown-paragraph\"><strong><span class>Solicit\u0103ri principale:<\/span><\/strong><\/p>\n<ul>\n<li>\n<p class=\"ds-markdown-paragraph\"><span class>Desecretizarea documentelor care au stat la baza anul\u0103rii.<\/span><\/p>\n<\/li>\n<li>\n<p class=\"ds-markdown-paragraph\"><span class>Ce investiga\u021bii au fost efectuate? Cine sunt responsabili? Au existat consecin\u021be juridice?<\/span><\/p>\n<\/li>\n<li>\n<p class=\"ds-markdown-paragraph\"><span class>Exist\u0103 vreo procedur\u0103 prin care legalitatea anul\u0103rii mai poate fi examinat\u0103?<\/span><\/p>\n<\/li>\n<li>\n<p class=\"ds-markdown-paragraph\"><span class>Sus\u021binerea \u00eembun\u0103t\u0103\u021birii legisla\u021biei electorale pentru viitor.<\/span><\/p>\n<\/li>\n<\/ul>\n<p class=\"ds-markdown-paragraph\"><strong><span class>Observa\u021bie:<\/span><\/strong><span class>\u00a0Asocia\u021bia recunoa\u0219te c\u0103 hot\u0103r\u00e2rea CCR este definitiv\u0103, dar cere explica\u021bii verificabile pentru prevenirea unor situa\u021bii similare.<\/span><\/p>\n<p>\u00a0<\/p>\n<h2><span class><strong>3. Neimp<\/strong>licarea Rom\u00e2niei \u00een r\u0103zboiul din Ucraina \u2013 apel pentru pace<\/span><\/h2>\n<p class=\"ds-markdown-paragraph\"><strong><span class>Context:<\/span><\/strong><span class>\u00a0Acordul Rom\u00e2nia\u2013Ucraina din 10 iulie 2024, documentele bilaterale din martie 2026, prezen\u021ba militar\u0103 american\u0103 \u00een Rom\u00e2nia (inclusiv opera\u021biuni legate de Iran) \u0219i incidente cu drone pe teritoriul na\u021bional.<\/span><\/p>\n<p class=\"ds-markdown-paragraph\"><strong><span class>Solicit\u0103ri principale:<\/span><\/strong><\/p>\n<ul>\n<li>\n<p class=\"ds-markdown-paragraph\"><span class>Clarificare oficial\u0103: exist\u0103 planuri de trimitere a militarilor rom\u00e2ni \u00een Ucraina?<\/span><\/p>\n<\/li>\n<li>\n<p class=\"ds-markdown-paragraph\"><span class>Respingerii oric\u0103rei particip\u0103ri militare directe a Rom\u00e2niei la r\u0103zboi.<\/span><\/p>\n<\/li>\n<li>\n<p class=\"ds-markdown-paragraph\"><span class>Transparen\u021ba angajamentelor asumate prin acordurile bilaterale.<\/span><\/p>\n<\/li>\n<li>\n<p class=\"ds-markdown-paragraph\"><span class>Sus\u021binerea relu\u0103rii negocierilor de pace \u0219i a \u00eencet\u0103rii focului.<\/span><\/p>\n<\/li>\n<li>\n<p class=\"ds-markdown-paragraph\"><span class>Expertize publice pentru fiecare incident cu drone \u2013 inclusiv provenien\u021ba acestora (at\u00e2t ruse\u0219ti, c\u00e2t \u0219i ucrainene).<\/span><\/p>\n<\/li>\n<li>\n<p class=\"ds-markdown-paragraph\"><span class>Clarificarea rolului Rom\u00e2niei \u00een opera\u021biunile americane privind Iranul.<\/span><\/p>\n<\/li>\n<li>\n<p class=\"ds-markdown-paragraph\"><span class>Situa\u021bia complet\u0103 a prezen\u021bei militare str\u0103ine pe teritoriul Rom\u00e2niei.<\/span><\/p>\n<\/li>\n<\/ul>\n<p class=\"ds-markdown-paragraph\"><strong><span class>Apel:<\/span><\/strong><span class=\"skip-quote-patch\">\u00a0\u201eRom\u00e2nia trebuie s\u0103 fie o voce a p\u0103cii, nu un nou participant la r\u0103zboi!\u201d<\/span><\/p>\n<p>\u00a0<\/p>\n<h2><strong><span class>4. Legea nr. 156\/2023 \u2013 prevenirea separ\u0103rii copilului de familie<\/span><\/strong><\/h2>\n<p class=\"ds-markdown-paragraph\"><strong><span class>Context:<\/span><\/strong><span class=\"skip-quote-patch\">\u00a0Legea privind prevenirea separ\u0103rii copilului de familie con\u021bine no\u021biuni vagi (\u201es\u0103r\u0103cie extrem\u0103\u201d, \u201evenituri reduse\u201d) care pot duce la aplic\u0103ri arbitrare.<\/span><\/p>\n<p class=\"ds-markdown-paragraph\"><strong><span class>Solicit\u0103ri principale:<\/span><\/strong><\/p>\n<ul>\n<li>\n<p class=\"ds-markdown-paragraph\"><span class>Definirea \u0219i cuantificarea termenilor economici \u2013 praguri clare, actualizate periodic.<\/span><\/p>\n<\/li>\n<li>\n<p class=\"ds-markdown-paragraph\"><span class>Principiu expres: s\u0103r\u0103cia nu poate fi singurul temei pentru separarea copilului de p\u0103rin\u021bi.<\/span><\/p>\n<\/li>\n<li>\n<p class=\"ds-markdown-paragraph\"><span class>Statul trebuie s\u0103 dovedeasc\u0103 sprijinul concret oferit familiei \u00eenaintea unei m\u0103suri de separare.<\/span><\/p>\n<\/li>\n<li>\n<p class=\"ds-markdown-paragraph\"><span class>Elaborarea unei grile na\u021bionale unitare \u0219i publice de evaluare.<\/span><\/p>\n<\/li>\n<li>\n<p class=\"ds-markdown-paragraph\"><span class>Dreptul p\u0103rin\u021bilor de a contesta evaluarea.<\/span><\/p>\n<\/li>\n<li>\n<p class=\"ds-markdown-paragraph\"><span class>Reglementarea transparent\u0103 a datelor din Observatorul na\u021bional al copilului.<\/span><\/p>\n<\/li>\n<li>\n<p class=\"ds-markdown-paragraph\"><span class>Raport public privind aplicarea legii.<\/span><\/p>\n<\/li>\n<\/ul>\n<p class=\"ds-markdown-paragraph\"><strong><span class>Mesaj central:<\/span><\/strong><span class=\"skip-quote-patch\">\u00a0\u201eO lege pentru sprijinirea familiei, nu pentru sanc\u021bionarea s\u0103r\u0103ciei.\u201d<\/span><\/p>\n<p>*<\/p>\n<h2><strong><span class>5. PL-x nr. 168\/2025 (Legea Vexler) \u2013 amendamente transmise, dar nevizualizate?<\/span><\/strong><\/h2>\n<p class=\"ds-markdown-paragraph\"><strong><span class>Context:<\/span><\/strong><span class>\u00a0Asocia\u021bia a transmis amendamente la proiectul de lege privind combaterea antisemitismului, xenofobiei \u0219i a discursului instigator la ur\u0103. Termenul era 10 iunie 2025. Comisia juridic\u0103 a depus raportul pe 11 iunie, iar proiectul a fost adoptat \u00een aceea\u0219i zi.<\/span><\/p>\n<p class=\"ds-markdown-paragraph\"><strong><span class>Problema:<\/span><\/strong><span class>\u00a0Asocia\u021bia nu a primit confirmarea primirii, num\u0103r de \u00eenregistrare sau vreun r\u0103spuns. Nu \u0219tie dac\u0103 propunerile au fost analizate.<\/span><\/p>\n<p class=\"ds-markdown-paragraph\"><strong><span class>Solicit\u0103ri principale:<\/span><\/strong><\/p>\n<ul>\n<li>\n<p class=\"ds-markdown-paragraph\"><span class>Confirmarea primirii documentelor.<\/span><\/p>\n<\/li>\n<li>\n<p class=\"ds-markdown-paragraph\"><span class>Precizarea dac\u0103 amendamentele au fost introduse \u00een mapa proiectului.<\/span><\/p>\n<\/li>\n<li>\n<p class=\"ds-markdown-paragraph\"><span class>Dac\u0103 propunerile se reg\u0103sesc printre cele 22 de amendamente respinse.<\/span><\/p>\n<\/li>\n<li>\n<p class=\"ds-markdown-paragraph\"><span class>Dac\u0103 nu, motivul pentru care nu au fost analizate.<\/span><\/p>\n<\/li>\n<li>\n<p class=\"ds-markdown-paragraph\"><span class>Reanalizarea argumentelor \u0219i posibilitatea modific\u0103rii Legii nr. 241\/2025.<\/span><\/p>\n<\/li>\n<\/ul>\n<p class=\"ds-markdown-paragraph\"><strong><span class>Aten\u021bie:<\/span><\/strong><span class=\"skip-quote-patch\">\u00a0Asocia\u021bia sus\u021bine c\u0103 forma actual\u0103 a legii incrimineaz\u0103 termeni vagi (\u201eur\u0103\u201d, \u201ecult\u201d, \u201edistribuire\u201d), pedepsele sunt dispropor\u021bionate (p\u00e2n\u0103 la 10 ani pentru opinii) \u0219i exist\u0103 riscul de cenzur\u0103 a cercet\u0103rii istorice, artei \u0219i jurnalismului.<\/span><\/p>\n<p>*<\/p>\n<h1><strong>APEL<\/strong><\/h1>\n<p>Trebuie specificat aici \u0219i sper c\u0103 nu se sup\u0103r\u0103 pe mine doamna Georgeta, \u00eens\u0103 oricine dore\u0219te s\u0103 ia taurul de coarne cu privire la legisla\u021bia delictului de opinie este DATOR s\u0103 o fac\u0103 P\u00c2N\u0102 LA CAP\u0102T, f\u0103r\u0103 jum\u0103t\u0103\u021bi de m\u0103sur\u0103, f\u0103r\u0103 compromisuri cu libertatea noastr\u0103 \u0219i f\u0103r\u0103 concesii.<\/p>\n<p>A spune <em><span class=\"skip-quote-patch\">\u201eNu contest\u0103m necesitatea combaterii antisemitismului.\u201d <\/span><\/em><span class=\"skip-quote-patch\">este o t\u00e2mpenie \u0219i o pozi\u021bie extrem de slab\u0103 ca na\u021bionalist rom\u00e2n. Exist\u0103 legi de combatere a antirom\u00e2nismului \u00een Israel sau \u00een \u021b\u0103ri semite?<\/span><span class=\"skip-quote-patch\"> Textul continu\u0103 cu<\/span><em><span class=\"skip-quote-patch\"> \u201cDar o lege care pedepse\u0219te mai aspru o opinie dec\u00e2t un viol nu este o lege just\u0103. Fiecare cet\u0103\u021bean are dreptul la propriile opinii \u2013 c\u00e2t\u0103 vreme sunt exprimate pa\u0219nic. Altfel, s\u0103 nu ne mai numim democra\u021bie.\u201d \u2013<\/span><\/em><span class=\"skip-quote-patch\"> ceea ce este corect, tocmai din acest motiv nu ar trebui s\u0103 existe DIN START legi de genul.<\/span><\/p>\n<p>Orice patriot, orice activist civic pentru libertate are datoria s\u0103 cear\u0103 ABROGAREA TOTAL\u0102 a legisla\u021biei delictului de opinie, DESFIIN\u021aAREA OUG 31\/2002, ANULAREA articolului din Codul Penal privind instigarea la ur\u0103 \u0219i ELIMINAREA fiec\u0103rei lege care incrimineaz\u0103 opinii.<\/p>\n<p>Combaterea antisemitismului este o himer\u0103 \u0219i un pretext pentru a b\u0103ga pumnul \u00een gura patrio\u021bilor. Institutul terorist Elie Wiesel trebuie desfiin\u021bat, FCER sub Silviu Vexler trebuie declarat\u0103 organiza\u021bie subversiv\u0103, pensiile speciale acordate pentru holocaust trebuie anulate \u0219i trebuie de urgen\u021b\u0103 acordate desp\u0103gubiri pentru patrio\u021bii care au fost h\u0103r\u021bui\u021bi pe baza acestor legi. Grupurile minoritare din Parlament trebuie desfiin\u021bate, iar cet\u0103\u021benii care candideaz\u0103 trebuie s\u0103 o fac\u0103 \u00een mod egal, f\u0103r\u0103 locuri speciale acordate minorit\u0103\u021bilor.<\/p>\n<p class=\"ds-markdown-paragraph\"><span class>Lupta \u00eempotriva antisemitismului nu este legitim\u0103 \u0219i nu a fost niciodat\u0103 legitim\u0103, cei care iau legea ca atare, \u00een bun\u0103 credin\u021b\u0103, se afl\u0103 \u00eentr-o mare eroare. Cei care adopt\u0103 pozi\u021bia amend\u0103rii legii, nu abrog\u0103rii lor, adopt\u0103 o strategie falimentar\u0103. \u201cNu po\u021bi combate ura interzic\u00e2nd opiniile\u201d? Nu po\u021bi combate ura \u0219i punct, oamenii vor iubi \u0219i vor ur\u00ee, cum este firesc. Nu ar trebui s\u0103 existe legi \u00eempotriva urii, a accepta c\u0103 o asemenea lege ar putea fi benefic\u0103 \u00eenseamn\u0103 sacrificarea voluntar\u0103 a libert\u0103\u021bii. Pe aceast\u0103 cale fac un apel tuturor celor destul de curajo\u0219i s\u0103 critice \u0219i s\u0103 conteste aceste legi ale delictului de opinie \u2013 <span><strong>merge\u021bi p\u00e2n\u0103 la cap\u0103t. Nu v\u0103 opri\u021bi la jum\u0103tatea drumului.<\/strong><\/span><\/span><\/p>\n<p>*<\/p>\n<p>Felicit Asocia\u021bia Mi\u0219carea pentru Pace pentru implicarea ei \u00een via\u021ba cet\u0103\u021bii \u0219i pentru cei care doresc s\u0103 urm\u0103reasc\u0103 activitatea lor:<\/p>\n<p>Emisiuni, ac\u021biuni:<a href=\"https:\/\/www.youtube.com\/@Miscareapentrupace\"> miscarea\u00a0pentru pace youtube<\/a><br \/>\nziarul:\u00a0<a href=\"http:\/\/reporterifaravoie.ro\/\" target=\"_blank\" rel=\"noopener noreferrer\">reporterifaravoie.ro<\/a><br \/>\nPreg\u0103tim lansarea proiectului: Unitatea poporului \u2013 Solutii la probleme<br \/><a href=\"https:\/\/www.facebook.com\/profile.php?id=61592222554551\" target=\"_blank\" rel=\"noopener noreferrer\">https:\/\/www.facebook.com\/profile.php?id=61592222554551<\/a><br \/><a href=\"https:\/\/unitateapoporului.ro\/\" target=\"_blank\" rel=\"noopener noreferrer\">https:\/\/unitateapoporului.ro\/<\/a><\/p>\n<\/div>\n<article class=\"post-81436 post type-post status-publish entry includes-feat-image\">\n<div class=\"featured-image alignleft\"><a class=\"featured_post_link\" href=\"https:\/\/www.incorectpolitic.com\/curaj-adevar-si-libertate-senatorul-miron-manega-s-o-s-a-propus-abrogarea-legilor-delictului-de-opinie\/\" title=\"CURAJ, ADEV\u0102R \u0218I LIBERTATE! Senatorul Miron Manega (S.O.S.) a propus abrogarea legilor delictului de opinie!\"><img loading=\"lazy\" decoding=\"async\" width=\"150\" height=\"150\" src=\"https:\/\/www.incorectpolitic.com\/wp-content\/uploads\/2019\/04\/manega-150x150.png\" class=\"attachment-thumbnail size-thumbnail wp-post-image lazyload\" alt><img loading=\"lazy\" decoding=\"async\" width=\"150\" height=\"150\" src=\"https:\/\/www.incorectpolitic.com\/wp-content\/uploads\/2019\/04\/manega-150x150.png\" class=\"attachment-thumbnail size-thumbnail wp-post-image\" alt data-eio=\"l\"><\/a><\/div>\n<div class=\"entry-title\"><a class=\"featured_post_link\" href=\"https:\/\/www.incorectpolitic.com\/curaj-adevar-si-libertate-senatorul-miron-manega-s-o-s-a-propus-abrogarea-legilor-delictului-de-opinie\/\" title=\"CURAJ, ADEV\u0102R \u0218I LIBERTATE! Senatorul Miron Manega (S.O.S.) a propus abrogarea legilor delictului de opinie!\">CURAJ, ADEV\u0102R \u0218I LIBERTATE! Senatorul Miron Manega (S.O.S.) a propus abrogarea legilor delictului de opinie!<\/a><\/div>\n<\/article>\n<article class=\"post-80361 post type-post status-publish entry includes-feat-image\">\n<div class=\"featured-image alignleft\"><a class=\"featured_post_link\" href=\"https:\/\/www.incorectpolitic.com\/ultimul-fiu-al-daciei\/\" title=\"Ultimul Fiu al Daciei\"><img loading=\"lazy\" decoding=\"async\" width=\"100\" height=\"150\" src=\"https:\/\/www.incorectpolitic.com\/wp-content\/uploads\/2025\/10\/dac.jpeg\" class=\"attachment-thumbnail size-thumbnail wp-post-image lazyload\" alt><img loading=\"lazy\" decoding=\"async\" width=\"100\" height=\"150\" src=\"https:\/\/www.incorectpolitic.com\/wp-content\/uploads\/2025\/10\/dac.jpeg\" class=\"attachment-thumbnail size-thumbnail wp-post-image\" alt data-eio=\"l\"><\/a><\/div>\n<div class=\"entry-title\"><a class=\"featured_post_link\" href=\"https:\/\/www.incorectpolitic.com\/ultimul-fiu-al-daciei\/\" title=\"Ultimul Fiu al Daciei\">Ultimul Fiu al Daciei<\/a><\/div>\n<\/article>\n<article class=\"post-73927 post type-post status-publish entry includes-feat-image\">\n<div class=\"featured-image alignleft\"><a class=\"featured_post_link\" href=\"https:\/\/www.incorectpolitic.com\/cauzele-si-dinamica-antisemitismului\/\" title=\"Cauzele \u0219i Dinamica Antisemitismului\"><img loading=\"lazy\" decoding=\"async\" width=\"150\" height=\"150\" src=\"https:\/\/www.incorectpolitic.com\/wp-content\/uploads\/2018\/09\/bolshevik-jews-150x150.jpg\" class=\"attachment-thumbnail size-thumbnail wp-post-image lazyload\" alt><img loading=\"lazy\" decoding=\"async\" width=\"150\" height=\"150\" src=\"https:\/\/www.incorectpolitic.com\/wp-content\/uploads\/2018\/09\/bolshevik-jews-150x150.jpg\" class=\"attachment-thumbnail size-thumbnail wp-post-image\" alt data-eio=\"l\"><\/a><\/div>\n<div class=\"entry-title\"><a class=\"featured_post_link\" href=\"https:\/\/www.incorectpolitic.com\/cauzele-si-dinamica-antisemitismului\/\" title=\"Cauzele \u0219i Dinamica Antisemitismului\">Cauzele \u0219i Dinamica Antisemitismului<\/a><\/div>\n<\/article>\n<article class=\"post-72974 post type-post status-publish entry includes-feat-image\">\n<div class=\"featured-image alignleft\"><a class=\"featured_post_link\" href=\"https:\/\/www.incorectpolitic.com\/navalirea-jidanilor-de-vasile-alecsandri-piesa-interzisa\/\" title=\"N\u0103v\u0103lirea Jidanilor \u2013 de Vasile Alecsandri (Pies\u0103 interzis\u0103)\"><img loading=\"lazy\" decoding=\"async\" width=\"150\" height=\"150\" src=\"https:\/\/www.incorectpolitic.com\/wp-content\/uploads\/2024\/02\/jidani-navalire-2.png\" class=\"attachment-thumbnail size-thumbnail wp-post-image lazyload\" alt><img loading=\"lazy\" decoding=\"async\" width=\"150\" height=\"150\" src=\"https:\/\/www.incorectpolitic.com\/wp-content\/uploads\/2024\/02\/jidani-navalire-2.png\" class=\"attachment-thumbnail size-thumbnail wp-post-image\" alt data-eio=\"l\"><\/a><\/div>\n<div class=\"entry-title\"><a class=\"featured_post_link\" href=\"https:\/\/www.incorectpolitic.com\/navalirea-jidanilor-de-vasile-alecsandri-piesa-interzisa\/\" title=\"N\u0103v\u0103lirea Jidanilor \u2013 de Vasile Alecsandri (Pies\u0103 interzis\u0103)\">N\u0103v\u0103lirea Jidanilor \u2013 de Vasile Alecsandri (Pies\u0103 interzis\u0103)<\/a><\/div>\n<\/article>\n<article class=\"post-71879 post type-post status-publish entry includes-feat-image\">\n<div class=\"featured-image alignleft\"><a class=\"featured_post_link\" href=\"https:\/\/www.incorectpolitic.com\/europa-si-romania-in-anul-2050\/\" title=\"Europa \u0219i Rom\u00e2nia \u00een anul 2050\"><img loading=\"lazy\" decoding=\"async\" width=\"147\" height=\"150\" src=\"https:\/\/www.incorectpolitic.com\/wp-content\/uploads\/2024\/01\/Romania-2050-2.png\" class=\"attachment-thumbnail size-thumbnail wp-post-image lazyload\" alt><img loading=\"lazy\" decoding=\"async\" width=\"147\" height=\"150\" src=\"https:\/\/www.incorectpolitic.com\/wp-content\/uploads\/2024\/01\/Romania-2050-2.png\" class=\"attachment-thumbnail size-thumbnail wp-post-image\" alt data-eio=\"l\"><\/a><\/div>\n<div class=\"entry-title\"><a class=\"featured_post_link\" href=\"https:\/\/www.incorectpolitic.com\/europa-si-romania-in-anul-2050\/\" title=\"Europa \u0219i Rom\u00e2nia \u00een anul 2050\">Europa \u0219i Rom\u00e2nia \u00een anul 2050<\/a><\/div>\n<\/article>\n<article class=\"post-23854 post type-post status-publish entry includes-feat-image\">\n<div class=\"featured-image alignleft\"><a class=\"featured_post_link\" href=\"https:\/\/www.incorectpolitic.com\/vizita-papei-autonomie-alternativa\/\" title=\"Vizita Papei \u2013 Autonomie Alternativ\u0103\"><img loading=\"lazy\" decoding=\"async\" width=\"150\" height=\"150\" class=\"attachment-thumbnail size-thumbnail wp-post-image lazyload\" alt src=\"https:\/\/www.incorectpolitic.com\/wp-content\/uploads\/2019\/06\/uI2HFtR-150x150.jpg\"><img loading=\"lazy\" decoding=\"async\" width=\"150\" height=\"150\" src=\"https:\/\/www.incorectpolitic.com\/wp-content\/uploads\/2019\/06\/uI2HFtR-150x150.jpg\" class=\"attachment-thumbnail size-thumbnail wp-post-image\" alt data-eio=\"l\"><\/a><\/div>\n<div class=\"entry-title\"><a class=\"featured_post_link\" href=\"https:\/\/www.incorectpolitic.com\/vizita-papei-autonomie-alternativa\/\" title=\"Vizita Papei \u2013 Autonomie Alternativ\u0103\">Vizita Papei \u2013 Autonomie Alternativ\u0103<\/a><\/div>\n<\/article>\n<article class=\"post-72111 post type-post status-publish entry includes-feat-image\">\n<div class=\"featured-image alignleft\"><a class=\"featured_post_link\" href=\"https:\/\/www.incorectpolitic.com\/revelion-2023-2024-vine-anul-biruintei\/\" title=\"Revelion 2023 \u2013 2024 vine ANUL BIRUIN\u021aEI\"><img loading=\"lazy\" decoding=\"async\" width=\"150\" height=\"150\" src=\"https:\/\/www.incorectpolitic.com\/wp-content\/uploads\/2023\/12\/anul-biruintei.png\" class=\"attachment-thumbnail size-thumbnail wp-post-image lazyload\" alt><img loading=\"lazy\" decoding=\"async\" width=\"150\" height=\"150\" src=\"https:\/\/www.incorectpolitic.com\/wp-content\/uploads\/2023\/12\/anul-biruintei.png\" class=\"attachment-thumbnail size-thumbnail wp-post-image\" alt data-eio=\"l\"><\/a><\/div>\n<div class=\"entry-title\"><a class=\"featured_post_link\" href=\"https:\/\/www.incorectpolitic.com\/revelion-2023-2024-vine-anul-biruintei\/\" title=\"Revelion 2023 \u2013 2024 vine ANUL BIRUIN\u021aEI\">Revelion 2023 \u2013 2024 vine ANUL BIRUIN\u021aEI<\/a><\/div>\n<\/article>\n<article class=\"post-50139 post type-post status-publish entry includes-feat-image\">\n<div class=\"featured-image alignleft\"><a class=\"featured_post_link\" href=\"https:\/\/www.incorectpolitic.com\/analiza-strategiei-adoptata-de-guvern-pentru-combaterea-antisemitismului-xenofobiei-si-discursului-instigator-la-ura-2021-2023\/\" title=\"Analiza Strategiei Adoptat\u0103 de Guvern Pentru Combaterea \u201cantisemitismului, xenofobiei \u0219i discursului instigator la ur\u0103 2021-2023\u201d\"><img loading=\"lazy\" decoding=\"async\" width=\"150\" height=\"150\" src=\"https:\/\/www.incorectpolitic.com\/wp-content\/uploads\/2019\/08\/Jewish-censorship-e1421273251759-2-150x150.jpg\" class=\"attachment-thumbnail size-thumbnail wp-post-image lazyload\" alt><img loading=\"lazy\" decoding=\"async\" width=\"150\" height=\"150\" src=\"https:\/\/www.incorectpolitic.com\/wp-content\/uploads\/2019\/08\/Jewish-censorship-e1421273251759-2-150x150.jpg\" class=\"attachment-thumbnail size-thumbnail wp-post-image\" alt data-eio=\"l\"><\/a><\/div>\n<div class=\"entry-title\"><a class=\"featured_post_link\" href=\"https:\/\/www.incorectpolitic.com\/analiza-strategiei-adoptata-de-guvern-pentru-combaterea-antisemitismului-xenofobiei-si-discursului-instigator-la-ura-2021-2023\/\" title=\"Analiza Strategiei Adoptat\u0103 de Guvern Pentru Combaterea \u201cantisemitismului, xenofobiei \u0219i discursului instigator la ur\u0103 2021-2023\u201d\">Analiza Strategiei Adoptat\u0103 de Guvern Pentru Combaterea \u201cantisemitismului, xenofobiei \u0219i discursului instigator la ur\u0103 2021-2023\u201d<\/a><\/div>\n<\/article>\n<article class=\"post-70829 post type-post status-publish entry includes-feat-image\">\n<div class=\"featured-image alignleft\"><a class=\"featured_post_link\" href=\"https:\/\/www.incorectpolitic.com\/pozitia-unilaterala-a-pseudo-politicienilor-din-romania-si-a-bor-in-sustinerea-israelului-singurul-stat-terorist-din-lume-arata-ca-acestia-nu-au-o-fibra-cu-adevarat-nationala\/\" title=\"Pozi\u021bia unilateral\u0103 a pseudo politicienilor din Rom\u00e2nia \u0219i a BOR \u00een sus\u021binerea Israelului, singurul stat terorist din lume, arat\u0103 c\u0103 ace\u0219tia nu au o fibr\u0103 cu adev\u0103rat na\u021bional\u0103\"><img loading=\"lazy\" decoding=\"async\" width=\"150\" height=\"89\" src=\"https:\/\/www.incorectpolitic.com\/wp-content\/uploads\/2023\/08\/circumcision.png\" class=\"attachment-thumbnail size-thumbnail wp-post-image lazyload\" alt><img loading=\"lazy\" decoding=\"async\" width=\"150\" height=\"89\" src=\"https:\/\/www.incorectpolitic.com\/wp-content\/uploads\/2023\/08\/circumcision.png\" class=\"attachment-thumbnail size-thumbnail wp-post-image\" alt data-eio=\"l\"><\/a><\/div>\n<div class=\"entry-title\"><a class=\"featured_post_link\" href=\"https:\/\/www.incorectpolitic.com\/pozitia-unilaterala-a-pseudo-politicienilor-din-romania-si-a-bor-in-sustinerea-israelului-singurul-stat-terorist-din-lume-arata-ca-acestia-nu-au-o-fibra-cu-adevarat-nationala\/\" title=\"Pozi\u021bia unilateral\u0103 a pseudo politicienilor din Rom\u00e2nia \u0219i a BOR \u00een sus\u021binerea Israelului, singurul stat terorist din lume, arat\u0103 c\u0103 ace\u0219tia nu au o fibr\u0103 cu adev\u0103rat na\u021bional\u0103\">Pozi\u021bia unilateral\u0103 a pseudo politicienilor din Rom\u00e2nia \u0219i a BOR \u00een sus\u021binerea Israelului, singurul stat terorist din lume, arat\u0103 c\u0103 ace\u0219tia nu au o fibr\u0103 cu adev\u0103rat na\u021bional\u0103<\/a><\/div>\n<\/article>\n<article class=\"post-66937 post type-post status-publish entry includes-feat-image\">\n<div class=\"featured-image alignleft\"><a class=\"featured_post_link\" href=\"https:\/\/www.incorectpolitic.com\/agresiunea-impotriva-revizionistilor-istorici-si-efectele-linsajului-judiciar-de-la-nuremberg\/\" title=\"Agresiunea \u00eempotriva Revizioni\u0219tilor Istorici \u0219i efectele lin\u0219ajului judiciar de la Nurnberg\"><img loading=\"lazy\" decoding=\"async\" width=\"150\" height=\"100\" src=\"https:\/\/www.incorectpolitic.com\/wp-content\/uploads\/2023\/04\/image_2023-04-30_134634134.png\" class=\"attachment-thumbnail size-thumbnail wp-post-image lazyload\" alt><img loading=\"lazy\" decoding=\"async\" width=\"150\" height=\"100\" src=\"https:\/\/www.incorectpolitic.com\/wp-content\/uploads\/2023\/04\/image_2023-04-30_134634134.png\" class=\"attachment-thumbnail size-thumbnail wp-post-image\" alt data-eio=\"l\"><\/a><\/div>\n<div class=\"entry-title\"><a class=\"featured_post_link\" href=\"https:\/\/www.incorectpolitic.com\/agresiunea-impotriva-revizionistilor-istorici-si-efectele-linsajului-judiciar-de-la-nuremberg\/\" title=\"Agresiunea \u00eempotriva Revizioni\u0219tilor Istorici \u0219i efectele lin\u0219ajului judiciar de la Nurnberg\">Agresiunea \u00eempotriva Revizioni\u0219tilor Istorici \u0219i efectele lin\u0219ajului judiciar de la Nurnberg<\/a><\/div>\n<\/article>\n<article class=\"post-19111 post type-post status-publish entry includes-feat-image\">\n<div class=\"featured-image alignleft\"><a class=\"featured_post_link\" href=\"https:\/\/www.incorectpolitic.com\/despre-adevar\/\" title=\"Despre Adev\u0103r\"><img loading=\"lazy\" decoding=\"async\" width=\"150\" height=\"150\" src=\"https:\/\/www.incorectpolitic.com\/wp-content\/uploads\/2019\/02\/freedomfromchain-150x150.jpg\" class=\"attachment-thumbnail size-thumbnail wp-post-image lazyload\" alt><img loading=\"lazy\" decoding=\"async\" width=\"150\" height=\"150\" src=\"https:\/\/www.incorectpolitic.com\/wp-content\/uploads\/2019\/02\/freedomfromchain-150x150.jpg\" class=\"attachment-thumbnail size-thumbnail wp-post-image\" alt data-eio=\"l\"><\/a><\/div>\n<div class=\"entry-title\"><a class=\"featured_post_link\" href=\"https:\/\/www.incorectpolitic.com\/despre-adevar\/\" title=\"Despre Adev\u0103r\">Despre Adev\u0103r<\/a><\/div>\n<\/article>\n<article class=\"post-53767 post type-post status-publish entry includes-feat-image\">\n<div class=\"featured-image alignleft\"><a class=\"featured_post_link\" href=\"https:\/\/www.incorectpolitic.com\/dictionarul-coincidentelor-cine-sunt-iudeii-care-ne-au-influentat-tara-in-istoria-recenta\/\" title=\"DIC\u021aIONARUL COINCIDEN\u021aELOR  \u2013 Cine sunt iudeii care ne-au influen\u021bat \u021bara \u00een istoria recent\u0103\"><img loading=\"lazy\" decoding=\"async\" width=\"150\" height=\"150\" src=\"https:\/\/www.incorectpolitic.com\/wp-content\/uploads\/2021\/09\/coinc-150x150.png\" class=\"attachment-thumbnail size-thumbnail wp-post-image lazyload\" alt><img loading=\"lazy\" decoding=\"async\" width=\"150\" height=\"150\" src=\"https:\/\/www.incorectpolitic.com\/wp-content\/uploads\/2021\/09\/coinc-150x150.png\" class=\"attachment-thumbnail size-thumbnail wp-post-image\" alt data-eio=\"l\"><\/a><\/div>\n<div class=\"entry-title\"><a class=\"featured_post_link\" href=\"https:\/\/www.incorectpolitic.com\/dictionarul-coincidentelor-cine-sunt-iudeii-care-ne-au-influentat-tara-in-istoria-recenta\/\" title=\"DIC\u021aIONARUL COINCIDEN\u021aELOR  \u2013 Cine sunt iudeii care ne-au influen\u021bat \u021bara \u00een istoria recent\u0103\">DIC\u021aIONARUL COINCIDEN\u021aELOR  \u2013 Cine sunt iudeii care ne-au influen\u021bat \u021bara \u00een istoria recent\u0103<\/a><\/div>\n<\/article>\n<article class=\"post-51156 post type-post status-publish entry includes-feat-image\">\n<div class=\"featured-image alignleft\"><a class=\"featured_post_link\" href=\"https:\/\/www.incorectpolitic.com\/desertaciune-nu-aparare\/\" title=\"DE\u0218ERT\u0102CIUNE?! Nu, AP\u0102RARE!\"><img loading=\"lazy\" decoding=\"async\" width=\"150\" height=\"150\" class=\"attachment-thumbnail size-thumbnail wp-post-image lazyload\" alt src=\"https:\/\/www.incorectpolitic.com\/wp-content\/uploads\/2021\/06\/desertaciune-nu-aparare-150x150.jpg\"><img loading=\"lazy\" decoding=\"async\" width=\"150\" height=\"150\" src=\"https:\/\/www.incorectpolitic.com\/wp-content\/uploads\/2021\/06\/desertaciune-nu-aparare-150x150.jpg\" class=\"attachment-thumbnail size-thumbnail wp-post-image\" alt data-eio=\"l\"><\/a><\/div>\n<div class=\"entry-title\"><a class=\"featured_post_link\" href=\"https:\/\/www.incorectpolitic.com\/desertaciune-nu-aparare\/\" title=\"DE\u0218ERT\u0102CIUNE?! Nu, AP\u0102RARE!\">DE\u0218ERT\u0102CIUNE?! Nu, AP\u0102RARE!<\/a><\/div>\n<\/article>\n<article class=\"post-44728 post type-post status-publish entry includes-feat-image\">\n<div class=\"featured-image alignleft\"><a class=\"featured_post_link\" href=\"https:\/\/www.incorectpolitic.com\/resetarea-medicinei-sau-resetarea-omenirii-prin-nanotehnologie\/\" title=\"Resetarea Medicinei sau Resetarea Omenirii prin Nanotehnologie\"><img loading=\"lazy\" decoding=\"async\" width=\"150\" height=\"150\" src=\"https:\/\/www.incorectpolitic.com\/wp-content\/uploads\/2020\/12\/ed8a914d6d236c9d231903a8b2e79f63-150x150.gif\" class=\"attachment-thumbnail size-thumbnail wp-post-image lazyload\" alt><img loading=\"lazy\" decoding=\"async\" width=\"150\" height=\"150\" src=\"https:\/\/www.incorectpolitic.com\/wp-content\/uploads\/2020\/12\/ed8a914d6d236c9d231903a8b2e79f63-150x150.gif\" class=\"attachment-thumbnail size-thumbnail wp-post-image\" alt data-eio=\"l\"><\/a><\/div>\n<div class=\"entry-title\"><a class=\"featured_post_link\" href=\"https:\/\/www.incorectpolitic.com\/resetarea-medicinei-sau-resetarea-omenirii-prin-nanotehnologie\/\" title=\"Resetarea Medicinei sau Resetarea Omenirii prin Nanotehnologie\">Resetarea Medicinei sau Resetarea Omenirii prin Nanotehnologie<\/a><\/div>\n<\/article>\n<article class=\"post-43837 post type-post status-publish entry includes-feat-image\">\n<div class=\"featured-image alignleft\"><a class=\"featured_post_link\" href=\"https:\/\/www.incorectpolitic.com\/noul-legamant\/\" title=\"Noul Leg\u0103m\u00e2nt\"><img loading=\"lazy\" decoding=\"async\" width=\"150\" height=\"150\" src=\"https:\/\/www.incorectpolitic.com\/wp-content\/uploads\/2020\/12\/NL-150x150.jpg\" class=\"attachment-thumbnail size-thumbnail wp-post-image lazyload\" alt><img loading=\"lazy\" decoding=\"async\" width=\"150\" height=\"150\" src=\"https:\/\/www.incorectpolitic.com\/wp-content\/uploads\/2020\/12\/NL-150x150.jpg\" class=\"attachment-thumbnail size-thumbnail wp-post-image\" alt data-eio=\"l\"><\/a><\/div>\n<div class=\"entry-title\"><a class=\"featured_post_link\" href=\"https:\/\/www.incorectpolitic.com\/noul-legamant\/\" title=\"Noul Leg\u0103m\u00e2nt\">Noul Leg\u0103m\u00e2nt<\/a><\/div>\n<\/article>\n<article class=\"post-42525 post type-post status-publish entry includes-feat-image\">\n<div class=\"featured-image alignleft\"><a class=\"featured_post_link\" href=\"https:\/\/www.incorectpolitic.com\/vaccinarea-inseamna-crima-un-atentat-la-sanatatea-personala-la-integritatea-corporala-si-intimitatea-oricarui-om-liber-medicul-ce-vaccineaza-cu-forta-un-om-liber-merita-sa-fie-pedepsit-de-acesta\/\" title=\"Vaccinarea \u00eenseamn\u0103 crim\u0103, un atentat la s\u0103n\u0103tatea personal\u0103, la integritatea corporal\u0103 \u0219i intimitatea oric\u0103rui om liber. Medicul ce vaccineaz\u0103 cu for\u021ba un om liber merit\u0103 s\u0103 fie pedepsit de acesta\"><img loading=\"lazy\" decoding=\"async\" width=\"150\" height=\"150\" src=\"https:\/\/www.incorectpolitic.com\/wp-content\/uploads\/2020\/11\/syringe_0-150x150.jpg\" class=\"attachment-thumbnail size-thumbnail wp-post-image lazyload\" alt><img loading=\"lazy\" decoding=\"async\" width=\"150\" height=\"150\" src=\"https:\/\/www.incorectpolitic.com\/wp-content\/uploads\/2020\/11\/syringe_0-150x150.jpg\" class=\"attachment-thumbnail size-thumbnail wp-post-image\" alt data-eio=\"l\"><\/a><\/div>\n<div class=\"entry-title\"><a class=\"featured_post_link\" href=\"https:\/\/www.incorectpolitic.com\/vaccinarea-inseamna-crima-un-atentat-la-sanatatea-personala-la-integritatea-corporala-si-intimitatea-oricarui-om-liber-medicul-ce-vaccineaza-cu-forta-un-om-liber-merita-sa-fie-pedepsit-de-acesta\/\" title=\"Vaccinarea \u00eenseamn\u0103 crim\u0103, un atentat la s\u0103n\u0103tatea personal\u0103, la integritatea corporal\u0103 \u0219i intimitatea oric\u0103rui om liber. Medicul ce vaccineaz\u0103 cu for\u021ba un om liber merit\u0103 s\u0103 fie pedepsit de acesta\">Vaccinarea \u00eenseamn\u0103 crim\u0103, un atentat la s\u0103n\u0103tatea personal\u0103, la integritatea corporal\u0103 \u0219i intimitatea oric\u0103rui om liber. Medicul ce vaccineaz\u0103 cu for\u021ba un om liber merit\u0103 s\u0103 fie pedepsit de acesta<\/a><\/div>\n<\/article>\n<article class=\"post-38338 post type-post status-publish entry includes-feat-image\">\n<div class=\"featured-image alignleft\"><a class=\"featured_post_link\" href=\"https:\/\/www.incorectpolitic.com\/trebuie-sa-distrugem-suprematia-jidoveasca\/\" title=\"Trebuie s\u0103 distrugem superma\u021bia jidoveasc\u0103!\"><img loading=\"lazy\" decoding=\"async\" width=\"150\" height=\"150\" src=\"https:\/\/www.incorectpolitic.com\/wp-content\/uploads\/2018\/11\/GunoiOPS-150x150.png\" class=\"attachment-thumbnail size-thumbnail wp-post-image lazyload\" alt><img loading=\"lazy\" decoding=\"async\" width=\"150\" height=\"150\" src=\"https:\/\/www.incorectpolitic.com\/wp-content\/uploads\/2018\/11\/GunoiOPS-150x150.png\" class=\"attachment-thumbnail size-thumbnail wp-post-image\" alt data-eio=\"l\"><\/a><\/div>\n<div class=\"entry-title\"><a class=\"featured_post_link\" href=\"https:\/\/www.incorectpolitic.com\/trebuie-sa-distrugem-suprematia-jidoveasca\/\" title=\"Trebuie s\u0103 distrugem superma\u021bia jidoveasc\u0103!\">Trebuie s\u0103 distrugem superma\u021bia jidoveasc\u0103!<\/a><\/div>\n<\/article>\n<article class=\"post-30776 post type-post status-publish entry includes-feat-image\">\n<div class=\"featured-image alignleft\"><a class=\"featured_post_link\" href=\"https:\/\/www.incorectpolitic.com\/da-ti-doua-palme-si-ridica-te\/\" title=\"D\u0103-\u021bi Dou\u0103 Palme \u0219i Ridic\u0103-te\"><img loading=\"lazy\" decoding=\"async\" width=\"150\" height=\"150\" src=\"https:\/\/www.incorectpolitic.com\/wp-content\/uploads\/2019\/11\/1-mai-620x350-150x150.jpg\" class=\"attachment-thumbnail size-thumbnail wp-post-image lazyload\" alt><img loading=\"lazy\" decoding=\"async\" width=\"150\" height=\"150\" src=\"https:\/\/www.incorectpolitic.com\/wp-content\/uploads\/2019\/11\/1-mai-620x350-150x150.jpg\" class=\"attachment-thumbnail size-thumbnail wp-post-image\" alt data-eio=\"l\"><\/a><\/div>\n<div class=\"entry-title\"><a class=\"featured_post_link\" href=\"https:\/\/www.incorectpolitic.com\/da-ti-doua-palme-si-ridica-te\/\" title=\"D\u0103-\u021bi Dou\u0103 Palme \u0219i Ridic\u0103-te\">D\u0103-\u021bi Dou\u0103 Palme \u0219i Ridic\u0103-te<\/a><\/div>\n<\/article>\n<article class=\"post-27862 post type-post status-publish entry includes-feat-image\">\n<div class=\"featured-image alignleft\"><a class=\"featured_post_link\" href=\"https:\/\/www.incorectpolitic.com\/scrisoare-deschisa-catre-neamul-romanesc\/\" title=\"Scrisoare Deschis\u0103 C\u0103tre Neamul Rom\u00e2nesc\"><img loading=\"lazy\" decoding=\"async\" width=\"150\" height=\"150\" src=\"https:\/\/www.incorectpolitic.com\/wp-content\/uploads\/2019\/09\/videoblocks-male-hand-reload-a-revolver-magnum-gun-without-bullets-magnum-revolver-and-empty-bullet-magnum-lead-round-nose-45-auto-rim-revolver-rounds_ha1focujz_thumbnail-full01-150x150.jpg\" class=\"attachment-thumbnail size-thumbnail wp-post-image lazyload\" alt><img loading=\"lazy\" decoding=\"async\" width=\"150\" height=\"150\" src=\"https:\/\/www.incorectpolitic.com\/wp-content\/uploads\/2019\/09\/videoblocks-male-hand-reload-a-revolver-magnum-gun-without-bullets-magnum-revolver-and-empty-bullet-magnum-lead-round-nose-45-auto-rim-revolver-rounds_ha1focujz_thumbnail-full01-150x150.jpg\" class=\"attachment-thumbnail size-thumbnail wp-post-image\" alt data-eio=\"l\"><\/a><\/div>\n<div class=\"entry-title\"><a class=\"featured_post_link\" href=\"https:\/\/www.incorectpolitic.com\/scrisoare-deschisa-catre-neamul-romanesc\/\" title=\"Scrisoare Deschis\u0103 C\u0103tre Neamul Rom\u00e2nesc\">Scrisoare Deschis\u0103 C\u0103tre Neamul Rom\u00e2nesc<\/a><\/div>\n<\/article>\n<article class=\"post-26255 post type-post status-publish entry includes-feat-image\">\n<div class=\"featured-image alignleft\"><a class=\"featured_post_link\" href=\"https:\/\/www.incorectpolitic.com\/sociologia-eliberarii-si-curentele-laterale-de-sedimentare-revolutionara\/\" title=\"Sociologia Eliber\u0103rii \u0219i Curentele Laterale de Sedimentare Revolu\u021bionar\u0103\"><img loading=\"lazy\" decoding=\"async\" width=\"150\" height=\"150\" src=\"https:\/\/www.incorectpolitic.com\/wp-content\/uploads\/2020\/12\/nm3-150x150.png\" class=\"attachment-thumbnail size-thumbnail wp-post-image lazyload\" alt><img loading=\"lazy\" decoding=\"async\" width=\"150\" height=\"150\" src=\"https:\/\/www.incorectpolitic.com\/wp-content\/uploads\/2020\/12\/nm3-150x150.png\" class=\"attachment-thumbnail size-thumbnail wp-post-image\" alt data-eio=\"l\"><\/a><\/div>\n<div class=\"entry-title\"><a class=\"featured_post_link\" href=\"https:\/\/www.incorectpolitic.com\/sociologia-eliberarii-si-curentele-laterale-de-sedimentare-revolutionara\/\" title=\"Sociologia Eliber\u0103rii \u0219i Curentele Laterale de Sedimentare Revolu\u021bionar\u0103\">Sociologia Eliber\u0103rii \u0219i Curentele Laterale de Sedimentare Revolu\u021bionar\u0103<\/a><\/div>\n<\/article>\n<article class=\"post-21977 post type-post status-publish entry includes-feat-image\">\n<div class=\"featured-image alignleft\"><a class=\"featured_post_link\" href=\"https:\/\/www.incorectpolitic.com\/impotriva-fatalismului\/\" title=\"\u00cempotriva Fatalismului\"><img loading=\"lazy\" decoding=\"async\" width=\"150\" height=\"150\" src=\"https:\/\/www.incorectpolitic.com\/wp-content\/uploads\/2019\/04\/thumb-150x150.jpg\" class=\"attachment-thumbnail size-thumbnail wp-post-image lazyload\" alt><img loading=\"lazy\" decoding=\"async\" width=\"150\" height=\"150\" src=\"https:\/\/www.incorectpolitic.com\/wp-content\/uploads\/2019\/04\/thumb-150x150.jpg\" class=\"attachment-thumbnail size-thumbnail wp-post-image\" alt data-eio=\"l\"><\/a><\/div>\n<div class=\"entry-title\"><a class=\"featured_post_link\" href=\"https:\/\/www.incorectpolitic.com\/impotriva-fatalismului\/\" title=\"\u00cempotriva Fatalismului\">\u00cempotriva Fatalismului<\/a><\/div>\n<\/article>\n<article class=\"post-20844 post type-post status-publish entry includes-feat-image\">\n<div class=\"featured-image alignleft\"><a class=\"featured_post_link\" href=\"https:\/\/www.incorectpolitic.com\/inceputul-etapei-post-globaliste-mass-media-ultimul-obstacol\/\" title=\"\u00cenceputul Etapei Post-Globaliste \u2013  Mass Media Ultimul Obstacol\"><img loading=\"lazy\" decoding=\"async\" width=\"150\" height=\"150\" src=\"https:\/\/www.incorectpolitic.com\/wp-content\/uploads\/2019\/03\/https___cdn.cnn_.com_cnnnext_dam_assets_181202123002-yellow-vest-protest-150x150.jpg\" class=\"attachment-thumbnail size-thumbnail wp-post-image lazyload\" alt><img loading=\"lazy\" decoding=\"async\" width=\"150\" height=\"150\" src=\"https:\/\/www.incorectpolitic.com\/wp-content\/uploads\/2019\/03\/https___cdn.cnn_.com_cnnnext_dam_assets_181202123002-yellow-vest-protest-150x150.jpg\" class=\"attachment-thumbnail size-thumbnail wp-post-image\" alt data-eio=\"l\"><\/a><\/div>\n<div class=\"entry-title\"><a class=\"featured_post_link\" href=\"https:\/\/www.incorectpolitic.com\/inceputul-etapei-post-globaliste-mass-media-ultimul-obstacol\/\" title=\"\u00cenceputul Etapei Post-Globaliste \u2013  Mass Media Ultimul Obstacol\">\u00cenceputul Etapei Post-Globaliste \u2013  Mass Media Ultimul Obstacol<\/a><\/div>\n<\/article>\n<article class=\"post-19704 post type-post status-publish entry includes-feat-image\">\n<div class=\"featured-image alignleft\"><a class=\"featured_post_link\" href=\"https:\/\/www.incorectpolitic.com\/mlastina-mass-media-serial-complet\/\" title=\"Mla\u0219tina Mass Media  \u2013 Serial Complet\"><img loading=\"lazy\" decoding=\"async\" width=\"150\" height=\"150\" src=\"https:\/\/www.incorectpolitic.com\/wp-content\/uploads\/2018\/06\/colaj-modificat-1-768x278-150x150.jpg\" class=\"attachment-thumbnail size-thumbnail wp-post-image lazyload\" alt><img loading=\"lazy\" decoding=\"async\" width=\"150\" height=\"150\" src=\"https:\/\/www.incorectpolitic.com\/wp-content\/uploads\/2018\/06\/colaj-modificat-1-768x278-150x150.jpg\" class=\"attachment-thumbnail size-thumbnail wp-post-image\" alt data-eio=\"l\"><\/a><\/div>\n<div class=\"entry-title\"><a class=\"featured_post_link\" href=\"https:\/\/www.incorectpolitic.com\/mlastina-mass-media-serial-complet\/\" title=\"Mla\u0219tina Mass Media  \u2013 Serial Complet\">Mla\u0219tina Mass Media  \u2013 Serial Complet<\/a><\/div>\n<\/article>\n<article class=\"post-5104 post type-post status-publish entry includes-feat-image\">\n<div class=\"featured-image alignleft\"><a class=\"featured_post_link\" href=\"https:\/\/www.incorectpolitic.com\/momentul-1937\/\" title=\"Momentul 1937\"><img loading=\"lazy\" decoding=\"async\" width=\"150\" height=\"150\" src=\"https:\/\/www.incorectpolitic.com\/wp-content\/uploads\/2018\/03\/capitanul-codreanu2003a-150x150.jpg\" class=\"attachment-thumbnail size-thumbnail wp-post-image lazyload\" alt><img loading=\"lazy\" decoding=\"async\" width=\"150\" height=\"150\" src=\"https:\/\/www.incorectpolitic.com\/wp-content\/uploads\/2018\/03\/capitanul-codreanu2003a-150x150.jpg\" class=\"attachment-thumbnail size-thumbnail wp-post-image\" alt data-eio=\"l\"><\/a><\/div>\n<div class=\"entry-title\"><a class=\"featured_post_link\" href=\"https:\/\/www.incorectpolitic.com\/momentul-1937\/\" title=\"Momentul 1937\">Momentul 1937<\/a><\/div>\n<\/article>\n<article class=\"post-16914 post type-post status-publish entry includes-feat-image\">\n<div class=\"featured-image alignleft\"><a class=\"featured_post_link\" href=\"https:\/\/www.incorectpolitic.com\/portretul-romanului-iudeo-crestin\/\" title=\"Portretul Rom\u00e2nului Iudeo-Cre\u0219tin Iubitor de Infanticid\"><img loading=\"lazy\" decoding=\"async\" width=\"150\" height=\"150\" src=\"https:\/\/www.incorectpolitic.com\/wp-content\/uploads\/2019\/01\/venn-150x150.jpg\" class=\"attachment-thumbnail size-thumbnail wp-post-image lazyload\" alt><img loading=\"lazy\" decoding=\"async\" width=\"150\" height=\"150\" src=\"https:\/\/www.incorectpolitic.com\/wp-content\/uploads\/2019\/01\/venn-150x150.jpg\" class=\"attachment-thumbnail size-thumbnail wp-post-image\" alt data-eio=\"l\"><\/a><\/div>\n<div class=\"entry-title\"><a class=\"featured_post_link\" href=\"https:\/\/www.incorectpolitic.com\/portretul-romanului-iudeo-crestin\/\" title=\"Portretul Rom\u00e2nului Iudeo-Cre\u0219tin Iubitor de Infanticid\">Portretul Rom\u00e2nului Iudeo-Cre\u0219tin Iubitor de Infanticid<\/a><\/div>\n<\/article>\n<article class=\"post-13899 post type-post status-publish entry includes-feat-image\">\n<div class=\"featured-image alignleft\"><a class=\"featured_post_link\" href=\"https:\/\/www.incorectpolitic.com\/manifest-impotriva-national-sionismului\/\" title=\"Manifest \u00cempotriva Na\u021bional-Sionismului din Rom\u00e2nia\"><img loading=\"lazy\" decoding=\"async\" width=\"150\" height=\"150\" src=\"https:\/\/www.incorectpolitic.com\/wp-content\/uploads\/2018\/10\/z1-150x150.png\" class=\"attachment-thumbnail size-thumbnail wp-post-image lazyload\" alt><img loading=\"lazy\" decoding=\"async\" width=\"150\" height=\"150\" src=\"https:\/\/www.incorectpolitic.com\/wp-content\/uploads\/2018\/10\/z1-150x150.png\" class=\"attachment-thumbnail size-thumbnail wp-post-image\" alt data-eio=\"l\"><\/a><\/div>\n<div class=\"entry-title\"><a class=\"featured_post_link\" href=\"https:\/\/www.incorectpolitic.com\/manifest-impotriva-national-sionismului\/\" title=\"Manifest \u00cempotriva Na\u021bional-Sionismului din Rom\u00e2nia\">Manifest \u00cempotriva Na\u021bional-Sionismului din Rom\u00e2nia<\/a><\/div>\n<\/article>\n<article class=\"post-7498 post type-post status-publish entry includes-feat-image\">\n<div class=\"featured-image alignleft\"><a class=\"featured_post_link\" href=\"https:\/\/www.incorectpolitic.com\/istorie-zydokomuna-cea-mai-completa-lista-a-nomenclaturii-iudeo-bolsevice-din-romania\/\" title=\"Istorie: \u017bYDOKOMUNA, Cea Mai Complet\u0103 List\u0103 a Nomenclaturii Iudeo-Bol\u0219evice din Rom\u00e2nia\"><img loading=\"lazy\" decoding=\"async\" width=\"150\" height=\"150\" src=\"https:\/\/www.incorectpolitic.com\/wp-content\/uploads\/2018\/06\/holocaustul-rosu-150x150.jpg\" class=\"attachment-thumbnail size-thumbnail wp-post-image lazyload\" alt><img loading=\"lazy\" decoding=\"async\" width=\"150\" height=\"150\" src=\"https:\/\/www.incorectpolitic.com\/wp-content\/uploads\/2018\/06\/holocaustul-rosu-150x150.jpg\" class=\"attachment-thumbnail size-thumbnail wp-post-image\" alt data-eio=\"l\"><\/a><\/div>\n<div class=\"entry-title\"><a class=\"featured_post_link\" href=\"https:\/\/www.incorectpolitic.com\/istorie-zydokomuna-cea-mai-completa-lista-a-nomenclaturii-iudeo-bolsevice-din-romania\/\" title=\"Istorie: \u017bYDOKOMUNA, Cea Mai Complet\u0103 List\u0103 a Nomenclaturii Iudeo-Bol\u0219evice din Rom\u00e2nia\">Istorie: \u017bYDOKOMUNA, Cea Mai Complet\u0103 List\u0103 a Nomenclaturii Iudeo-Bol\u0219evice din Rom\u00e2nia<\/a><\/div>\n<\/article>\n<article class=\"post-6413 post type-post status-publish entry includes-feat-image\">\n<div class=\"featured-image alignleft\"><a class=\"featured_post_link\" href=\"https:\/\/www.incorectpolitic.com\/iudaismul-este-un-proiect-politic\/\" title=\"Iudaismul Este Un Proiect Politic\"><img loading=\"lazy\" decoding=\"async\" width=\"150\" height=\"150\" src=\"https:\/\/www.incorectpolitic.com\/wp-content\/uploads\/2018\/05\/israelzionismjudaism5-150x150.jpeg\" class=\"attachment-thumbnail size-thumbnail wp-post-image lazyload\" alt><img loading=\"lazy\" decoding=\"async\" width=\"150\" height=\"150\" src=\"https:\/\/www.incorectpolitic.com\/wp-content\/uploads\/2018\/05\/israelzionismjudaism5-150x150.jpeg\" class=\"attachment-thumbnail size-thumbnail wp-post-image\" alt data-eio=\"l\"><\/a><\/div>\n<div class=\"entry-title\"><a class=\"featured_post_link\" href=\"https:\/\/www.incorectpolitic.com\/iudaismul-este-un-proiect-politic\/\" title=\"Iudaismul Este Un Proiect Politic\">Iudaismul Este Un Proiect Politic<\/a><\/div>\n<\/article>\n<article class=\"post-5089 post type-post status-publish entry includes-feat-image\">\n<div class=\"featured-image alignleft\"><a class=\"featured_post_link\" href=\"https:\/\/www.incorectpolitic.com\/exploziv-si-excluziv-interviul-interzis-in-presa-romaneasca\/\" title=\"EXPLOZIV \u0218I EXCLUSIV: Interviul INTERZIS \u00een Presa Rom\u00e2neasc\u0103\"><img loading=\"lazy\" decoding=\"async\" width=\"150\" height=\"150\" src=\"https:\/\/www.incorectpolitic.com\/wp-content\/uploads\/2018\/03\/gscz6z-150x150.gif\" class=\"attachment-thumbnail size-thumbnail wp-post-image lazyload\" alt><img loading=\"lazy\" decoding=\"async\" width=\"150\" height=\"150\" src=\"https:\/\/www.incorectpolitic.com\/wp-content\/uploads\/2018\/03\/gscz6z-150x150.gif\" class=\"attachment-thumbnail size-thumbnail wp-post-image\" alt data-eio=\"l\"><\/a><\/div>\n<div class=\"entry-title\"><a class=\"featured_post_link\" href=\"https:\/\/www.incorectpolitic.com\/exploziv-si-excluziv-interviul-interzis-in-presa-romaneasca\/\" title=\"EXPLOZIV \u0218I EXCLUSIV: Interviul INTERZIS \u00een Presa Rom\u00e2neasc\u0103\">EXPLOZIV \u0218I EXCLUSIV: Interviul INTERZIS \u00een Presa Rom\u00e2neasc\u0103<\/a><\/div>\n<\/article>\n<article class=\"post-1109 post type-post status-publish entry includes-feat-image\">\n<div class=\"featured-image alignleft\"><a class=\"featured_post_link\" href=\"https:\/\/www.incorectpolitic.com\/ofensiva-spirituala-poloniei\/\" title=\"Ofensiva Spiritual\u0103 a Poloniei\"><img loading=\"lazy\" decoding=\"async\" width=\"150\" height=\"150\" src=\"https:\/\/www.incorectpolitic.com\/wp-content\/uploads\/2017\/10\/jesus-with-whip3-150x150.jpg\" class=\"attachment-thumbnail size-thumbnail wp-post-image lazyload\" alt><img loading=\"lazy\" decoding=\"async\" width=\"150\" height=\"150\" src=\"https:\/\/www.incorectpolitic.com\/wp-content\/uploads\/2017\/10\/jesus-with-whip3-150x150.jpg\" class=\"attachment-thumbnail size-thumbnail wp-post-image\" alt data-eio=\"l\"><\/a><\/div>\n<div class=\"entry-title\"><a class=\"featured_post_link\" href=\"https:\/\/www.incorectpolitic.com\/ofensiva-spirituala-poloniei\/\" title=\"Ofensiva Spiritual\u0103 a Poloniei\">Ofensiva Spiritual\u0103 a Poloniei<\/a><\/div>\n<\/article>\n<article class=\"post-5673 post type-post status-publish entry includes-feat-image\">\n<div class=\"featured-image alignleft\"><a class=\"featured_post_link\" href=\"https:\/\/www.incorectpolitic.com\/biciul-prigonirii-romanilor-este-in-mana-jidanilor\/\" title=\"Biciul Prigonirii Rom\u00e2nilor Este \u00een M\u00e2na Jidanilor!\"><img loading=\"lazy\" decoding=\"async\" width=\"150\" height=\"150\" src=\"https:\/\/www.incorectpolitic.com\/wp-content\/uploads\/2018\/04\/S.-Vexler-si-B.-Netanyahu-150x150.jpg\" class=\"attachment-thumbnail size-thumbnail wp-post-image lazyload\" alt><img loading=\"lazy\" decoding=\"async\" width=\"150\" height=\"150\" src=\"https:\/\/www.incorectpolitic.com\/wp-content\/uploads\/2018\/04\/S.-Vexler-si-B.-Netanyahu-150x150.jpg\" class=\"attachment-thumbnail size-thumbnail wp-post-image\" alt data-eio=\"l\"><\/a><\/div>\n<div class=\"entry-title\"><a class=\"featured_post_link\" href=\"https:\/\/www.incorectpolitic.com\/biciul-prigonirii-romanilor-este-in-mana-jidanilor\/\" title=\"Biciul Prigonirii Rom\u00e2nilor Este \u00een M\u00e2na Jidanilor!\">Biciul Prigonirii Rom\u00e2nilor Este \u00een M\u00e2na Jidanilor!<\/a><\/div>\n<\/article>\n<article class=\"post-80464 post type-post status-publish entry includes-feat-image\">\n<div class=\"featured-image alignleft\"><a class=\"featured_post_link\" href=\"https:\/\/www.incorectpolitic.com\/talmudismul-este-esenta-satanismului\/\" title=\"TALMUDISMUL ESTE ESEN\u021aA SATANISMULUI\"><img loading=\"lazy\" decoding=\"async\" width=\"150\" height=\"150\" src=\"https:\/\/www.incorectpolitic.com\/wp-content\/uploads\/2020\/02\/vasile-zarnescu-150x150.png\" class=\"attachment-thumbnail size-thumbnail wp-post-image lazyload\" alt><img loading=\"lazy\" decoding=\"async\" width=\"150\" height=\"150\" src=\"https:\/\/www.incorectpolitic.com\/wp-content\/uploads\/2020\/02\/vasile-zarnescu-150x150.png\" class=\"attachment-thumbnail size-thumbnail wp-post-image\" alt data-eio=\"l\"><\/a><\/div>\n<div class=\"entry-title\"><a class=\"featured_post_link\" href=\"https:\/\/www.incorectpolitic.com\/talmudismul-este-esenta-satanismului\/\" title=\"TALMUDISMUL ESTE ESEN\u021aA SATANISMULUI\">TALMUDISMUL ESTE ESEN\u021aA SATANISMULUI<\/a><\/div>\n<\/article>\n<article class=\"post-20005 post type-post status-publish entry includes-feat-image\">\n<div class=\"featured-image alignleft\"><a class=\"featured_post_link\" href=\"https:\/\/www.incorectpolitic.com\/viciul-matematic-elementar-v-m-e-2\/\" title=\"Viciul Matematic Elementar (V.M.E.)\"><img loading=\"lazy\" decoding=\"async\" width=\"150\" height=\"150\" src=\"https:\/\/www.incorectpolitic.com\/wp-content\/uploads\/2017\/12\/tell-lie-vision-150x150.jpg\" class=\"attachment-thumbnail size-thumbnail wp-post-image lazyload\" alt><img loading=\"lazy\" decoding=\"async\" width=\"150\" height=\"150\" src=\"https:\/\/www.incorectpolitic.com\/wp-content\/uploads\/2017\/12\/tell-lie-vision-150x150.jpg\" class=\"attachment-thumbnail size-thumbnail wp-post-image\" alt data-eio=\"l\"><\/a><\/div>\n<div class=\"entry-title\"><a class=\"featured_post_link\" href=\"https:\/\/www.incorectpolitic.com\/viciul-matematic-elementar-v-m-e-2\/\" title=\"Viciul Matematic Elementar (V.M.E.)\">Viciul Matematic Elementar (V.M.E.)<\/a><\/div>\n<\/article>\n<p>[analyse_source url=&#8221;https:\/\/www.incorectpolitic.com\/activismul-asociatiei-miscarea-pentru-pace\/&#8221;]<\/p>\n","protected":false},"excerpt":{"rendered":"<p>[analyse_image type=&#8221;featured&#8221; src=&#8221;https:\/\/www.incorectpolitic.com\/wp-content\/uploads\/2026\/08\/mars_rez.jpeg&#8221;] Sterie CiumettiIncorect Politic August 24, 2026 Activismul Asocia\u021biei Mi\u0219carea pentru Pace Am primit pe email o list\u0103 cu activitatea recent\u0103 a asocia\u021biei Mi\u0219carea Pentru Pace \u0219i sesiz\u0103rile pe care asocia\u021bia le-a trimis institu\u021biilor de stat. Le voi prezenta mai jos, cu o not\u0103 la final: \u00a0 1. Blocajul guvernamental \u0219i interimatul prelungit [&hellip;]<\/p>\n","protected":false},"author":1,"featured_media":0,"comment_status":"open","ping_status":"","sticky":false,"template":"","format":"standard","meta":{"footnotes":""},"categories":[89],"tags":[226,95],"class_list":["post-2111509","post","type-post","status-publish","format-standard","hentry","category-romania","tag-crawlmanager","tag-incorectpolitic-com"],"_links":{"self":[{"href":"https:\/\/analyse.optim.biz\/index.php?rest_route=\/wp\/v2\/posts\/2111509","targetHints":{"allow":["GET"]}}],"collection":[{"href":"https:\/\/analyse.optim.biz\/index.php?rest_route=\/wp\/v2\/posts"}],"about":[{"href":"https:\/\/analyse.optim.biz\/index.php?rest_route=\/wp\/v2\/types\/post"}],"author":[{"embeddable":true,"href":"https:\/\/analyse.optim.biz\/index.php?rest_route=\/wp\/v2\/users\/1"}],"replies":[{"embeddable":true,"href":"https:\/\/analyse.optim.biz\/index.php?rest_route=%2Fwp%2Fv2%2Fcomments&post=2111509"}],"version-history":[{"count":0,"href":"https:\/\/analyse.optim.biz\/index.php?rest_route=\/wp\/v2\/posts\/2111509\/revisions"}],"wp:attachment":[{"href":"https:\/\/analyse.optim.biz\/index.php?rest_route=%2Fwp%2Fv2%2Fmedia&parent=2111509"}],"wp:term":[{"taxonomy":"category","embeddable":true,"href":"https:\/\/analyse.optim.biz\/index.php?rest_route=%2Fwp%2Fv2%2Fcategories&post=2111509"},{"taxonomy":"post_tag","embeddable":true,"href":"https:\/\/analyse.optim.biz\/index.php?rest_route=%2Fwp%2Fv2%2Ftags&post=2111509"}],"curies":[{"name":"wp","href":"https:\/\/api.w.org\/{rel}","templated":true}]}}