{"id":2111485,"date":"2026-08-25T15:19:23","date_gmt":"2026-08-25T12:19:23","guid":{"rendered":"https:\/\/analyse.optim.biz\/?p=2111485"},"modified":"2026-08-25T15:19:23","modified_gmt":"2026-08-25T12:19:23","slug":"consiliul-judetean-buzau-este-convocat-in-sedinta-ordinara-in-data-de-26-august-2026-ora-1200","status":"publish","type":"post","link":"https:\/\/analyse.optim.biz\/?p=2111485","title":{"rendered":"Consiliul Jude\u021bean Buz\u0103u este convocat \u00een \u015fedin\u0163\u0103 ordinar\u0103 \u00een data de 26 august 2026, ora 12:00"},"content":{"rendered":"<p>[analyse_image type=&#8221;featured&#8221; src=&#8221;https:\/\/revistaverde.ro\/wp-content\/uploads\/2022\/12\/cj-v.jpg&#8221;]<\/p>\n<article id=\"post-15853\" class=\"post-15853 post type-post status-publish format-standard has-post-thumbnail hentry category-comunicate-de-presa category-evnimente category-international\">\n<header class=\"entry-header mh-clearfix\">\n<h1 class=\"entry-title\">Consiliul Jude\u021bean Buz\u0103u este convocat \u00een \u015fedin\u0163\u0103 ordinar\u0103 \u00een data de 26 august 2026, ora 12:00<\/h1>\n<p class=\"mh-meta entry-meta\"><span class=\"entry-meta-date updated\"><a href=\"https:\/\/revistaverde.ro\/2026\/08\/\">august 25, 2026<\/a><\/span><span class=\"entry-meta-author author vcard\"><a class=\"fn\" href=\"https:\/\/revistaverde.ro\/author\/revistaverdefrumoasa2017\/\">M\u0103rg\u0103rit GROSU<\/a><\/span><span class=\"entry-meta-categories\"><a href=\"https:\/\/revistaverde.ro\/category\/local\/comunicate-de-presa\/\" rel=\"category tag\">Comunicate de presa<\/a>, <a href=\"https:\/\/revistaverde.ro\/category\/local\/evnimente\/\" rel=\"category tag\">Evenimente<\/a>, <a href=\"https:\/\/revistaverde.ro\/category\/international\/\" rel=\"category tag\">international<\/a><\/span><span class=\"entry-meta-comments\"><a class=\"mh-comment-scroll\" href=\"https:\/\/revistaverde.ro\/2026\/08\/25\/consiliul-judetean-buzau-este-convocat-in-sedinta-ordinara-in-data-de-26-august-2026-ora-1200\/#mh-comments\">0<\/a><\/span><\/p>\n<\/header>\n<div class=\"entry-content mh-clearfix\">\n<figure class=\"entry-thumbnail\"><img decoding=\"async\" src=\"https:\/\/revistaverde.ro\/wp-content\/uploads\/2022\/12\/cj-v.jpg\" alt title=\"cj v\"><\/figure>\n<p>Prin\u00a0<a href=\"http:\/\/cjbuzau.ro\/wp-content\/uploads\/2026\/08\/Dispozitie-26-AUGUST-2026.pdf\" target=\"_blank\" rel=\"noreferrer noopener\">Dispozitia nr. 447 din 19 august 2026<\/a>,\u00a0Consiliul Jude\u021bean Buz\u0103u este convocat \u00een \u015fedin\u0163\u0103 ordinar\u0103 \u00een data de 26 august 2026, ora 12:00.\u00a0<\/p>\n<p>Ordinea de zi:<\/p>\n<p><strong>PROIECTE DE HOT\u0102R\u00c2RE<\/strong><\/p>\n<p><a href=\"http:\/\/cjbuzau.ro\/wp-content\/uploads\/2026\/08\/Proiect-de-hotarare-nr.162-din-2026.pdf\" target=\"_blank\" rel=\"noreferrer noopener\">Proiect de hot\u0103r\u00e2re nr. 162\/2026 pentru aprobarea rectific\u0103rii a VI-a a bugetului propriu al Jude\u0163ului Buz\u0103u pe anul 2026;<\/a><\/p>\n<p><a href=\"http:\/\/cjbuzau.ro\/wp-content\/uploads\/2026\/08\/Proiect-de-hotarare-nr.163-din-2026.pdf\" target=\"_blank\" rel=\"noreferrer noopener\">Proiect de hot\u0103r\u00e2re nr. 163\/2026 pentru aprobarea rectific\u0103rii I a bugetului de venituri \u0219i cheltuieli pe anul 2026 al Centrului \u0218colar de Educa\u021bie Incluziv\u0103 Rm. S\u0103rat;<\/a><\/p>\n<p><a href=\"http:\/\/cjbuzau.ro\/wp-content\/uploads\/2026\/08\/Proiect-de-hotarare-nr.164-din-2026.pdf\" target=\"_blank\" rel=\"noreferrer noopener\">Proiect de hot\u0103r\u00e2re nr. 164\/2026 pentru aprobarea rectific\u0103rii a IV-a a bugetului de venituri \u0219i cheltuieli pe anul 2026 al Direc\u021biei Generale de Asisten\u021b\u0103 Social\u0103 \u015fi Protec\u021bia Copilului Buz\u0103u;<\/a><\/p>\n<p><a href=\"http:\/\/cjbuzau.ro\/wp-content\/uploads\/2026\/08\/Proiect-de-hotarare-nr.165-din-2026.pdf\" target=\"_blank\" rel=\"noreferrer noopener\">Proiect de hot\u0103r\u00e2re nr. 165\/2026 pentru aprobarea rectific\u0103rii sumelor cu titlu de finan\u021bare \u00een anul 2026 a activit\u0103\u021bii cluburilor sportive de drept public \u00eenfiin\u021bate pe raza Unit\u0103\u021bii Administrativ \u2013 Teritoriale \u2013 Jude\u021bul Buz\u0103u \u00een cadrul Programului sportiv de utilitate public\u0103 \u201ePromovarea sportului de performan\u021b\u0103\u201d;<\/a><\/p>\n<p><a href=\"http:\/\/cjbuzau.ro\/wp-content\/uploads\/2026\/08\/Proiect-de-hotarare-nr.166-din-2026.pdf\" target=\"_blank\" rel=\"noreferrer noopener\">Proiect de hot\u0103r\u00e2re nr. 166\/2026 pentru aprobarea bugetului de venituri \u0219i cheltuieli al Centrului de Asisten\u021b\u0103 Medico \u2013 Social\u0103 Pogoanele;<\/a><\/p>\n<p><a href=\"http:\/\/cjbuzau.ro\/wp-content\/uploads\/2026\/08\/Proiect-de-hotarare-nr.161-din-2026-1.pdf\" target=\"_blank\" rel=\"noreferrer noopener\">Proiect de hot\u0103r\u00e2re nr. 161\/2026 pentru modificarea Hot\u0103r\u00e2rii Consiliului Jude\u021bean Buz\u0103u 252\/2025 privind stabilirea taxelor \u0219i tarifelor de nivel jude\u021bean pentru anul 2026;<\/a><\/p>\n<p><a href=\"http:\/\/cjbuzau.ro\/wp-content\/uploads\/2026\/08\/Proiect-de-hotarare-nr.167-din-2026.pdf\" target=\"_blank\" rel=\"noreferrer noopener\">Proiect de hot\u0103r\u00e2re nr. 167\/2026 pentru aprobarea particip\u0103rii Consiliului Jude\u021bean Buz\u0103u \u00een calitate de partener al unor persoane juridice (organiza\u021bii neguvernamentale) \u00een scopul organiz\u0103rii \u0219i desf\u0103\u0219ur\u0103rii unor proiecte de interes public jude\u021bean;<\/a><\/p>\n<p><a href=\"http:\/\/cjbuzau.ro\/wp-content\/uploads\/2026\/08\/Proiect-de-hotarare-nr.168-din-2026.pdf\" target=\"_blank\" rel=\"noreferrer noopener\">Proiect de hot\u0103r\u00e2re nr. 168\/2026 pentru aprobarea co-organiz\u0103rii de c\u0103tre Consiliului Jude\u021bean Buz\u0103u \u0219i Consiliul local al municipiului Rm. S\u0103rat a proiectului cultural \u201eRm. S\u0103rat Art\u201d \u2013 edi\u021bia II, septembrie 2026;<\/a><\/p>\n<p><a href=\"http:\/\/cjbuzau.ro\/wp-content\/uploads\/2026\/08\/Proiect-de-hotarare-nr.169-din-2026.pdf\" target=\"_blank\" rel=\"noreferrer noopener\">Proiect de hot\u0103r\u00e2re nr. 169\/2026 pentru aprobarea cofinan\u021b\u0103rii de c\u0103tre Consiliului Jude\u021bean Buz\u0103u a competi\u021biei sportive interna\u021bionale \u201eHEROES 16\u201d organizat\u0103 de Federa\u021bia Rom\u00e2n\u0103 de Kempo;<\/a><\/p>\n<p><a href=\"http:\/\/cjbuzau.ro\/wp-content\/uploads\/2026\/08\/Proiect-de-hotarare-nr.170-din-2026.pdf\" target=\"_blank\" rel=\"noreferrer noopener\">Proiect de hot\u0103r\u00e2re nr. 170\/2026 pentru aprobarea prelungirii colabor\u0103rii Consiliului Jude\u021bean Buz\u0103u cu Liceul cu Program Sportiv \u201eIolanda Bala\u0219 \u2013 Soter\u201d Buz\u0103u pentru derularea Programului jude\u021bean de preg\u0103tire \u00een sportul de performan\u021b\u0103 pentru copii \u0219i tineri din mediul rural \u0219i \u00een anii \u0219colari 2026 \u2013 2027, 2027 \u2013 2028;<\/a><\/p>\n<p><a href=\"http:\/\/cjbuzau.ro\/wp-content\/uploads\/2026\/08\/Proiect-de-hotarare-nr.171-din-2026.pdf\" target=\"_blank\" rel=\"noreferrer noopener\">Proiect de hot\u0103r\u00e2re nr. 171\/2026 pentru aprobarea Acordului de parteneriat \u00eentre Consiliul Jude\u021bean Buz\u0103u, Asocia\u021bia de Dezvoltare Intercomunitar\u0103 \u201e\u021ainutul Buz\u0103ului\u201d, Universitatea Bucure\u0219ti \u2013 Facultatea de Geologie \u0219i Geofizic\u0103 \u0219i Asocia\u021bia \u201e\u021ainutul Buz\u0103ului\u201d;<\/a><\/p>\n<p><a href=\"http:\/\/cjbuzau.ro\/wp-content\/uploads\/2026\/08\/Proiect-de-hotarare-nr.172-din-2026.pdf\" target=\"_blank\" rel=\"noreferrer noopener\">Proiect de hot\u0103r\u00e2re nr. 172\/2026 pentru modificarea \u0219i completarea art. 2 din Hot\u0103r\u00e2rea Consiliului Jude\u021bean Buz\u0103u nr. 120\/2026 pentru aprobarea efectu\u0103rii \u00een comun a achizi\u021biilor publice cu valoare estimat\u0103 egal\u0103 sau mai mare de 20.000 lei f\u0103r\u0103 TVA\/an, ini\u021biate de institu\u021biile \u0219i serviciile publice subordonate\/coordonate de Consiliul Jude\u021bean Buz\u0103u prin Direc\u021bia achizi\u021bii publice \u0219i contracte din aparatul de specialitate al autorit\u0103\u021bii publice jude\u021bene;<\/a><\/p>\n<p><a href=\"http:\/\/cjbuzau.ro\/wp-content\/uploads\/2026\/08\/Proiect-de-hotarare-nr.173-din-2026.pdf\" target=\"_blank\" rel=\"noreferrer noopener\">Proiect de hot\u0103r\u00e2re nr. 173\/2026 pentru stabilirea \u0219i aprobarea pl\u0103\u021bii unor recompense b\u0103ne\u0219ti aferente unor bunuri arheologice descoperite pe teritoriul jude\u021bului Buz\u0103u de persoane fizice;<\/a><\/p>\n<p><a href=\"http:\/\/cjbuzau.ro\/wp-content\/uploads\/2026\/08\/Proiect-de-hotarare-nr.174-din-2026.pdf\" target=\"_blank\" rel=\"noreferrer noopener\">Proiect de hot\u0103r\u00e2re nr. 174\/2026 privind desemnarea reprezentantului Consiliului Jude\u0163ean Buz\u0103u \u00een Consiliul de Administra\u021bie al Centrului Jude\u0163ean pentru Artele Spectacolului \u015fi Cultur\u0103 \u201eGeorge Ciprian\u201d Buz\u0103u;<\/a><\/p>\n<p><a href=\"http:\/\/cjbuzau.ro\/wp-content\/uploads\/2026\/08\/Proiect-de-hotarare-nr.175-din-2026.pdf\" target=\"_blank\" rel=\"noreferrer noopener\">Proiect de hot\u0103r\u00e2re nr. 175\/2026 privind acordarea unui mandat special reprezentantului Jude\u021bului Buz\u0103u \u00een Adunarea General\u0103 a Asocia\u0163iei de Dezvoltare Intercomunitar\u0103 \u201eBuz\u0103u 2008\u201d s\u0103 voteze aprobarea primirii comunei Gher\u0103seni;<\/a><\/p>\n<p><a href=\"http:\/\/cjbuzau.ro\/wp-content\/uploads\/2026\/08\/Proiect-de-hotarare-nr.176-din-2026.pdf\" target=\"_blank\" rel=\"noreferrer noopener\">Proiect de hot\u0103r\u00e2re nr. 176\/2026 privind aprobarea trecerii din domeniul public al jude\u021bului Buz\u0103u \u00een domeniul public al ora\u0219ului P\u0103t\u00e2rlagele a unui teren \u00een suprafa\u021b\u0103 de 2.153 mp, situat \u00een ora\u0219ul P\u0103t\u00e2rlagele, jude\u021bul Buz\u0103u;<\/a><\/p>\n<p><a href=\"http:\/\/cjbuzau.ro\/wp-content\/uploads\/2026\/08\/Proiect-de-hotarare-nr.177-din-2026.pdf\" target=\"_blank\" rel=\"noreferrer noopener\">Proiect de hot\u0103r\u00e2re nr. 177\/2026 privind aprobarea constituirii unui drept de servitute pe terenul ce apar\u021bine domeniului privat al Jude\u021bului Buz\u0103u, situat \u00een sta\u021biunea S\u0103rata Monteoru, comuna Merei, nr. cadastral 25135, \u00een favoarea SC OMV PETROM SA;<\/a><\/p>\n<p><a href=\"http:\/\/cjbuzau.ro\/wp-content\/uploads\/2026\/08\/Proiect-de-hotarare-nr.178-din-2026.pdf\" target=\"_blank\" rel=\"noreferrer noopener\">Proiect de hot\u0103r\u00e2re nr. 178\/2026 pentru aprobarea solicit\u0103rii de dare \u00een administrarea Consiliului Jude\u021bean Buz\u0103u a unui sector din drumul de interes local DC 59, aflat \u00een administrarea Consiliului Local al comunei Merei;<\/a><\/p>\n<p><a href=\"http:\/\/cjbuzau.ro\/wp-content\/uploads\/2026\/08\/Proiect-de-hotarare-nr.179-din-2026.pdf\" target=\"_blank\" rel=\"noreferrer noopener\">Proiect de hot\u0103r\u00e2re nr. 179\/2026 privind prorogarea termenului stabilit la art. 4 al Hot\u0103r\u00e2rii Consiliului Jude\u0163ean Buz\u0103u nr. 101\/2026 pentru aprobarea \u00eenfiin\u021b\u0103rii Centrului pentru via\u021b\u0103 independent\u0103 pentru persoane adulte cu dizabilit\u0103\u021bi ,,Floare de Tei\u201d \u015fi a Centrului pentru via\u021b\u0103 independent\u0103 pentru persoane adulte cu dizabilit\u0103\u021bi ,,Bucuria\u201d prin reorganizarea Locuin\u021bei maxim protejate ,,Floare de Tei\u201d din cadrul Complexului de servicii pentru persoanele adulte cu dizabilit\u0103\u021bi St\u00e2lpu \u015fi a Locuin\u021bei maxim protejate ,,Bucuria\u201d din cadrul Complexului de servicii pentru persoanele adulte cu dizabilit\u0103\u021bi R\u00e2mnicu S\u0103rat, din structura Direc\u021biei Generale de Asisten\u021b\u0103 Social\u0103 \u015fi Protec\u021bia Copilului Buz\u0103u, precum \u015fi pentru aprobarea regulamentelor de organizare \u015fi func\u021bionare ale acestora;<\/a><\/p>\n<p><a href=\"http:\/\/cjbuzau.ro\/wp-content\/uploads\/2026\/08\/Proiect-de-hotarare-nr.180-din-2026-1.pdf\" target=\"_blank\" rel=\"noreferrer noopener\">Proiect de hot\u0103r\u00e2re nr. 180\/2026 pentru aprobarea documenta\u021biei tehnico-economice \u2013 faza Studiu de Fezabilitate cu elemente de Documenta\u021bie de Avizare a Lucr\u0103rilor de Interven\u021bii, a indicatorilor tehnico \u2013 economici, precum \u0219i a proiectului \u201eValorificarea poten\u021bialului turistic natural \u0219i antropic, pentru dezvoltarea durabil\u0103 a Jude\u021bul Buz\u0103u\u201d, propus spre finan\u021bare \u00een cadrul Programul Regional Sud-Est 2021-2027, Prioritatea 6. O regiune atractiv\u0103, Ac\u021biunea 6.2, Obiectiv specific 5.2. (FEDR), Apel PRSE\/6\/6.2\/1\/2025;<\/a><\/p>\n<p><a href=\"http:\/\/cjbuzau.ro\/wp-content\/uploads\/2026\/08\/Proiect-de-hotarare-nr.181-din-2026.pdf\" target=\"_blank\" rel=\"noreferrer noopener\">Proiect de hot\u0103r\u00e2re nr. 181\/2026 pentru aprobarea documenta\u021biei tehnico-economice \u2013 faza Studiu de Fezabilitate, a indicatorilor tehnico-economici, precum \u0219i a proiectului \u201eAmenajarea infrastructurii turistice specifice \u0219i de promenad\u0103 \u00een scopul valorific\u0103rii poten\u021bialului turistic al punctului de interes \u00abDealul Mur\u0103toarea\u00bb din sta\u021biunea balneoclimateric\u0103 S\u0103rata Monteoru, Jude\u021bul Buz\u0103u\u201d, ce urmeaz\u0103 a fi propus spre finan\u021bare prin Programul Regional Sud-Est 2021-2027, Obiectiv de politic\u0103 5, Prioritatea 6, Obiectiv specific 5.2 Ac\u021biunea 6.2;<\/a><\/p>\n<p><a href=\"http:\/\/cjbuzau.ro\/wp-content\/uploads\/2026\/08\/Proiect-de-hotarare-nr.182-din-2026.pdf\" target=\"_blank\" rel=\"noreferrer noopener\">Proiect de hot\u0103r\u00e2re nr. 182\/2026 pentru aprobarea documenta\u021biei tehnico economice \u2013 faza Proiect Tehnic \u0219i a indicatorilor tehnico-economici pentru \u201eConsolidare \u0219i eficientizare energetic\u0103 a cl\u0103dirii corp C1- Serviciul de Ambulan\u021b\u0103 Jude\u021bean Buz\u0103u\u201d, inclusiv extindere etaj 2 retras \u0219i lucr\u0103ri conexe \u2013 form\u0103 actualizat\u0103;<\/a><\/p>\n<p><a href=\"http:\/\/cjbuzau.ro\/wp-content\/uploads\/2026\/08\/Proiect-de-hotarare-nr.183-din-2026.pdf\" target=\"_blank\" rel=\"noreferrer noopener\">Proiect de hot\u0103r\u00e2re nr. 183\/2026 privind aprobarea formei actualizate II a statului de func\u021bii al Direc\u021biei Jude\u021bene de Eviden\u021b\u0103 a Persoanelor Buz\u0103u aprobat prin Hot\u0103r\u00e2rea Consiliului Jude\u021bean Buz\u0103u nr. 275\/2023;<\/a><\/p>\n<p><a href=\"http:\/\/cjbuzau.ro\/wp-content\/uploads\/2026\/08\/Proiect-de-hotarare-nr.184-din-2026.pdf\" target=\"_blank\" rel=\"noreferrer noopener\">Proiect de hot\u0103r\u00e2re nr. 184\/2026 pentru aprobarea unor modific\u0103ri \u00een statul de func\u021bii al Spitalului Jude\u021bean de Urgen\u021b\u0103 Buz\u0103u;<\/a><\/p>\n<p><a href=\"http:\/\/cjbuzau.ro\/wp-content\/uploads\/2026\/08\/Proiect-de-hotarare-nr.185-din-2026-1.pdf\" target=\"_blank\" rel=\"noreferrer noopener\">Proiect de hot\u0103r\u00e2re nr. 185\/2026 privind modificarea nivelului unor posturi din statul de func\u021bii al Direc\u021biei Generale de Asisten\u021b\u0103 Social\u0103 \u0219i Protec\u021bia Copilului Buz\u0103u;<\/a><\/p>\n<p><a href=\"http:\/\/cjbuzau.ro\/wp-content\/uploads\/2026\/08\/Proiect-de-hotarare-nr.186-din-2026.pdf\" target=\"_blank\" rel=\"noreferrer noopener\">Proiect de hot\u0103r\u00e2re nr. 186\/2026 privind aprobarea organiz\u0103rii concursului de proiecte de management la Biblioteca Jude\u021bean\u0103 \u201eV. Voiculescu\u201d Buz\u0103u;<\/a><\/p>\n<p><a href=\"http:\/\/cjbuzau.ro\/wp-content\/uploads\/2026\/08\/Proiect-de-hotarare-nr.187-din-2026.pdf\" target=\"_blank\" rel=\"noreferrer noopener\">Proiect de hot\u0103r\u00e2re nr. 187\/2026 pentru aprobarea valabilit\u0103\u021bii contractelor de delegare a gestiunii unor activit\u0103\u021bi ale serviciului de administrare a domeniului public \u0219i privat al jude\u021bului Buz\u0103u respectiv de delegare a serviciului de operare a Sta\u021biei \u2013 pilot pentru de\u0219euri din construc\u021bii \u0219i demol\u0103ri prin prelungire termen;<\/a><\/p>\n<p><a href=\"http:\/\/cjbuzau.ro\/wp-content\/uploads\/2026\/08\/Proiect-de-hotarare-nr.188-din-2026.pdf\" target=\"_blank\" rel=\"noreferrer noopener\">Proiect de hot\u0103r\u00e2re nr. 188\/2026 pentru modificarea unor tarife\/pre\u021buri, aprobate prin Hot\u0103r\u00e2rea Consiliului Jude\u021bean Buz\u0103u nr. 12\/2026 pentru presta\u021biile Societ\u0103\u021bii \u201eDomenii Prest Serv\u201d SRL Buz\u0103u \u00een baza contractului de delegare a gestiunii unor activit\u0103\u021bi ale serviciului public de administrare a domeniului public \u0219i privat al Jude\u021bului Buz\u0103u;<\/a><\/p>\n<p><a href=\"http:\/\/cjbuzau.ro\/wp-content\/uploads\/2026\/08\/Proiect-de-hotarare-nr.189-din-2026.pdf\" target=\"_blank\" rel=\"noreferrer noopener\">Proiect de hot\u0103r\u00e2re nr. 189\/2026 pentru stabilirea valorii unitare lei\/km\/loc aferent\u0103 sumei forfetare lunare \u0219i a sumei forfetare pe zi, acordat\u0103 elevilor din jude\u021bul Buz\u0103u care sunt \u0219colariza\u021bi \u00een alt\u0103 localitate dec\u00e2t cea de domiciliu \u0219i nu beneficiaz\u0103 de existen\u021ba serviciilor de transport public, pentru anul \u0219colar 2026 \u2013 2027;<\/a><\/p>\n<p><strong>SUPLIMENTAR<\/strong><\/p>\n<p><a href=\"http:\/\/cjbuzau.ro\/wp-content\/uploads\/2026\/08\/Proiect-de-hotarare-nr.190-din-2026.pdf\" target=\"_blank\" rel=\"noreferrer noopener\">Proiect de hot\u0103r\u00e2re nr. 190\/2026 privind aprobarea utiliz\u0103rii \u00een anul 2026 a excedentului anual al bugetului propriu al jude\u0163ului Buz\u0103u rezultat la \u00eencheierea exerci\u0163iului bugetar la 31 decembrie 2025 \u2013 form\u0103 actualizat\u0103 7;<\/a><\/p>\n<p><a href=\"http:\/\/cjbuzau.ro\/wp-content\/uploads\/2026\/08\/Proiect-de-hotarare-nr.191-din-2026.pdf\" target=\"_blank\" rel=\"noreferrer noopener\">Proiect de hot\u0103r\u00e2re nr. 191\/2026 pentru aprobarea \u0219i stabilirea grilelor de salarizare pentru personalul din cadrul Centrului de Asisten\u021b\u0103 Medico-Social\u0103 Pogoanele;<\/a><\/p>\n<p><a href=\"http:\/\/cjbuzau.ro\/wp-content\/uploads\/2026\/08\/Proiect-de-hotarare-nr.192-din-2026.pdf\" target=\"_blank\" rel=\"noreferrer noopener\">Proiect de hot\u0103r\u00e2re nr. 192\/2026 privind aprobarea formei actualizate a bugetului proiectului \u201eInstalare panouri fotovoltaice pentru producerea energiei din surse regenerabile pentru autoconsum, la UAT Jude\u021bul Buz\u0103u\u201d, cod SMIS 315148, finan\u021bat prin Fondul pentru Modernizare \u00een Rom\u00e2nia.<\/a><\/p>\n<p><a href=\"http:\/\/cjbuzau.ro\/wp-content\/uploads\/2026\/08\/Proiect-de-hotarare-nr.193-din-2026.pdf\" target=\"_blank\" rel=\"noreferrer noopener\">Proiect de hot\u0103r\u00e2re nr. 193\/2026 pentru aprobarea asum\u0103rii de c\u0103tre Consiliul Jude\u021bean Buz\u0103u a unor responsabilit\u0103\u021bi financiare pentru organizarea edi\u021biei 2026 a \u201eUniversit\u0103\u021bii de var\u0103 de la Rm. S\u0103rat\u201d de c\u0103tre Institutul de Investigare a Crimelor Comunismului \u0219i Memoria Exilului Rom\u00e2nesc<\/a><\/p>\n<p><a href=\"http:\/\/cjbuzau.ro\/wp-content\/uploads\/2026\/08\/Proiect-de-hotarare-nr.194-din-2026.pdf\" target=\"_blank\" rel=\"noreferrer noopener\">Proiect de hot\u0103r\u00e2re nr. 194\/2026 pentru aprobarea componen\u021bei comisiei de selec\u021bie \u0219i nominalizare a membrilor Consiliului de Administra\u021bie al Societ\u0103\u021bii \u201eA7 PARC INDUSTRIAL SLAM RAMNIC\u201d\u00a0 S.R.L.<\/a><\/p>\n<div class=\"col-md-2 col-sm-4 col-xs-4\"> .col-md-2 { float:left; width: 16.6667%; } <\/div>\n<div class=\"col-md-2 col-sm-4 col-xs-4\"> .col-md-2 { float:left; width: 16.6667%; } <\/p>\n<div class=\"fb-share-button\" data-href=\"https:\/\/revistaverde.ro\/2026\/08\/25\/consiliul-judetean-buzau-este-convocat-in-sedinta-ordinara-in-data-de-26-august-2026-ora-1200\/\" data-layout=\"button\" data-size=\"large\" data-mobile-iframe=\"true\"><a class=\"fb-xfbml-parse-ignore\" target=\"_blank\" href=\"https:\/\/www.facebook.com\/sharer\/sharer.php?u=https%3A%2F%2Frevistaverde.ro%2F2026%2F08%2F25%2Fconsiliul-judetean-buzau-este-convocat-in-sedinta-ordinara-in-data-de-26-august-2026-ora-1200%2F&amp;src=sdkpreparse\">Share<\/a><\/div>\n<\/div>\n<div class=\"col-md-2 col-sm-4 col-xs-4\"> .col-md-2 { float:left; width: 16.6667%; } <\/div>\n<\/div>\n<\/article>\n<div class=\"entry-content mh-clearfix\">\n<figure class=\"entry-thumbnail\"><img decoding=\"async\" src=\"https:\/\/revistaverde.ro\/wp-content\/uploads\/2022\/12\/cj-v.jpg\" alt title=\"cj v\"><\/figure>\n<p>Prin\u00a0<a href=\"http:\/\/cjbuzau.ro\/wp-content\/uploads\/2026\/08\/Dispozitie-26-AUGUST-2026.pdf\" target=\"_blank\" rel=\"noreferrer noopener\">Dispozitia nr. 447 din 19 august 2026<\/a>,\u00a0Consiliul Jude\u021bean Buz\u0103u este convocat \u00een \u015fedin\u0163\u0103 ordinar\u0103 \u00een data de 26 august 2026, ora 12:00.\u00a0<\/p>\n<p>Ordinea de zi:<\/p>\n<p><strong>PROIECTE DE HOT\u0102R\u00c2RE<\/strong><\/p>\n<p><a href=\"http:\/\/cjbuzau.ro\/wp-content\/uploads\/2026\/08\/Proiect-de-hotarare-nr.162-din-2026.pdf\" target=\"_blank\" rel=\"noreferrer noopener\">Proiect de hot\u0103r\u00e2re nr. 162\/2026 pentru aprobarea rectific\u0103rii a VI-a a bugetului propriu al Jude\u0163ului Buz\u0103u pe anul 2026;<\/a><\/p>\n<p><a href=\"http:\/\/cjbuzau.ro\/wp-content\/uploads\/2026\/08\/Proiect-de-hotarare-nr.163-din-2026.pdf\" target=\"_blank\" rel=\"noreferrer noopener\">Proiect de hot\u0103r\u00e2re nr. 163\/2026 pentru aprobarea rectific\u0103rii I a bugetului de venituri \u0219i cheltuieli pe anul 2026 al Centrului \u0218colar de Educa\u021bie Incluziv\u0103 Rm. S\u0103rat;<\/a><\/p>\n<p><a href=\"http:\/\/cjbuzau.ro\/wp-content\/uploads\/2026\/08\/Proiect-de-hotarare-nr.164-din-2026.pdf\" target=\"_blank\" rel=\"noreferrer noopener\">Proiect de hot\u0103r\u00e2re nr. 164\/2026 pentru aprobarea rectific\u0103rii a IV-a a bugetului de venituri \u0219i cheltuieli pe anul 2026 al Direc\u021biei Generale de Asisten\u021b\u0103 Social\u0103 \u015fi Protec\u021bia Copilului Buz\u0103u;<\/a><\/p>\n<p><a href=\"http:\/\/cjbuzau.ro\/wp-content\/uploads\/2026\/08\/Proiect-de-hotarare-nr.165-din-2026.pdf\" target=\"_blank\" rel=\"noreferrer noopener\">Proiect de hot\u0103r\u00e2re nr. 165\/2026 pentru aprobarea rectific\u0103rii sumelor cu titlu de finan\u021bare \u00een anul 2026 a activit\u0103\u021bii cluburilor sportive de drept public \u00eenfiin\u021bate pe raza Unit\u0103\u021bii Administrativ \u2013 Teritoriale \u2013 Jude\u021bul Buz\u0103u \u00een cadrul Programului sportiv de utilitate public\u0103 \u201ePromovarea sportului de performan\u021b\u0103\u201d;<\/a><\/p>\n<p><a href=\"http:\/\/cjbuzau.ro\/wp-content\/uploads\/2026\/08\/Proiect-de-hotarare-nr.166-din-2026.pdf\" target=\"_blank\" rel=\"noreferrer noopener\">Proiect de hot\u0103r\u00e2re nr. 166\/2026 pentru aprobarea bugetului de venituri \u0219i cheltuieli al Centrului de Asisten\u021b\u0103 Medico \u2013 Social\u0103 Pogoanele;<\/a><\/p>\n<p><a href=\"http:\/\/cjbuzau.ro\/wp-content\/uploads\/2026\/08\/Proiect-de-hotarare-nr.161-din-2026-1.pdf\" target=\"_blank\" rel=\"noreferrer noopener\">Proiect de hot\u0103r\u00e2re nr. 161\/2026 pentru modificarea Hot\u0103r\u00e2rii Consiliului Jude\u021bean Buz\u0103u 252\/2025 privind stabilirea taxelor \u0219i tarifelor de nivel jude\u021bean pentru anul 2026;<\/a><\/p>\n<p><a href=\"http:\/\/cjbuzau.ro\/wp-content\/uploads\/2026\/08\/Proiect-de-hotarare-nr.167-din-2026.pdf\" target=\"_blank\" rel=\"noreferrer noopener\">Proiect de hot\u0103r\u00e2re nr. 167\/2026 pentru aprobarea particip\u0103rii Consiliului Jude\u021bean Buz\u0103u \u00een calitate de partener al unor persoane juridice (organiza\u021bii neguvernamentale) \u00een scopul organiz\u0103rii \u0219i desf\u0103\u0219ur\u0103rii unor proiecte de interes public jude\u021bean;<\/a><\/p>\n<p><a href=\"http:\/\/cjbuzau.ro\/wp-content\/uploads\/2026\/08\/Proiect-de-hotarare-nr.168-din-2026.pdf\" target=\"_blank\" rel=\"noreferrer noopener\">Proiect de hot\u0103r\u00e2re nr. 168\/2026 pentru aprobarea co-organiz\u0103rii de c\u0103tre Consiliului Jude\u021bean Buz\u0103u \u0219i Consiliul local al municipiului Rm. S\u0103rat a proiectului cultural \u201eRm. S\u0103rat Art\u201d \u2013 edi\u021bia II, septembrie 2026;<\/a><\/p>\n<p><a href=\"http:\/\/cjbuzau.ro\/wp-content\/uploads\/2026\/08\/Proiect-de-hotarare-nr.169-din-2026.pdf\" target=\"_blank\" rel=\"noreferrer noopener\">Proiect de hot\u0103r\u00e2re nr. 169\/2026 pentru aprobarea cofinan\u021b\u0103rii de c\u0103tre Consiliului Jude\u021bean Buz\u0103u a competi\u021biei sportive interna\u021bionale \u201eHEROES 16\u201d organizat\u0103 de Federa\u021bia Rom\u00e2n\u0103 de Kempo;<\/a><\/p>\n<p><a href=\"http:\/\/cjbuzau.ro\/wp-content\/uploads\/2026\/08\/Proiect-de-hotarare-nr.170-din-2026.pdf\" target=\"_blank\" rel=\"noreferrer noopener\">Proiect de hot\u0103r\u00e2re nr. 170\/2026 pentru aprobarea prelungirii colabor\u0103rii Consiliului Jude\u021bean Buz\u0103u cu Liceul cu Program Sportiv \u201eIolanda Bala\u0219 \u2013 Soter\u201d Buz\u0103u pentru derularea Programului jude\u021bean de preg\u0103tire \u00een sportul de performan\u021b\u0103 pentru copii \u0219i tineri din mediul rural \u0219i \u00een anii \u0219colari 2026 \u2013 2027, 2027 \u2013 2028;<\/a><\/p>\n<p><a href=\"http:\/\/cjbuzau.ro\/wp-content\/uploads\/2026\/08\/Proiect-de-hotarare-nr.171-din-2026.pdf\" target=\"_blank\" rel=\"noreferrer noopener\">Proiect de hot\u0103r\u00e2re nr. 171\/2026 pentru aprobarea Acordului de parteneriat \u00eentre Consiliul Jude\u021bean Buz\u0103u, Asocia\u021bia de Dezvoltare Intercomunitar\u0103 \u201e\u021ainutul Buz\u0103ului\u201d, Universitatea Bucure\u0219ti \u2013 Facultatea de Geologie \u0219i Geofizic\u0103 \u0219i Asocia\u021bia \u201e\u021ainutul Buz\u0103ului\u201d;<\/a><\/p>\n<p><a href=\"http:\/\/cjbuzau.ro\/wp-content\/uploads\/2026\/08\/Proiect-de-hotarare-nr.172-din-2026.pdf\" target=\"_blank\" rel=\"noreferrer noopener\">Proiect de hot\u0103r\u00e2re nr. 172\/2026 pentru modificarea \u0219i completarea art. 2 din Hot\u0103r\u00e2rea Consiliului Jude\u021bean Buz\u0103u nr. 120\/2026 pentru aprobarea efectu\u0103rii \u00een comun a achizi\u021biilor publice cu valoare estimat\u0103 egal\u0103 sau mai mare de 20.000 lei f\u0103r\u0103 TVA\/an, ini\u021biate de institu\u021biile \u0219i serviciile publice subordonate\/coordonate de Consiliul Jude\u021bean Buz\u0103u prin Direc\u021bia achizi\u021bii publice \u0219i contracte din aparatul de specialitate al autorit\u0103\u021bii publice jude\u021bene;<\/a><\/p>\n<p><a href=\"http:\/\/cjbuzau.ro\/wp-content\/uploads\/2026\/08\/Proiect-de-hotarare-nr.173-din-2026.pdf\" target=\"_blank\" rel=\"noreferrer noopener\">Proiect de hot\u0103r\u00e2re nr. 173\/2026 pentru stabilirea \u0219i aprobarea pl\u0103\u021bii unor recompense b\u0103ne\u0219ti aferente unor bunuri arheologice descoperite pe teritoriul jude\u021bului Buz\u0103u de persoane fizice;<\/a><\/p>\n<p><a href=\"http:\/\/cjbuzau.ro\/wp-content\/uploads\/2026\/08\/Proiect-de-hotarare-nr.174-din-2026.pdf\" target=\"_blank\" rel=\"noreferrer noopener\">Proiect de hot\u0103r\u00e2re nr. 174\/2026 privind desemnarea reprezentantului Consiliului Jude\u0163ean Buz\u0103u \u00een Consiliul de Administra\u021bie al Centrului Jude\u0163ean pentru Artele Spectacolului \u015fi Cultur\u0103 \u201eGeorge Ciprian\u201d Buz\u0103u;<\/a><\/p>\n<p><a href=\"http:\/\/cjbuzau.ro\/wp-content\/uploads\/2026\/08\/Proiect-de-hotarare-nr.175-din-2026.pdf\" target=\"_blank\" rel=\"noreferrer noopener\">Proiect de hot\u0103r\u00e2re nr. 175\/2026 privind acordarea unui mandat special reprezentantului Jude\u021bului Buz\u0103u \u00een Adunarea General\u0103 a Asocia\u0163iei de Dezvoltare Intercomunitar\u0103 \u201eBuz\u0103u 2008\u201d s\u0103 voteze aprobarea primirii comunei Gher\u0103seni;<\/a><\/p>\n<p><a href=\"http:\/\/cjbuzau.ro\/wp-content\/uploads\/2026\/08\/Proiect-de-hotarare-nr.176-din-2026.pdf\" target=\"_blank\" rel=\"noreferrer noopener\">Proiect de hot\u0103r\u00e2re nr. 176\/2026 privind aprobarea trecerii din domeniul public al jude\u021bului Buz\u0103u \u00een domeniul public al ora\u0219ului P\u0103t\u00e2rlagele a unui teren \u00een suprafa\u021b\u0103 de 2.153 mp, situat \u00een ora\u0219ul P\u0103t\u00e2rlagele, jude\u021bul Buz\u0103u;<\/a><\/p>\n<p><a href=\"http:\/\/cjbuzau.ro\/wp-content\/uploads\/2026\/08\/Proiect-de-hotarare-nr.177-din-2026.pdf\" target=\"_blank\" rel=\"noreferrer noopener\">Proiect de hot\u0103r\u00e2re nr. 177\/2026 privind aprobarea constituirii unui drept de servitute pe terenul ce apar\u021bine domeniului privat al Jude\u021bului Buz\u0103u, situat \u00een sta\u021biunea S\u0103rata Monteoru, comuna Merei, nr. cadastral 25135, \u00een favoarea SC OMV PETROM SA;<\/a><\/p>\n<p><a href=\"http:\/\/cjbuzau.ro\/wp-content\/uploads\/2026\/08\/Proiect-de-hotarare-nr.178-din-2026.pdf\" target=\"_blank\" rel=\"noreferrer noopener\">Proiect de hot\u0103r\u00e2re nr. 178\/2026 pentru aprobarea solicit\u0103rii de dare \u00een administrarea Consiliului Jude\u021bean Buz\u0103u a unui sector din drumul de interes local DC 59, aflat \u00een administrarea Consiliului Local al comunei Merei;<\/a><\/p>\n<p><a href=\"http:\/\/cjbuzau.ro\/wp-content\/uploads\/2026\/08\/Proiect-de-hotarare-nr.179-din-2026.pdf\" target=\"_blank\" rel=\"noreferrer noopener\">Proiect de hot\u0103r\u00e2re nr. 179\/2026 privind prorogarea termenului stabilit la art. 4 al Hot\u0103r\u00e2rii Consiliului Jude\u0163ean Buz\u0103u nr. 101\/2026 pentru aprobarea \u00eenfiin\u021b\u0103rii Centrului pentru via\u021b\u0103 independent\u0103 pentru persoane adulte cu dizabilit\u0103\u021bi ,,Floare de Tei\u201d \u015fi a Centrului pentru via\u021b\u0103 independent\u0103 pentru persoane adulte cu dizabilit\u0103\u021bi ,,Bucuria\u201d prin reorganizarea Locuin\u021bei maxim protejate ,,Floare de Tei\u201d din cadrul Complexului de servicii pentru persoanele adulte cu dizabilit\u0103\u021bi St\u00e2lpu \u015fi a Locuin\u021bei maxim protejate ,,Bucuria\u201d din cadrul Complexului de servicii pentru persoanele adulte cu dizabilit\u0103\u021bi R\u00e2mnicu S\u0103rat, din structura Direc\u021biei Generale de Asisten\u021b\u0103 Social\u0103 \u015fi Protec\u021bia Copilului Buz\u0103u, precum \u015fi pentru aprobarea regulamentelor de organizare \u015fi func\u021bionare ale acestora;<\/a><\/p>\n<p><a href=\"http:\/\/cjbuzau.ro\/wp-content\/uploads\/2026\/08\/Proiect-de-hotarare-nr.180-din-2026-1.pdf\" target=\"_blank\" rel=\"noreferrer noopener\">Proiect de hot\u0103r\u00e2re nr. 180\/2026 pentru aprobarea documenta\u021biei tehnico-economice \u2013 faza Studiu de Fezabilitate cu elemente de Documenta\u021bie de Avizare a Lucr\u0103rilor de Interven\u021bii, a indicatorilor tehnico \u2013 economici, precum \u0219i a proiectului \u201eValorificarea poten\u021bialului turistic natural \u0219i antropic, pentru dezvoltarea durabil\u0103 a Jude\u021bul Buz\u0103u\u201d, propus spre finan\u021bare \u00een cadrul Programul Regional Sud-Est 2021-2027, Prioritatea 6. O regiune atractiv\u0103, Ac\u021biunea 6.2, Obiectiv specific 5.2. (FEDR), Apel PRSE\/6\/6.2\/1\/2025;<\/a><\/p>\n<p><a href=\"http:\/\/cjbuzau.ro\/wp-content\/uploads\/2026\/08\/Proiect-de-hotarare-nr.181-din-2026.pdf\" target=\"_blank\" rel=\"noreferrer noopener\">Proiect de hot\u0103r\u00e2re nr. 181\/2026 pentru aprobarea documenta\u021biei tehnico-economice \u2013 faza Studiu de Fezabilitate, a indicatorilor tehnico-economici, precum \u0219i a proiectului \u201eAmenajarea infrastructurii turistice specifice \u0219i de promenad\u0103 \u00een scopul valorific\u0103rii poten\u021bialului turistic al punctului de interes \u00abDealul Mur\u0103toarea\u00bb din sta\u021biunea balneoclimateric\u0103 S\u0103rata Monteoru, Jude\u021bul Buz\u0103u\u201d, ce urmeaz\u0103 a fi propus spre finan\u021bare prin Programul Regional Sud-Est 2021-2027, Obiectiv de politic\u0103 5, Prioritatea 6, Obiectiv specific 5.2 Ac\u021biunea 6.2;<\/a><\/p>\n<p><a href=\"http:\/\/cjbuzau.ro\/wp-content\/uploads\/2026\/08\/Proiect-de-hotarare-nr.182-din-2026.pdf\" target=\"_blank\" rel=\"noreferrer noopener\">Proiect de hot\u0103r\u00e2re nr. 182\/2026 pentru aprobarea documenta\u021biei tehnico economice \u2013 faza Proiect Tehnic \u0219i a indicatorilor tehnico-economici pentru \u201eConsolidare \u0219i eficientizare energetic\u0103 a cl\u0103dirii corp C1- Serviciul de Ambulan\u021b\u0103 Jude\u021bean Buz\u0103u\u201d, inclusiv extindere etaj 2 retras \u0219i lucr\u0103ri conexe \u2013 form\u0103 actualizat\u0103;<\/a><\/p>\n<p><a href=\"http:\/\/cjbuzau.ro\/wp-content\/uploads\/2026\/08\/Proiect-de-hotarare-nr.183-din-2026.pdf\" target=\"_blank\" rel=\"noreferrer noopener\">Proiect de hot\u0103r\u00e2re nr. 183\/2026 privind aprobarea formei actualizate II a statului de func\u021bii al Direc\u021biei Jude\u021bene de Eviden\u021b\u0103 a Persoanelor Buz\u0103u aprobat prin Hot\u0103r\u00e2rea Consiliului Jude\u021bean Buz\u0103u nr. 275\/2023;<\/a><\/p>\n<p><a href=\"http:\/\/cjbuzau.ro\/wp-content\/uploads\/2026\/08\/Proiect-de-hotarare-nr.184-din-2026.pdf\" target=\"_blank\" rel=\"noreferrer noopener\">Proiect de hot\u0103r\u00e2re nr. 184\/2026 pentru aprobarea unor modific\u0103ri \u00een statul de func\u021bii al Spitalului Jude\u021bean de Urgen\u021b\u0103 Buz\u0103u;<\/a><\/p>\n<p><a href=\"http:\/\/cjbuzau.ro\/wp-content\/uploads\/2026\/08\/Proiect-de-hotarare-nr.185-din-2026-1.pdf\" target=\"_blank\" rel=\"noreferrer noopener\">Proiect de hot\u0103r\u00e2re nr. 185\/2026 privind modificarea nivelului unor posturi din statul de func\u021bii al Direc\u021biei Generale de Asisten\u021b\u0103 Social\u0103 \u0219i Protec\u021bia Copilului Buz\u0103u;<\/a><\/p>\n<p><a href=\"http:\/\/cjbuzau.ro\/wp-content\/uploads\/2026\/08\/Proiect-de-hotarare-nr.186-din-2026.pdf\" target=\"_blank\" rel=\"noreferrer noopener\">Proiect de hot\u0103r\u00e2re nr. 186\/2026 privind aprobarea organiz\u0103rii concursului de proiecte de management la Biblioteca Jude\u021bean\u0103 \u201eV. Voiculescu\u201d Buz\u0103u;<\/a><\/p>\n<p><a href=\"http:\/\/cjbuzau.ro\/wp-content\/uploads\/2026\/08\/Proiect-de-hotarare-nr.187-din-2026.pdf\" target=\"_blank\" rel=\"noreferrer noopener\">Proiect de hot\u0103r\u00e2re nr. 187\/2026 pentru aprobarea valabilit\u0103\u021bii contractelor de delegare a gestiunii unor activit\u0103\u021bi ale serviciului de administrare a domeniului public \u0219i privat al jude\u021bului Buz\u0103u respectiv de delegare a serviciului de operare a Sta\u021biei \u2013 pilot pentru de\u0219euri din construc\u021bii \u0219i demol\u0103ri prin prelungire termen;<\/a><\/p>\n<p><a href=\"http:\/\/cjbuzau.ro\/wp-content\/uploads\/2026\/08\/Proiect-de-hotarare-nr.188-din-2026.pdf\" target=\"_blank\" rel=\"noreferrer noopener\">Proiect de hot\u0103r\u00e2re nr. 188\/2026 pentru modificarea unor tarife\/pre\u021buri, aprobate prin Hot\u0103r\u00e2rea Consiliului Jude\u021bean Buz\u0103u nr. 12\/2026 pentru presta\u021biile Societ\u0103\u021bii \u201eDomenii Prest Serv\u201d SRL Buz\u0103u \u00een baza contractului de delegare a gestiunii unor activit\u0103\u021bi ale serviciului public de administrare a domeniului public \u0219i privat al Jude\u021bului Buz\u0103u;<\/a><\/p>\n<p><a href=\"http:\/\/cjbuzau.ro\/wp-content\/uploads\/2026\/08\/Proiect-de-hotarare-nr.189-din-2026.pdf\" target=\"_blank\" rel=\"noreferrer noopener\">Proiect de hot\u0103r\u00e2re nr. 189\/2026 pentru stabilirea valorii unitare lei\/km\/loc aferent\u0103 sumei forfetare lunare \u0219i a sumei forfetare pe zi, acordat\u0103 elevilor din jude\u021bul Buz\u0103u care sunt \u0219colariza\u021bi \u00een alt\u0103 localitate dec\u00e2t cea de domiciliu \u0219i nu beneficiaz\u0103 de existen\u021ba serviciilor de transport public, pentru anul \u0219colar 2026 \u2013 2027;<\/a><\/p>\n<p><strong>SUPLIMENTAR<\/strong><\/p>\n<p><a href=\"http:\/\/cjbuzau.ro\/wp-content\/uploads\/2026\/08\/Proiect-de-hotarare-nr.190-din-2026.pdf\" target=\"_blank\" rel=\"noreferrer noopener\">Proiect de hot\u0103r\u00e2re nr. 190\/2026 privind aprobarea utiliz\u0103rii \u00een anul 2026 a excedentului anual al bugetului propriu al jude\u0163ului Buz\u0103u rezultat la \u00eencheierea exerci\u0163iului bugetar la 31 decembrie 2025 \u2013 form\u0103 actualizat\u0103 7;<\/a><\/p>\n<p><a href=\"http:\/\/cjbuzau.ro\/wp-content\/uploads\/2026\/08\/Proiect-de-hotarare-nr.191-din-2026.pdf\" target=\"_blank\" rel=\"noreferrer noopener\">Proiect de hot\u0103r\u00e2re nr. 191\/2026 pentru aprobarea \u0219i stabilirea grilelor de salarizare pentru personalul din cadrul Centrului de Asisten\u021b\u0103 Medico-Social\u0103 Pogoanele;<\/a><\/p>\n<p><a href=\"http:\/\/cjbuzau.ro\/wp-content\/uploads\/2026\/08\/Proiect-de-hotarare-nr.192-din-2026.pdf\" target=\"_blank\" rel=\"noreferrer noopener\">Proiect de hot\u0103r\u00e2re nr. 192\/2026 privind aprobarea formei actualizate a bugetului proiectului \u201eInstalare panouri fotovoltaice pentru producerea energiei din surse regenerabile pentru autoconsum, la UAT Jude\u021bul Buz\u0103u\u201d, cod SMIS 315148, finan\u021bat prin Fondul pentru Modernizare \u00een Rom\u00e2nia.<\/a><\/p>\n<p><a href=\"http:\/\/cjbuzau.ro\/wp-content\/uploads\/2026\/08\/Proiect-de-hotarare-nr.193-din-2026.pdf\" target=\"_blank\" rel=\"noreferrer noopener\">Proiect de hot\u0103r\u00e2re nr. 193\/2026 pentru aprobarea asum\u0103rii de c\u0103tre Consiliul Jude\u021bean Buz\u0103u a unor responsabilit\u0103\u021bi financiare pentru organizarea edi\u021biei 2026 a \u201eUniversit\u0103\u021bii de var\u0103 de la Rm. S\u0103rat\u201d de c\u0103tre Institutul de Investigare a Crimelor Comunismului \u0219i Memoria Exilului Rom\u00e2nesc<\/a><\/p>\n<p><a href=\"http:\/\/cjbuzau.ro\/wp-content\/uploads\/2026\/08\/Proiect-de-hotarare-nr.194-din-2026.pdf\" target=\"_blank\" rel=\"noreferrer noopener\">Proiect de hot\u0103r\u00e2re nr. 194\/2026 pentru aprobarea componen\u021bei comisiei de selec\u021bie \u0219i nominalizare a membrilor Consiliului de Administra\u021bie al Societ\u0103\u021bii \u201eA7 PARC INDUSTRIAL SLAM RAMNIC\u201d\u00a0 S.R.L.<\/a><\/p>\n<div class=\"col-md-2 col-sm-4 col-xs-4\"> .col-md-2 { float:left; width: 16.6667%; } <\/div>\n<div class=\"col-md-2 col-sm-4 col-xs-4\"> .col-md-2 { float:left; width: 16.6667%; } <\/p>\n<div class=\"fb-share-button\" data-href=\"https:\/\/revistaverde.ro\/2026\/08\/25\/consiliul-judetean-buzau-este-convocat-in-sedinta-ordinara-in-data-de-26-august-2026-ora-1200\/\" data-layout=\"button\" data-size=\"large\" data-mobile-iframe=\"true\"><a class=\"fb-xfbml-parse-ignore\" target=\"_blank\" href=\"https:\/\/www.facebook.com\/sharer\/sharer.php?u=https%3A%2F%2Frevistaverde.ro%2F2026%2F08%2F25%2Fconsiliul-judetean-buzau-este-convocat-in-sedinta-ordinara-in-data-de-26-august-2026-ora-1200%2F&amp;src=sdkpreparse\">Share<\/a><\/div>\n<\/div>\n<div class=\"col-md-2 col-sm-4 col-xs-4\"> .col-md-2 { float:left; width: 16.6667%; } <\/div>\n<\/div>\n<p>[analyse_source url=&#8221;https:\/\/revistaverde.ro\/2026\/08\/25\/consiliul-judetean-buzau-este-convocat-in-sedinta-ordinara-in-data-de-26-august-2026-ora-1200\/&#8221;]<\/p>\n","protected":false},"excerpt":{"rendered":"<p>[analyse_image type=&#8221;featured&#8221; src=&#8221;https:\/\/revistaverde.ro\/wp-content\/uploads\/2022\/12\/cj-v.jpg&#8221;] Consiliul Jude\u021bean Buz\u0103u este convocat \u00een \u015fedin\u0163\u0103 ordinar\u0103 \u00een data de 26 august 2026, ora 12:00 august 25, 2026M\u0103rg\u0103rit GROSUComunicate de presa, Evenimente, international0 Prin\u00a0Dispozitia nr. 447 din 19 august 2026,\u00a0Consiliul Jude\u021bean Buz\u0103u este convocat \u00een \u015fedin\u0163\u0103 ordinar\u0103 \u00een data de 26 august 2026, ora 12:00.\u00a0 Ordinea de zi: PROIECTE DE HOT\u0102R\u00c2RE [&hellip;]<\/p>\n","protected":false},"author":1,"featured_media":0,"comment_status":"open","ping_status":"","sticky":false,"template":"","format":"standard","meta":{"footnotes":""},"categories":[2],"tags":[226,57],"class_list":["post-2111485","post","type-post","status-publish","format-standard","hentry","category-politics","tag-crawlmanager","tag-revistaverde-ro"],"_links":{"self":[{"href":"https:\/\/analyse.optim.biz\/index.php?rest_route=\/wp\/v2\/posts\/2111485","targetHints":{"allow":["GET"]}}],"collection":[{"href":"https:\/\/analyse.optim.biz\/index.php?rest_route=\/wp\/v2\/posts"}],"about":[{"href":"https:\/\/analyse.optim.biz\/index.php?rest_route=\/wp\/v2\/types\/post"}],"author":[{"embeddable":true,"href":"https:\/\/analyse.optim.biz\/index.php?rest_route=\/wp\/v2\/users\/1"}],"replies":[{"embeddable":true,"href":"https:\/\/analyse.optim.biz\/index.php?rest_route=%2Fwp%2Fv2%2Fcomments&post=2111485"}],"version-history":[{"count":0,"href":"https:\/\/analyse.optim.biz\/index.php?rest_route=\/wp\/v2\/posts\/2111485\/revisions"}],"wp:attachment":[{"href":"https:\/\/analyse.optim.biz\/index.php?rest_route=%2Fwp%2Fv2%2Fmedia&parent=2111485"}],"wp:term":[{"taxonomy":"category","embeddable":true,"href":"https:\/\/analyse.optim.biz\/index.php?rest_route=%2Fwp%2Fv2%2Fcategories&post=2111485"},{"taxonomy":"post_tag","embeddable":true,"href":"https:\/\/analyse.optim.biz\/index.php?rest_route=%2Fwp%2Fv2%2Ftags&post=2111485"}],"curies":[{"name":"wp","href":"https:\/\/api.w.org\/{rel}","templated":true}]}}