{"id":2111472,"date":"2026-08-24T21:05:06","date_gmt":"2026-08-24T18:05:06","guid":{"rendered":"https:\/\/analyse.optim.biz\/?p=2111472"},"modified":"2026-08-24T21:05:06","modified_gmt":"2026-08-24T18:05:06","slug":"analiza-care-sunt-destinatiile-favorite-ale-buzoienilor-utilizatori-de-uber","status":"publish","type":"post","link":"https:\/\/analyse.optim.biz\/?p=2111472","title":{"rendered":"Analiz\u0103: Care sunt destina\u021biile favorite ale buzoienilor utilizatori de Uber"},"content":{"rendered":"<p>[analyse_image type=&#8221;featured&#8221; src=&#8221;https:\/\/opiniabuzau.ro\/wp-content\/uploads\/2026\/08\/uber-scaled.webp&#8221;]<\/p>\n<div class=\"entry-content entry clearfix\">\n<blockquote>\n<p><strong>O analiz\u0103 realizat\u0103 de compania Uber pe baza curselor comandate prin aplica\u021bie \u00een primele \u0219ase luni ale anului arat\u0103 c\u0103 restaurantul este locul \u00een care rom\u00e2nii c\u0103l\u0103toresc cel mai des atunci c\u00e2nd apeleaz\u0103 la ride-sharing, \u00een toate cele 39 de ora\u0219e \u00een care este prezent\u0103 aceaast\u0103 platform\u0103.<\/strong><\/p>\n<\/blockquote>\n<p>De asemenea, \u0219colile, spitalele, g\u0103rile \u0219i alte noduri de transport apar frecvent printre cele mai populare categorii, al\u0103turi de magazine \u0219i hoteluri.<\/p>\n<p>Dup\u0103 restaurante, destina\u021biile pot s\u0103 difere \u00een func\u021bie de regiunea \u021b\u0103rii. Astfel, pe locul doi se afl\u0103 \u0219colile \u0219i institu\u021biile de \u00eenv\u0103\u021b\u0103m\u00e2nt peste tot \u00een \u021bar\u0103, mai pu\u021bin \u00een Banat \u0219i Cri\u0219ana, unde a doua cea mai popular\u0103 destina\u021bie este reprezentat\u0103 de sta\u021biile \u0219i nodurile de transport.<\/p>\n<p>Pe locul trei se afl\u0103 magazinele \u00een Moldova, hotelurile \u0219i destina\u021biile de agrement \u00een Dobrogea, \u0219colile \u00een Banat \u0219i Cri\u0219ana \u0219i, respectiv sta\u021biile \u0219i nodurile de transport \u00een Muntenia, Transilvania \u0219i Oltenia.<\/p>\n<p>\u00cen Buz\u0103u ordinea este urm\u0103toarea: restaurante, \u0219colile \u0219i institu\u021biile de \u00eenv\u0103\u021b\u0103m\u00e2nt \u0219i sta\u021biile \u0219i nodurile de trannsport.<\/p>\n<div class=\"stream-item stream-item-in-post stream-item-inline-post aligncenter\"><a href=\"https:\/\/vreaulanova.ro\/?utm_source=opiniabuzau&amp;utm_medium=image\" title target=\"_blank\"><img loading=\"lazy\" decoding=\"async\" data-od-unknown-tag data-od-xpath=\"\/HTML\/BODY\/DIV[@class=&apos;background-overlay&apos;]\/*[1][self::DIV]\/*[1][self::DIV]\/*[4][self::DIV]\/*[1][self::DIV]\/*[1][self::DIV]\/*[2][self::ARTICLE]\/*[3][self::DIV]\/*[7][self::DIV]\/*[1][self::A]\/*[1][self::IMG]\" src=\"https:\/\/opiniabuzau.ro\/wp-content\/smush-webp\/2022\/02\/MicrosoftTeams-image-4-1.jpg.webp\" alt width=\"728\" height=\"91\" class=\"perfmatters-lazy\"><img loading=\"lazy\" decoding=\"async\" data-od-unknown-tag data-od-xpath=\"\/HTML\/BODY\/DIV[@class=&apos;background-overlay&apos;]\/*[1][self::DIV]\/*[1][self::DIV]\/*[4][self::DIV]\/*[1][self::DIV]\/*[1][self::DIV]\/*[2][self::ARTICLE]\/*[3][self::DIV]\/*[7][self::DIV]\/*[1][self::A]\/*[1][self::IMG]\" src=\"https:\/\/opiniabuzau.ro\/wp-content\/smush-webp\/2022\/02\/MicrosoftTeams-image-4-1.jpg.webp\" alt width=\"728\" height=\"91\"><\/a><\/div>\n<h3><strong>Buz\u0103ul prinde via\u021b\u0103 \u00een weekend<\/strong><\/h3>\n<p>\u00cen loc s\u0103 indice un singur tipar de mobilitate la nivel na\u021bional, datele arat\u0103 c\u0103 fiecare ora\u0219 are propriul ritm, influen\u021bat de dimensiunea sa, infrastructur\u0103, via\u021ba social\u0103 \u0219i nevoile cotidiene ale locuitorilor. Una dintre cele mai clare diferen\u021be dintre ora\u0219e este modul \u00een care mobilitatea se schimb\u0103 de la zilele lucr\u0103toare la momentele din weekend.<\/p>\n<p>\u00cen Buz\u0103u se \u00eenregistreaz\u0103 cu 10% mai multe curse \u00een weekend fa\u021b\u0103 de cele din timpul s\u0103pt\u0103m\u00e2nii. Bistri\u021ba \u00eenregistreaz\u0103 cea mai mare cre\u0219tere \u00een weekend, cu o activitate cu aproximativ 22% mai ridicat\u0103 dec\u00e2t \u00een timpul s\u0103pt\u0103m\u00e2nii, iar T\u00e2rgu Mure\u0219 urmeaz\u0103 \u00eendeaproape, cu o cre\u0219tere de aproximativ 20%.<\/p>\n<p>Capitala reprezint\u0103 un tipar foarte diferit. \u00cen timp ce \u00een ora\u0219ele mai mici cursele sunt mai dese, \u00een Bucure\u0219ti num\u0103rul acestora este constat. iferen\u021ba dintre activitatea din weekend \u0219i cea din timpul s\u0103pt\u0103m\u00e2nii este de doar 0,4%, a\u0219adar cererea se men\u021bine aproape constant\u0103 pe tot parcursul s\u0103pt\u0103m\u00e2nii.<\/p>\n<p>Contrastul eviden\u021biaz\u0103 dou\u0103 ritmuri urbane distincte: \u00een unele ora\u0219e mai mici, weekendurile genereaz\u0103 o schimbare vizibil\u0103 a mobilit\u0103\u021bii, \u00een timp ce Capitala \u00ee\u0219i men\u021bine un nivel ridicat de activitate indiferent de zi.<\/p>\n<p><em>\u201eNu exist\u0103 un singur model de mobilitate pentru Rom\u00e2nia, iar serviciile pe care le oferim trebuie s\u0103 reflecte aceast\u0103 diversitate\u201d,<\/em> a declarat Iwona Kruk, communications lead Uber \u2013 Central and Eastern Europe.<\/p>\n<h3><strong>La ora 22.00, ora\u0219ele din Rom\u00e2nia cap\u0103t\u0103 acela\u0219i ritm<\/strong><\/h3>\n<p>\u00cen ciuda diferen\u021belor dintre ora\u0219e, analiza identific\u0103 \u0219i un obicei remarcabil de constant: ora 22:00 este cea mai aglomerat\u0103 or\u0103 a serii \u00een aproape toate ora\u0219ele \u00een care Uber este disponibil.<\/p>\n<p>Tiparul sugereaz\u0103 c\u0103, indiferent de loca\u021bie, acesta este un moment-cheie \u00een care oamenii pleac\u0103 de la restaurante, se \u00eent\u00e2lnesc cu prietenii, se \u00eentorc acas\u0103 sau se deplaseaz\u0103 \u00eentre diferite activit\u0103\u021bi de sear\u0103.<\/p>\n<p>Amploarea activit\u0103\u021bii difer\u0103 \u00eens\u0103 considerabil. Bucure\u0219tiul a \u00eenregistrat peste 701.000 de curse \u00een intervalul de v\u00e2rf, pe parcursul celor \u0219ase luni analizate. A fost urmat de Timi\u0219oara, cu peste 150.000 de curse, Ia\u0219i, cu aproximativ 84.600, \u0219i Cluj-Napoca, cu peste 66.300.<\/p>\n<p>De\u0219i ora de v\u00e2rf este aceea\u0219i, cifrele reflect\u0103 dimensiunile \u0219i nivelurile foarte diferite de activitate ale comunit\u0103\u021bilor urbane din Rom\u00e2nia.<\/p>\n<p><em>\u201eExtinderea Uber \u00een 39 de ora\u0219e \u00eenseamn\u0103 c\u0103 tot mai multe comunit\u0103\u021bi, fiecare cu propriul ritm \u0219i propriile nevoi, au acum acces la o op\u021biune suplimentar\u0103 de mobilitate. Datele arat\u0103 c\u0103 utilizatorii apeleaz\u0103 la aplica\u021bie at\u00e2t pentru activit\u0103\u021bi recreative, c\u00e2t \u0219i pentru deplas\u0103ri esen\u021biale c\u0103tre \u0219coli, spitale, g\u0103ri \u0219i aeroporturi. Nu exist\u0103 un singur model de mobilitate pentru Rom\u00e2nia, iar serviciile pe care le oferim trebuie s\u0103 reflecte aceast\u0103 diversitate\u201d, <\/em>a declarat Iwona Kruk, communications lead Uber \u2013 Central and Eastern Europe.<\/p>\n<\/div>\n<p>[analyse_source url=&#8221;https:\/\/opiniabuzau.ro\/analiza-care-sunt-destinatiile-favorite-ale-buzoienilor-utilizatori-de-uber\/&#8221;]<\/p>\n","protected":false},"excerpt":{"rendered":"<p>[analyse_image type=&#8221;featured&#8221; src=&#8221;https:\/\/opiniabuzau.ro\/wp-content\/uploads\/2026\/08\/uber-scaled.webp&#8221;] O analiz\u0103 realizat\u0103 de compania Uber pe baza curselor comandate prin aplica\u021bie \u00een primele \u0219ase luni ale anului arat\u0103 c\u0103 restaurantul este locul \u00een care rom\u00e2nii c\u0103l\u0103toresc cel mai des atunci c\u00e2nd apeleaz\u0103 la ride-sharing, \u00een toate cele 39 de ora\u0219e \u00een care este prezent\u0103 aceaast\u0103 platform\u0103. De asemenea, \u0219colile, spitalele, g\u0103rile [&hellip;]<\/p>\n","protected":false},"author":1,"featured_media":0,"comment_status":"open","ping_status":"","sticky":false,"template":"","format":"standard","meta":{"footnotes":""},"categories":[2],"tags":[226,44],"class_list":["post-2111472","post","type-post","status-publish","format-standard","hentry","category-politics","tag-crawlmanager","tag-opiniabuzau-ro"],"_links":{"self":[{"href":"https:\/\/analyse.optim.biz\/index.php?rest_route=\/wp\/v2\/posts\/2111472","targetHints":{"allow":["GET"]}}],"collection":[{"href":"https:\/\/analyse.optim.biz\/index.php?rest_route=\/wp\/v2\/posts"}],"about":[{"href":"https:\/\/analyse.optim.biz\/index.php?rest_route=\/wp\/v2\/types\/post"}],"author":[{"embeddable":true,"href":"https:\/\/analyse.optim.biz\/index.php?rest_route=\/wp\/v2\/users\/1"}],"replies":[{"embeddable":true,"href":"https:\/\/analyse.optim.biz\/index.php?rest_route=%2Fwp%2Fv2%2Fcomments&post=2111472"}],"version-history":[{"count":0,"href":"https:\/\/analyse.optim.biz\/index.php?rest_route=\/wp\/v2\/posts\/2111472\/revisions"}],"wp:attachment":[{"href":"https:\/\/analyse.optim.biz\/index.php?rest_route=%2Fwp%2Fv2%2Fmedia&parent=2111472"}],"wp:term":[{"taxonomy":"category","embeddable":true,"href":"https:\/\/analyse.optim.biz\/index.php?rest_route=%2Fwp%2Fv2%2Fcategories&post=2111472"},{"taxonomy":"post_tag","embeddable":true,"href":"https:\/\/analyse.optim.biz\/index.php?rest_route=%2Fwp%2Fv2%2Ftags&post=2111472"}],"curies":[{"name":"wp","href":"https:\/\/api.w.org\/{rel}","templated":true}]}}