{"id":2111469,"date":"2026-08-24T12:51:39","date_gmt":"2026-08-24T09:51:39","guid":{"rendered":"https:\/\/analyse.optim.biz\/?p=2111469"},"modified":"2026-08-24T12:51:39","modified_gmt":"2026-08-24T09:51:39","slug":"deschiderea-autostrazii-moldovei-a-redus-numarul-de-accidente-grave-din-judetul-buzau","status":"publish","type":"post","link":"https:\/\/analyse.optim.biz\/?p=2111469","title":{"rendered":"Deschiderea Autostr\u0103zii Moldovei a redus num\u0103rul de accidente grave din jude\u021bul Buz\u0103u!"},"content":{"rendered":"<p>[analyse_image type=&#8221;featured&#8221; src=&#8221;https:\/\/buzaumedia.ro\/wp-content\/uploads\/2026\/08\/accidente.jpghttps:\/\/buzaumedia.ro\/wp-content\/uploads\/2026\/08\/accidente.jpg&#8221;]<\/p>\n<div class=\"entry-content rbct clearfix is-highlight-shares\">\n<p>Deschiderea Autostr\u0103zii A 7, dar \u0219i controalele \u0219i amenzile Poli\u021biei,<br \/>\nau redus num\u0103rul accidentelor grave, din jude\u021bul Buz\u0103u. Cel pu\u021bin asta<br \/>\narat\u0103 datele Inspectoratului de Poli\u021bie, potrivit c\u0103rora, \u00een primele<br \/>\n\u0219ase luni ale anului 2026, au fost \u00eenregistrate 17 accidente grave de<br \/>\ncircula\u021bie, fa\u021b\u0103 de 20, \u00een prima jum\u0103tate a anului trecut. \u00cen urma<br \/>\nacestor accidente, 8 persoane \u0219i-au pierdut via\u021ba, iar 11 au fost<br \/>\nr\u0103nite grav.<br \/>\nEste de remarcat nu doar o sc\u0103derea a num\u0103rului de persoane r\u0103nite<br \/>\ngrav, ci \u0219i al celor decedate \u00een accidente de circula\u021bie. Dac\u0103 \u00een<br \/>\nprimul semestru al anului 2025, \u00een accidente au fost r\u0103nite grav 15<br \/>\npersoane, \u00een prima jum\u0103tate a acestui an au fost r\u0103nite grav 11. De<br \/>\nasemenea, \u00een acest an \u0219i-au pierdut via\u021ba 8 persoane, cu 3 mai pu\u021bine<br \/>\nfa\u0163\u0103 de aceea\u0219i perioad\u0103 a anului precedent. Potrivit reprezentan\u021bilor<br \/>\nIPJ Buz\u0103u, viteza excesiv\u0103 r\u0103m\u00e2ne principala cauz\u0103 a accidentelor de<br \/>\npe \u0219oselele jude\u021bului. Alte cauze vizeaz\u0103 indisciplina bicicli\u0219tilor,<br \/>\npietonilor \u0219i a utilizatorilor de trotinete.<br \/>\nReprezentan\u021bii IPJ Buz\u0103u precizeaz\u0103 c\u0103, \u00een prima jum\u0103tate a acestui<br \/>\nan, agen\u021bii rutieri au re\u021binut 1.351 de permise de conducere \u0219i au<br \/>\nretras 764 de certificate de \u00eenmatriculare. De asemenea, peste 100 de<br \/>\n\u0219oferi au fost prin\u0219i b\u0103u\u021bi la volan.<\/p>\n<div id=\"gallery-1\" class=\"gallery galleryid-189334 gallery-columns-3 gallery-size-thumbnail\">\n<figure class=\"gallery-item\">\n<div class=\"gallery-icon landscape\"><a href=\"https:\/\/buzaumedia.ro\/stiri-buzau\/fwd-deschiderea-autostrazii-moldovei-a-redus-numarul-de-accidente-grave-din-judetul-buzau\/attachment\/accidente-4\/\"><img loading=\"lazy\" decoding=\"async\" width=\"128\" height=\"72\" src=\"https:\/\/buzaumedia.ro\/wp-content\/uploads\/2026\/08\/accidente.jpg\" class=\"attachment-thumbnail size-thumbnail\" alt><\/a><\/div>\n<\/figure>\n<\/div>\n<\/div>\n<p>[analyse_source url=&#8221;https:\/\/buzaumedia.ro\/stiri-buzau\/fwd-deschiderea-autostrazii-moldovei-a-redus-numarul-de-accidente-grave-din-judetul-buzau\/&#8221;]<\/p>\n","protected":false},"excerpt":{"rendered":"<p>[analyse_image type=&#8221;featured&#8221; src=&#8221;https:\/\/buzaumedia.ro\/wp-content\/uploads\/2026\/08\/accidente.jpghttps:\/\/buzaumedia.ro\/wp-content\/uploads\/2026\/08\/accidente.jpg&#8221;] Deschiderea Autostr\u0103zii A 7, dar \u0219i controalele \u0219i amenzile Poli\u021biei, au redus num\u0103rul accidentelor grave, din jude\u021bul Buz\u0103u. Cel pu\u021bin asta arat\u0103 datele Inspectoratului de Poli\u021bie, potrivit c\u0103rora, \u00een primele \u0219ase luni ale anului 2026, au fost \u00eenregistrate 17 accidente grave de circula\u021bie, fa\u021b\u0103 de 20, \u00een prima jum\u0103tate a anului trecut. [&hellip;]<\/p>\n","protected":false},"author":1,"featured_media":0,"comment_status":"open","ping_status":"","sticky":false,"template":"","format":"standard","meta":{"footnotes":""},"categories":[2],"tags":[66,226],"class_list":["post-2111469","post","type-post","status-publish","format-standard","hentry","category-politics","tag-buzaumedia-ro","tag-crawlmanager"],"_links":{"self":[{"href":"https:\/\/analyse.optim.biz\/index.php?rest_route=\/wp\/v2\/posts\/2111469","targetHints":{"allow":["GET"]}}],"collection":[{"href":"https:\/\/analyse.optim.biz\/index.php?rest_route=\/wp\/v2\/posts"}],"about":[{"href":"https:\/\/analyse.optim.biz\/index.php?rest_route=\/wp\/v2\/types\/post"}],"author":[{"embeddable":true,"href":"https:\/\/analyse.optim.biz\/index.php?rest_route=\/wp\/v2\/users\/1"}],"replies":[{"embeddable":true,"href":"https:\/\/analyse.optim.biz\/index.php?rest_route=%2Fwp%2Fv2%2Fcomments&post=2111469"}],"version-history":[{"count":0,"href":"https:\/\/analyse.optim.biz\/index.php?rest_route=\/wp\/v2\/posts\/2111469\/revisions"}],"wp:attachment":[{"href":"https:\/\/analyse.optim.biz\/index.php?rest_route=%2Fwp%2Fv2%2Fmedia&parent=2111469"}],"wp:term":[{"taxonomy":"category","embeddable":true,"href":"https:\/\/analyse.optim.biz\/index.php?rest_route=%2Fwp%2Fv2%2Fcategories&post=2111469"},{"taxonomy":"post_tag","embeddable":true,"href":"https:\/\/analyse.optim.biz\/index.php?rest_route=%2Fwp%2Fv2%2Ftags&post=2111469"}],"curies":[{"name":"wp","href":"https:\/\/api.w.org\/{rel}","templated":true}]}}