{"id":2111466,"date":"2026-08-24T12:51:47","date_gmt":"2026-08-24T09:51:47","guid":{"rendered":"https:\/\/analyse.optim.biz\/?p=2111466"},"modified":"2026-08-24T12:51:47","modified_gmt":"2026-08-24T09:51:47","slug":"noi-restrictii-pe-drumul-national-buzau-brasov-la-lunca-priporului","status":"publish","type":"post","link":"https:\/\/analyse.optim.biz\/?p=2111466","title":{"rendered":"Noi restric\u021bii pe Drumul Na\u021bional Buz\u0103u-Bra\u0219ov, la Lunca Priporului!"},"content":{"rendered":"<p>[analyse_image type=&#8221;featured&#8221; src=&#8221;https:\/\/buzaumedia.ro\/wp-content\/uploads\/2026\/08\/surpare.jpeghttps:\/\/buzaumedia.ro\/wp-content\/uploads\/2026\/08\/surpare.jpeg&#8221;]<\/p>\n<div class=\"entry-content rbct clearfix is-highlight-shares\">\n<p>Au fost impuse noi restric\u021bii de circula\u021bie pe Drumul Na\u021bional 10, \u00een<br \/>\njude\u021bul Buz\u0103u. Din cauza unei conducte de ap\u0103 sparte, Direc\u021bia<br \/>\nRegional\u0103 de Drumuri \u0219i Poduri Buz\u0103u a instituit restric\u021bii de<br \/>\ncircula\u021bie pe \u0219osea, pe sensul de mers c\u0103tre Bra\u0219ov, \u00een Lunca<br \/>\nPriporului, ora\u0219ul Nehoiu.<br \/>\nConducta Companiei de Ap\u0103 s-a spart vineri, iar cantitatea mare de ap\u0103<br \/>\nscurs\u0103 a surpat solul, afect\u00e2nd \u0219i \u0219oseaua. Cum drumul este surpat pe<br \/>\no bun\u0103 por\u021biune, iar traficul rutier \u00een zon\u0103 este \u00een pericol, DRDP<br \/>\nBuz\u0103u a luat m\u0103suri, p\u00e2n\u0103 c\u00e2nd \u0219oseaua va fi reparat\u0103. Astfel, \u00een zona<br \/>\nafectat\u0103 circula\u021bia rutier\u0103 se desf\u0103\u0219oar\u0103 alternativ, pe un singur<br \/>\nsens, semaforizat.<br \/>\nReprezentan\u021bii DRDP Buz\u0103u \u00eei sf\u0103tuiesc pe \u0219oferii care ajung \u00een zona<br \/>\nefectat\u0103 s\u0103 circule cu vitez\u0103 redus\u0103, s\u0103 respecte semaforizarea \u0219i<br \/>\nindica\u021biile rutiere, s\u0103 p\u0103streze distan\u021b\u0103 fa\u021b\u0103 de celelalte ma\u0219ini \u0219i<br \/>\ns\u0103 aib\u0103 r\u0103bdare, chiar dac\u0103 vor avea \u00eent\u00e2rzieri \u00een trafic!<\/p>\n<div id=\"gallery-1\" class=\"gallery galleryid-189336 gallery-columns-3 gallery-size-thumbnail\">\n<figure class=\"gallery-item\">\n<div class=\"gallery-icon landscape\"><a href=\"https:\/\/buzaumedia.ro\/stiri-buzau\/fwd-noi-restrictii-pe-drumul-national-buzau-brasov-la-lunca-priporului\/attachment\/surpare\/\"><img loading=\"lazy\" decoding=\"async\" width=\"128\" height=\"72\" src=\"https:\/\/buzaumedia.ro\/wp-content\/uploads\/2026\/08\/surpare.jpeg\" class=\"attachment-thumbnail size-thumbnail\" alt><img decoding=\"async\" loading=\"lazy\" width=\"128\" height=\"72\" src=\"https:\/\/buzaumedia.ro\/wp-content\/uploads\/2026\/08\/surpare.jpeg\" class=\"attachment-thumbnail size-thumbnail\" alt><\/a><\/div>\n<\/figure>\n<\/div>\n<\/div>\n<p>[analyse_source url=&#8221;https:\/\/buzaumedia.ro\/stiri-buzau\/fwd-noi-restrictii-pe-drumul-national-buzau-brasov-la-lunca-priporului\/&#8221;]<\/p>\n","protected":false},"excerpt":{"rendered":"<p>[analyse_image type=&#8221;featured&#8221; src=&#8221;https:\/\/buzaumedia.ro\/wp-content\/uploads\/2026\/08\/surpare.jpeghttps:\/\/buzaumedia.ro\/wp-content\/uploads\/2026\/08\/surpare.jpeg&#8221;] Au fost impuse noi restric\u021bii de circula\u021bie pe Drumul Na\u021bional 10, \u00een jude\u021bul Buz\u0103u. Din cauza unei conducte de ap\u0103 sparte, Direc\u021bia Regional\u0103 de Drumuri \u0219i Poduri Buz\u0103u a instituit restric\u021bii de circula\u021bie pe \u0219osea, pe sensul de mers c\u0103tre Bra\u0219ov, \u00een Lunca Priporului, ora\u0219ul Nehoiu. Conducta Companiei de Ap\u0103 s-a spart [&hellip;]<\/p>\n","protected":false},"author":1,"featured_media":0,"comment_status":"open","ping_status":"","sticky":false,"template":"","format":"standard","meta":{"footnotes":""},"categories":[2],"tags":[66,226],"class_list":["post-2111466","post","type-post","status-publish","format-standard","hentry","category-politics","tag-buzaumedia-ro","tag-crawlmanager"],"_links":{"self":[{"href":"https:\/\/analyse.optim.biz\/index.php?rest_route=\/wp\/v2\/posts\/2111466","targetHints":{"allow":["GET"]}}],"collection":[{"href":"https:\/\/analyse.optim.biz\/index.php?rest_route=\/wp\/v2\/posts"}],"about":[{"href":"https:\/\/analyse.optim.biz\/index.php?rest_route=\/wp\/v2\/types\/post"}],"author":[{"embeddable":true,"href":"https:\/\/analyse.optim.biz\/index.php?rest_route=\/wp\/v2\/users\/1"}],"replies":[{"embeddable":true,"href":"https:\/\/analyse.optim.biz\/index.php?rest_route=%2Fwp%2Fv2%2Fcomments&post=2111466"}],"version-history":[{"count":0,"href":"https:\/\/analyse.optim.biz\/index.php?rest_route=\/wp\/v2\/posts\/2111466\/revisions"}],"wp:attachment":[{"href":"https:\/\/analyse.optim.biz\/index.php?rest_route=%2Fwp%2Fv2%2Fmedia&parent=2111466"}],"wp:term":[{"taxonomy":"category","embeddable":true,"href":"https:\/\/analyse.optim.biz\/index.php?rest_route=%2Fwp%2Fv2%2Fcategories&post=2111466"},{"taxonomy":"post_tag","embeddable":true,"href":"https:\/\/analyse.optim.biz\/index.php?rest_route=%2Fwp%2Fv2%2Ftags&post=2111466"}],"curies":[{"name":"wp","href":"https:\/\/api.w.org\/{rel}","templated":true}]}}