{"id":2111464,"date":"2026-08-23T21:05:23","date_gmt":"2026-08-23T18:05:23","guid":{"rendered":"https:\/\/analyse.optim.biz\/?p=2111464"},"modified":"2026-08-23T21:05:23","modified_gmt":"2026-08-23T18:05:23","slug":"asigurarea-medicala-privata-devine-o-prioritate-pentru-familiile-active","status":"publish","type":"post","link":"https:\/\/analyse.optim.biz\/?p=2111464","title":{"rendered":"Asigurarea medical\u0103 privat\u0103 devine o prioritate pentru familiile active"},"content":{"rendered":"<p>[analyse_image type=&#8221;featured&#8221; src=&#8221;https:\/\/opiniabuzau.ro\/wp-content\/uploads\/2026\/08\/medihelp-banner26-scaled.webp&#8221;]<\/p>\n<div class=\"entry-content entry clearfix\">\n<p>Un copil face febr\u0103 39 \u00eentr-o duminic\u0103 seara, iar p\u0103rin\u021bii descoper\u0103 c\u0103 singura op\u021biune real\u0103 este camera de gard\u0103 a unui spital jude\u021bean, unde a\u0219teptarea trece de patru ore. Scenariul acesta nu \u021bine de ghinion, ci de felul \u00een care func\u021bioneaz\u0103 accesul la medicin\u0103 \u00een Rom\u00e2nia pentru o familie care lucreaz\u0103, are program, are termene \u0219i nu \u00ee\u0219i permite s\u0103 piard\u0103 zile \u00eentregi prin sistem.<\/p>\n<p>Tocmai de aceea asigurarea medical\u0103 privat\u0103 a \u00eencetat s\u0103 mai fie un lux discutat teoretic \u0219i a devenit o decizie luat\u0103 din calcul. Familiile active nu caut\u0103 servicii mai scumpe, ci timp c\u00e2\u0219tigat \u0219i certitudinea c\u0103, atunci c\u00e2nd se \u00eent\u00e2mpl\u0103 ceva serios, u\u0219a se deschide imediat. C\u00e2t se a\u0219teapt\u0103, c\u00e2t cost\u0103 am\u00e2narea \u0219i ce acoperire r\u0103m\u00e2ne disponibil\u0103 atunci c\u00e2nd diagnosticul cere mai mult dec\u00e2t poate oferi un cabinet din ora\u0219 sunt lucrurile despre care speciali\u0219tii\u00a0<a href=\"https:\/\/www.medihelp.ro\/de-aici-incepem?visit_type=2\" target=\"_blank\" rel=\"noopener\">MediHelp<\/a>\u00a0v\u0103 spun mai multe \u00een r\u00e2ndurile care urmeaz\u0103.<\/p>\n<h3>C\u00e2t a\u0219teapt\u0103 o familie din Rom\u00e2nia pentru o consulta\u021bie de specialitate<\/h3>\n<p>O familie din Rom\u00e2nia a\u0219teapt\u0103 frecvent \u00eentre c\u00e2teva s\u0103pt\u0103m\u00e2ni \u0219i o lun\u0103 pentru o consulta\u021bie de specialitate \u00een sistemul public, iar drumul \u00eencepe rar cu o programare \u0219i aproape \u00eentotdeauna cu un bilet de trimitere. Orele libere cad fix \u00een intervalul \u00een care ambii p\u0103rin\u021bi sunt la munc\u0103. Se iau zile de concediu pentru o investiga\u021bie de treizeci de minute, se face naveta \u00eentre ora\u0219e pentru o ecografie, iar copilul lipse\u0219te de la \u0219coal\u0103 pentru un control care putea fi rezolvat \u00eentr-o diminea\u021b\u0103. \u00cen ritmul acesta, decizia de a am\u00e2na nu vine din nep\u0103sare. Vine din epuizare, iar epuizarea este exact momentul \u00een care o problem\u0103 mic\u0103 prinde timp s\u0103 creasc\u0103.<\/p>\n<h3>Am\u00e2narea unui control cost\u0103 mai mult dec\u00e2t o consulta\u021bie pl\u0103tit\u0103<\/h3>\n<p>Diferen\u021ba dintre o problem\u0103 depistat\u0103 devreme \u0219i una descoperit\u0103 t\u00e2rziu se m\u0103soar\u0103 \u00een bani \u0219i \u00een luni de tratament. O consulta\u021bie privat\u0103 la care ajungi \u00een dou\u0103 zile cost\u0103 c\u00e2t o cin\u0103 \u00een ora\u0219. O interven\u021bie care devine necesar\u0103 pentru c\u0103 ai l\u0103sat simptomul s\u0103 evolueze \u0219ase luni cost\u0103 de o sut\u0103 de ori mai mult, iar recuperarea \u00ee\u021bi scoate din calendar s\u0103pt\u0103m\u00e2ni \u00eentregi. Familiile active fac acest calcul din ce \u00een ce mai des \u0219i ajung la aceea\u0219i concluzie: abonamentul la o clinic\u0103 rezolv\u0103 rutina, controalele anuale \u0219i analizele, dar se opre\u0219te exact acolo unde \u00eencepe partea grea. O\u00a0<a href=\"https:\/\/www.medihelp.ro\/asigurare-medicala-privata\" target=\"_blank\" rel=\"noopener\">asigurare medical\u0103 privat\u0103<\/a>\u00a0acoper\u0103 tocmai zona pe care nimeni nu o bugeteaz\u0103 dinainte, spitalizarea, interven\u021bia chirurgical\u0103 \u0219i tratamentul de lung\u0103 durat\u0103.<\/p>\n<h3>Ce se \u00eent\u00e2mpl\u0103 c\u00e2nd diagnosticul dep\u0103\u0219e\u0219te ce se poate trata \u00een Rom\u00e2nia<\/h3>\n<p>Exist\u0103 interven\u021bii care pur \u0219i simplu nu se fac la noi, iar atunci pacientul pleac\u0103 \u00een Germania, Austria sau Italia. Statul rom\u00e2n acoper\u0103 o parte din aceste cazuri prin formularul S2, \u00eens\u0103 mecanismul func\u021bioneaz\u0103 pe un calendar propriu. Potrivit Casei Na\u021bionale de Asigur\u0103ri de S\u0103n\u0103tate, citat\u0103 de \u0218tirile ProTV, termenul de plat\u0103 c\u0103tre spitalul din str\u0103in\u0103tate este de 18 luni de la primirea facturii, iar dac\u0103 factura este contestat\u0103 se mai adaug\u0103 \u00eenc\u0103 18 luni. La finalul lui octombrie 2024, datoria acumulat\u0103 c\u0103tre clinicile din afara \u021b\u0103rii dep\u0103\u0219ea 218 milioane de euro. Sumele arat\u0103 c\u00e2t cost\u0103, de fapt, un tratament complex peste grani\u021b\u0103. Rom\u00e2nia a cheltuit peste 11,6 milioane de euro doar pentru pacien\u021bii cu arsuri grave trata\u021bi \u00een clinici europene, conform datelor CNAS citate de Rom\u00e2nia Liber\u0103, iar \u00een 2023 \u0219i 2024 au fost trimi\u0219i \u00een total 39 de pacien\u021bi. O familie care ajunge \u00een aceast\u0103 situa\u021bie f\u0103r\u0103 o acoperire proprie descoper\u0103 c\u0103 diferen\u021ba dintre a pleca imediat \u0219i a a\u0219tepta aprob\u0103ri se num\u0103r\u0103 \u00een s\u0103pt\u0103m\u00e2ni.<\/p>\n<div class=\"stream-item stream-item-in-post stream-item-inline-post aligncenter\"><a href=\"https:\/\/vreaulanova.ro\/?utm_source=opiniabuzau&amp;utm_medium=image\" title target=\"_blank\"><img loading=\"lazy\" decoding=\"async\" data-od-unknown-tag data-od-xpath=\"\/HTML\/BODY\/DIV[@class=&apos;background-overlay&apos;]\/*[1][self::DIV]\/*[1][self::DIV]\/*[4][self::DIV]\/*[1][self::DIV]\/*[1][self::DIV]\/*[2][self::ARTICLE]\/*[3][self::DIV]\/*[10][self::DIV]\/*[1][self::A]\/*[1][self::IMG]\" src=\"https:\/\/opiniabuzau.ro\/wp-content\/smush-webp\/2022\/02\/MicrosoftTeams-image-4-1.jpg.webp\" alt width=\"728\" height=\"91\" class=\"perfmatters-lazy\"><img loading=\"lazy\" decoding=\"async\" data-od-unknown-tag data-od-xpath=\"\/HTML\/BODY\/DIV[@class=&apos;background-overlay&apos;]\/*[1][self::DIV]\/*[1][self::DIV]\/*[4][self::DIV]\/*[1][self::DIV]\/*[1][self::DIV]\/*[2][self::ARTICLE]\/*[3][self::DIV]\/*[10][self::DIV]\/*[1][self::A]\/*[1][self::IMG]\" src=\"https:\/\/opiniabuzau.ro\/wp-content\/smush-webp\/2022\/02\/MicrosoftTeams-image-4-1.jpg.webp\" alt width=\"728\" height=\"91\"><\/a><\/div>\n<h3>De ce familiile active aleg o asigurare medical\u0103 privat\u0103 cu acoperire interna\u021bional\u0103<\/h3>\n<p>O\u00a0<a href=\"https:\/\/www.medihelp.ro\/asigurare-medicala-privata\" target=\"_blank\" rel=\"noopener\">asigurare medical\u0103 privat\u0103 cu acoperire interna\u021bional\u0103<\/a>\u00a0rezolv\u0103 exact partea pe care nici abonamentul la clinic\u0103, nici sistemul public nu o acoper\u0103 rapid: accesul la tratament \u00een afara \u021b\u0103rii, f\u0103r\u0103 dosare \u0219i f\u0103r\u0103 liste de a\u0219teptare. MediHelp, \u00een parteneriat cu Allianz-\u021airiac, ofer\u0103 prin My Global Health cinci niveluri de acoperire, de la Blue p\u00e2n\u0103 la Royal, care includ spitalizare, interven\u021bii chirurgicale \u0219i tratamente complexe \u00een clinici din Europa \u0219i din \u00eentreaga lume. Familia alege nivelul potrivit bugetului, iar \u00een momentul unui diagnostic serios nu mai are de negociat cu nimeni termenul la care \u00eencepe tratamentul.<\/p>\n<p>S\u0103n\u0103tatea unei familii active se m\u0103soar\u0103 \u00een timpul pe care \u00eel are la dispozi\u021bie c\u00e2nd apare o problem\u0103. Costul unei asigur\u0103ri este cunoscut dinainte \u0219i se pl\u0103te\u0219te lunar. Costul lipsei ei se afl\u0103 abia \u00een ziua \u00een care nu mai poate fi negociat nimic. Diferen\u021ba dintre cele dou\u0103 se vede o singur\u0103 dat\u0103, dar se vede complet.<\/p>\n<p>Surse:<\/p>\n<ul>\n<li>\u0218tirile ProTV, datoria de 218 milioane de euro \u0219i termenele de plat\u0103:<a href=\"https:\/\/stirileprotv.ro\/stiri\/sanatate\/romania-datoreaza-spitalelor-din-strainatate-218-de-milioane-euro-pentru-serviciile-medicale-pe-care-pacientii-le-au-primit.html\">\u00a0https:\/\/stirileprotv.ro\/stiri\/sanatate\/romania-datoreaza-spitalelor-din-strainatate-218-de-milioane-euro-pentru-serviciile-medicale-pe-care-pacientii-le-au-primit.html<\/a><\/li>\n<li>Rom\u00e2nia Liber\u0103, cheltuielile pentru pacien\u021bii cu arsuri grave:<a href=\"https:\/\/romanialibera.ro\/la-zi\/romania-plateste-scump-lipsa-unui-centru-pentru-marii-arsi-peste-11-milioane-de-euro-cheltuiti-pe-tratamente-in-strainatate\/\">\u00a0https:\/\/romanialibera.ro\/la-zi\/romania-plateste-scump-lipsa-unui-centru-pentru-marii-arsi-peste-11-milioane-de-euro-cheltuiti-pe-tratamente-in-strainatate\/<\/a><\/li>\n<\/ul>\n<\/div>\n<p>[analyse_source url=&#8221;https:\/\/opiniabuzau.ro\/asigurarea-medicala-privata-devine-o-prioritate-pentru-familiile-active\/&#8221;]<\/p>\n","protected":false},"excerpt":{"rendered":"<p>[analyse_image type=&#8221;featured&#8221; src=&#8221;https:\/\/opiniabuzau.ro\/wp-content\/uploads\/2026\/08\/medihelp-banner26-scaled.webp&#8221;] Un copil face febr\u0103 39 \u00eentr-o duminic\u0103 seara, iar p\u0103rin\u021bii descoper\u0103 c\u0103 singura op\u021biune real\u0103 este camera de gard\u0103 a unui spital jude\u021bean, unde a\u0219teptarea trece de patru ore. Scenariul acesta nu \u021bine de ghinion, ci de felul \u00een care func\u021bioneaz\u0103 accesul la medicin\u0103 \u00een Rom\u00e2nia pentru o familie care lucreaz\u0103, are [&hellip;]<\/p>\n","protected":false},"author":1,"featured_media":0,"comment_status":"open","ping_status":"","sticky":false,"template":"","format":"standard","meta":{"footnotes":""},"categories":[2],"tags":[226,44],"class_list":["post-2111464","post","type-post","status-publish","format-standard","hentry","category-politics","tag-crawlmanager","tag-opiniabuzau-ro"],"_links":{"self":[{"href":"https:\/\/analyse.optim.biz\/index.php?rest_route=\/wp\/v2\/posts\/2111464","targetHints":{"allow":["GET"]}}],"collection":[{"href":"https:\/\/analyse.optim.biz\/index.php?rest_route=\/wp\/v2\/posts"}],"about":[{"href":"https:\/\/analyse.optim.biz\/index.php?rest_route=\/wp\/v2\/types\/post"}],"author":[{"embeddable":true,"href":"https:\/\/analyse.optim.biz\/index.php?rest_route=\/wp\/v2\/users\/1"}],"replies":[{"embeddable":true,"href":"https:\/\/analyse.optim.biz\/index.php?rest_route=%2Fwp%2Fv2%2Fcomments&post=2111464"}],"version-history":[{"count":0,"href":"https:\/\/analyse.optim.biz\/index.php?rest_route=\/wp\/v2\/posts\/2111464\/revisions"}],"wp:attachment":[{"href":"https:\/\/analyse.optim.biz\/index.php?rest_route=%2Fwp%2Fv2%2Fmedia&parent=2111464"}],"wp:term":[{"taxonomy":"category","embeddable":true,"href":"https:\/\/analyse.optim.biz\/index.php?rest_route=%2Fwp%2Fv2%2Fcategories&post=2111464"},{"taxonomy":"post_tag","embeddable":true,"href":"https:\/\/analyse.optim.biz\/index.php?rest_route=%2Fwp%2Fv2%2Ftags&post=2111464"}],"curies":[{"name":"wp","href":"https:\/\/api.w.org\/{rel}","templated":true}]}}